{"id":64270,"date":"2026-05-05T09:05:48","date_gmt":"2026-05-05T12:05:48","guid":{"rendered":"https:\/\/guialimeira.com.br\/camara-tera-campanha-de-conscientizacao-sobre-prevencao-de-doencas-por-meio-do-esporte\/"},"modified":"2026-05-05T09:05:48","modified_gmt":"2026-05-05T12:05:48","slug":"camara-tera-campanha-de-conscientizacao-sobre-prevencao-de-doencas-por-meio-do-esporte","status":"publish","type":"post","link":"https:\/\/guialimeira.com.br\/news\/camara-tera-campanha-de-conscientizacao-sobre-prevencao-de-doencas-por-meio-do-esporte\/","title":{"rendered":"C\u00e2mara ter\u00e1 campanha de conscientiza\u00e7\u00e3o sobre preven\u00e7\u00e3o de doen\u00e7as por meio do esporte"},"content":{"rendered":"<p>C\u00e2mara ter\u00e1 campanha de conscientiza\u00e7\u00e3o sobre preven\u00e7\u00e3o de doen\u00e7as por meio do esporte<\/p>\n<p>A C\u00e2mara Municipal de Limeira ter\u00e1 uma campanha permanente para conscientiza\u00e7\u00e3o e preven\u00e7\u00e3o de doen\u00e7as por meio da pr\u00e1tica esportiva. \u00c9 o que determina o Projeto de Resolu\u00e7\u00e3o N\u00ba 32\/2025, de autoria do vereador Costa Junior (Podemos), aprovado na sess\u00e3o ordin\u00e1ria desta segunda-feira, 4 de maio. A finalidade, segundo o parlamentar, \u00e9 promover a\u00e7\u00f5es educativas e motivacionais voltadas para a melhoria da qualidade de vida da popula\u00e7\u00e3o.<\/p>\n<p>Conforme o texto, a campanha tem como objetivo incentivar a pr\u00e1tica regular de atividade f\u00edsica, promover a conscientiza\u00e7\u00e3o sobre os benef\u00edcios do esporte para a sa\u00fade f\u00edsica e mental, estimular a participa\u00e7\u00e3o da comunidade em eventos e programas esportivos organizados ou apoiados pela C\u00e2mara e incentivar eventos esportivos municipais, como caminhadas, corridas, torneios e atividades recreativas.<\/p>\n<p>\u201cA cria\u00e7\u00e3o de uma campanha permanente, apoiada pelo Poder Legislativo, possibilitar\u00e1 a realiza\u00e7\u00e3o de a\u00e7\u00f5es educativas, eventos esportivos e parcerias com institui\u00e7\u00f5es e profissionais da \u00e1rea, fomentando uma cultura de vida saud\u00e1vel no Munic\u00edpio. Tais iniciativas contribuem para a redu\u00e7\u00e3o de gastos com sa\u00fade p\u00fablica a m\u00e9dio e longo prazo, ao mesmo tempo em que estimulam a popula\u00e7\u00e3o a adotar h\u00e1bitos ben\u00e9ficos para sua qualidade de vida\u201d, justificou Costa Junior.<\/p>\n<hr>\n<p><em>Fonte: <a href=\"https:\/\/www.limeira.sp.leg.br\/noticias\/view\/2026-05-05_camara-tera-campanha-de-conscientizacao-sobre-prevencao-de-doencas-por-meio-do-esporte\" target=\"_blank\" rel=\"noopener\">C\u00e2mara Municipal de Limeira<\/a><\/em><\/p>\n","protected":false},"excerpt":{"rendered":"<p>C\u00e2mara ter\u00e1 campanha de conscientiza\u00e7\u00e3o sobre preven\u00e7\u00e3o de doen\u00e7as por meio do esporte<\/p>\n<p>A C\u00e2mara Municipal de Limeira ter\u00e1 uma campanha permanente para conscientiza\u00e7\u00e3o e preven\u00e7\u00e3o de doen\u00e7as por meio da pr\u00e1tica esportiva. \u00c9 o que determina o Projeto de Resolu\u00e7\u00e3o N\u00ba 32\/2025, de autoria do vereador Co<\/p>\n","protected":false},"author":4,"featured_media":64269,"comment_status":"","ping_status":"open","sticky":false,"template":"","format":"standard","meta":{"_jetpack_newsletter_access":"","_jetpack_dont_email_post_to_subs":false,"_jetpack_newsletter_tier_id":0,"_jetpack_memberships_contains_paywalled_content":false,"_mbp_banners":[],"_jetpack_feature_clip_id":0,"_jetpack_memberships_contains_paid_content":false,"footnotes":"","jetpack_publicize_message":"","jetpack_publicize_feature_enabled":true,"jetpack_social_post_already_shared":true,"jetpack_social_options":{"image_generator_settings":{"template":"highway","default_image_id":0,"font":"","enabled":false},"version":2},"jetpack_post_was_ever_published":false},"categories":[19],"tags":[],"class_list":["post-64270","post","type-post","status-publish","format-standard","has-post-thumbnail","category-politica"],"jetpack_publicize_connections":[],"jetpack-related-posts":[],"jetpack_shortlink":"https:\/\/wp.me\/p7Eq1F-gIC","jetpack_sharing_enabled":true,"jetpack_featured_media_url":"https:\/\/i0.wp.com\/guialimeira.com.br\/news\/wp-content\/uploads\/2026\/05\/noticia-camara-10.jpg?fit=1280%2C640&ssl=1","_links":{"self":[{"href":"https:\/\/guialimeira.com.br\/news\/wp-json\/wp\/v2\/posts\/64270","targetHints":{"allow":["GET"]}}],"collection":[{"href":"https:\/\/guialimeira.com.br\/news\/wp-json\/wp\/v2\/posts"}],"about":[{"href":"https:\/\/guialimeira.com.br\/news\/wp-json\/wp\/v2\/types\/post"}],"author":[{"embeddable":true,"href":"https:\/\/guialimeira.com.br\/news\/wp-json\/wp\/v2\/users\/4"}],"replies":[{"embeddable":true,"href":"https:\/\/guialimeira.com.br\/news\/wp-json\/wp\/v2\/comments?post=64270"}],"version-history":[{"count":0,"href":"https:\/\/guialimeira.com.br\/news\/wp-json\/wp\/v2\/posts\/64270\/revisions"}],"wp:featuredmedia":[{"embeddable":true,"href":"https:\/\/guialimeira.com.br\/news\/wp-json\/wp\/v2\/media\/64269"}],"wp:attachment":[{"href":"https:\/\/guialimeira.com.br\/news\/wp-json\/wp\/v2\/media?parent=64270"}],"wp:term":[{"taxonomy":"category","embeddable":true,"href":"https:\/\/guialimeira.com.br\/news\/wp-json\/wp\/v2\/categories?post=64270"},{"taxonomy":"post_tag","embeddable":true,"href":"https:\/\/guialimeira.com.br\/news\/wp-json\/wp\/v2\/tags?post=64270"}],"curies":[{"name":"wp","href":"https:\/\/api.w.org\/{rel}","templated":true}]}}