{"id":64268,"date":"2026-05-05T09:00:55","date_gmt":"2026-05-05T12:00:55","guid":{"rendered":"https:\/\/guialimeira.com.br\/em-atendimento-a-reivindicacoes-camara-aprova-projeto-que-dispoe-sobre-conselho-tutelar\/"},"modified":"2026-05-05T09:00:55","modified_gmt":"2026-05-05T12:00:55","slug":"em-atendimento-a-reivindicacoes-camara-aprova-projeto-que-dispoe-sobre-conselho-tutelar","status":"publish","type":"post","link":"https:\/\/guialimeira.com.br\/news\/em-atendimento-a-reivindicacoes-camara-aprova-projeto-que-dispoe-sobre-conselho-tutelar\/","title":{"rendered":"Em atendimento a reivindica\u00e7\u00f5es, C\u00e2mara aprova projeto que disp\u00f5e sobre Conselho Tutelar"},"content":{"rendered":"<p>Em atendimento a reivindica\u00e7\u00f5es, C\u00e2mara aprova projeto que disp\u00f5e sobre Conselho Tutelar<\/p>\n<p>Buscando atender reivindica\u00e7\u00f5es dos conselheiros tutelares, a C\u00e2mara Municipal de Limeira aprovou o Projeto de Lei N\u00ba 41\/2026, de autoria do vereador Everton Ferreira (PSD), que modifica e acrescenta dispositivos na Lei Ordin\u00e1ria N\u00ba 2.729\/1995, que disp\u00f5e sobre a pol\u00edtica municipal de atendimento dos direitos da crian\u00e7a e do adolescente, cria o Conselho Municipal e o Conselho Tutelar e institui o Fundo Municipal.<\/p>\n<p>Entre as principais altera\u00e7\u00f5es est\u00e1 a regulamenta\u00e7\u00e3o do regime de sobreaviso dos conselheiros, bem como a possibilidade de substitui\u00e7\u00e3o do conselheiro pelo suplente em casos de necessidade de aus\u00eancia por mais de 15 dias, al\u00e9m da previs\u00e3o de um Regimento Interno \u00fanico ao Conselho Tutelar da cidade e a permiss\u00e3o de parcelamento de f\u00e9rias em at\u00e9 dois per\u00edodos ao ano, com m\u00ednimo de dez dias.<\/p>\n<p>\u201cA atua\u00e7\u00e3o do Conselho Tutelar exige disponibilidade permanente e resposta c\u00e9lere diante de viola\u00e7\u00f5es ou amea\u00e7as a direitos de crian\u00e7as e adolescentes. Muitas destas viola\u00e7\u00f5es ocorrem nos finais de semana, feriados e ap\u00f3s o hor\u00e1rio de expediente dos conselheiros, raz\u00e3o pela qual o sistema de plant\u00e3o \u00e9 vital. Todavia, \u00e9 preciso regulamenta\u00e7\u00e3o espec\u00edfica para que n\u00e3o haja inseguran\u00e7a jur\u00eddica, sobrecarga de trabalho e risco institucional\u201d, justificou o autor.<\/p>\n<p>O projeto aprovado segue para aprecia\u00e7\u00e3o do prefeito Murilo F\u00e9lix (Podemos) para san\u00e7\u00e3o ou veto. Se sancionado, ser\u00e1 promulgado e publicado no Jornal Oficial do Munic\u00edpio e passa a ser lei.<\/p>\n<hr>\n<p><em>Fonte: <a href=\"https:\/\/www.limeira.sp.leg.br\/noticias\/view\/2026-05-05_em-atendimento-a-reivindicacoes-camara-aprova-projeto-que-dispoe-sobre-conselho-tutelar\" target=\"_blank\" rel=\"noopener\">C\u00e2mara Municipal de Limeira<\/a><\/em><\/p>\n","protected":false},"excerpt":{"rendered":"<p>Em atendimento a reivindica\u00e7\u00f5es, C\u00e2mara aprova projeto que disp\u00f5e sobre Conselho Tutelar<\/p>\n<p>Buscando atender reivindica\u00e7\u00f5es dos conselheiros tutelares, a C\u00e2mara Municipal de Limeira aprovou o Projeto de Lei N\u00ba 41\/2026, de autoria do vereador Everton Ferreira (PSD), que modifica e acrescenta dispositiv<\/p>\n","protected":false},"author":4,"featured_media":64267,"comment_status":"","ping_status":"open","sticky":false,"template":"","format":"standard","meta":{"_jetpack_newsletter_access":"","_jetpack_dont_email_post_to_subs":false,"_jetpack_newsletter_tier_id":0,"_jetpack_memberships_contains_paywalled_content":false,"_mbp_banners":[],"_jetpack_feature_clip_id":0,"_jetpack_memberships_contains_paid_content":false,"footnotes":"","jetpack_publicize_message":"","jetpack_publicize_feature_enabled":true,"jetpack_social_post_already_shared":true,"jetpack_social_options":{"image_generator_settings":{"template":"highway","default_image_id":0,"font":"","enabled":false},"version":2},"jetpack_post_was_ever_published":false},"categories":[19],"tags":[],"class_list":["post-64268","post","type-post","status-publish","format-standard","has-post-thumbnail","category-politica"],"jetpack_publicize_connections":[],"jetpack-related-posts":[],"jetpack_shortlink":"https:\/\/wp.me\/p7Eq1F-gIA","jetpack_sharing_enabled":true,"jetpack_featured_media_url":"https:\/\/i0.wp.com\/guialimeira.com.br\/news\/wp-content\/uploads\/2026\/05\/noticia-camara-9.jpg?fit=1280%2C640&ssl=1","_links":{"self":[{"href":"https:\/\/guialimeira.com.br\/news\/wp-json\/wp\/v2\/posts\/64268","targetHints":{"allow":["GET"]}}],"collection":[{"href":"https:\/\/guialimeira.com.br\/news\/wp-json\/wp\/v2\/posts"}],"about":[{"href":"https:\/\/guialimeira.com.br\/news\/wp-json\/wp\/v2\/types\/post"}],"author":[{"embeddable":true,"href":"https:\/\/guialimeira.com.br\/news\/wp-json\/wp\/v2\/users\/4"}],"replies":[{"embeddable":true,"href":"https:\/\/guialimeira.com.br\/news\/wp-json\/wp\/v2\/comments?post=64268"}],"version-history":[{"count":0,"href":"https:\/\/guialimeira.com.br\/news\/wp-json\/wp\/v2\/posts\/64268\/revisions"}],"wp:featuredmedia":[{"embeddable":true,"href":"https:\/\/guialimeira.com.br\/news\/wp-json\/wp\/v2\/media\/64267"}],"wp:attachment":[{"href":"https:\/\/guialimeira.com.br\/news\/wp-json\/wp\/v2\/media?parent=64268"}],"wp:term":[{"taxonomy":"category","embeddable":true,"href":"https:\/\/guialimeira.com.br\/news\/wp-json\/wp\/v2\/categories?post=64268"},{"taxonomy":"post_tag","embeddable":true,"href":"https:\/\/guialimeira.com.br\/news\/wp-json\/wp\/v2\/tags?post=64268"}],"curies":[{"name":"wp","href":"https:\/\/api.w.org\/{rel}","templated":true}]}}