{"id":64266,"date":"2026-05-05T08:55:53","date_gmt":"2026-05-05T11:55:53","guid":{"rendered":"https:\/\/guialimeira.com.br\/camara-aprova-homenagem-a-sonia-maria-regis-dantas-asbahr\/"},"modified":"2026-05-05T08:55:53","modified_gmt":"2026-05-05T11:55:53","slug":"camara-aprova-homenagem-a-sonia-maria-regis-dantas-asbahr","status":"publish","type":"post","link":"https:\/\/guialimeira.com.br\/news\/camara-aprova-homenagem-a-sonia-maria-regis-dantas-asbahr\/","title":{"rendered":"C\u00e2mara aprova homenagem a S\u00f4nia Maria Regis Dantas Asbahr"},"content":{"rendered":"<p>C\u00e2mara aprova homenagem a S\u00f4nia Maria Regis Dantas Asbahr<\/p>\n<p>Na sess\u00e3o ordin\u00e1ria desta segunda-feira, 4 de maio, a C\u00e2mara Municipal de Limeira aprovou o Projeto de Decreto Legislativo N\u00ba 45\/2025, de autoria do vereador Dr. Marcelo Rossi (MDB), que concede o Diploma de Gratid\u00e3o da Cidade de Limeira e a Medalha de M\u00e9rito C\u00edvico 15 de Setembro \u201cOrdem de Tatuibi\u201d a S\u00f4nia Maria Regis Dantas Asbahr pelos servi\u00e7os prestados a Limeira. Por meio da proposi\u00e7\u00e3o, os parlamentares reconhecem os servi\u00e7os prestados pela homenageada, principalmente pelos 65 anos de trabalho volunt\u00e1rio.<\/p>\n<p>S\u00f4nia Maria Regis Dantas Asbahr nasceu em Salvador (BA) em 28 de outubro de 1946. A professora de educa\u00e7\u00e3o f\u00edsica e pedagoga, se formou pela faculdade de educa\u00e7\u00e3o f\u00edsica de S\u00e3o Carlos em 1968 e pela faculdade de filosofia e letras de S\u00e3o Caetano do Sul em 1985.<\/p>\n<p>\u201cA vida da professora e atleta S\u00f4nia Dantas \u00e9 um exemplo genu\u00edno de trabalho volunt\u00e1rio incans\u00e1vel e exemplar de extrema relev\u00e2ncia em nossa cidade\u201d, descreveu o vereador na proposi\u00e7\u00e3o. A homenageada atuou em grupos de dan\u00e7aterapia, arteterapia, teatroterapia, cantoterapia, fisioterapia, amor e equil\u00edbrio e m\u00e3os dadas, juntamente da irm\u00e3 Solange Dantas.<\/p>\n<p>Por 14 anos tamb\u00e9m atuou no grupo de terceira idade Vivendo a Vida, no sal\u00e3o da Igreja Presbiteriana. Atualmente, se dedica ao grupo do Centro do Professorado Paulista (CPP), que se re\u00fane no Jardim Campos El\u00edseos, bem como ao grupo AtivarVidas do C\u00edrculo dos Trabalhadores Crist\u00e3os (CTC), na Boa Vista.<\/p>\n<p>S\u00f4nia Dantas, conforme o texto legislativo, desenvolveu a\u00e7\u00f5es diversas em prol de fam\u00edlias em situa\u00e7\u00e3o de vulnerabilidade, liderou arrecada\u00e7\u00f5es, organizou bazares beneficentes, participou de campanhas de grande alcance e h\u00e1 anos auxilia a Pastoral da Crian\u00e7a com doa\u00e7\u00e3o de fraldas.<\/p>\n<p>A professora e atleta ainda coleciona medalhas e trof\u00e9us, pratica v\u00f4lei adaptado com Gl\u00e1ucia Buhl. Nos \u00faltimos Jogos Regionais da Terceira Idade (JOMI), em S\u00e3o Jo\u00e3o da Boa Vista, conquistou a medalha de ouro, e em outubro de 2025, a medalha de bronze no Arremesso de Peso nos Jogos da Melhor Idade, na categoria 75+.<\/p>\n<hr>\n<p><em>Fonte: <a href=\"https:\/\/www.limeira.sp.leg.br\/noticias\/view\/2026-05-05_camara-aprova-homenagem-a-sonia-maria-regis-dantas-asbahr\" target=\"_blank\" rel=\"noopener\">C\u00e2mara Municipal de Limeira<\/a><\/em><\/p>\n","protected":false},"excerpt":{"rendered":"<p>C\u00e2mara aprova homenagem a S\u00f4nia Maria Regis Dantas Asbahr<\/p>\n<p>Na sess\u00e3o ordin\u00e1ria desta segunda-feira, 4 de maio, a C\u00e2mara Municipal de Limeira aprovou o Projeto de Decreto Legislativo N\u00ba 45\/2025, de autoria do vereador Dr. Marcelo Rossi (MDB), que concede o Diploma de Gratid\u00e3o da Cidade de Limeira e a<\/p>\n","protected":false},"author":4,"featured_media":64265,"comment_status":"","ping_status":"open","sticky":false,"template":"","format":"standard","meta":{"_jetpack_newsletter_access":"","_jetpack_dont_email_post_to_subs":false,"_jetpack_newsletter_tier_id":0,"_jetpack_memberships_contains_paywalled_content":false,"_mbp_banners":[],"_jetpack_feature_clip_id":0,"_jetpack_memberships_contains_paid_content":false,"footnotes":"","jetpack_publicize_message":"","jetpack_publicize_feature_enabled":true,"jetpack_social_post_already_shared":true,"jetpack_social_options":{"image_generator_settings":{"template":"highway","default_image_id":0,"font":"","enabled":false},"version":2},"jetpack_post_was_ever_published":false},"categories":[19],"tags":[],"class_list":["post-64266","post","type-post","status-publish","format-standard","has-post-thumbnail","category-politica"],"jetpack_publicize_connections":[],"jetpack-related-posts":[],"jetpack_shortlink":"https:\/\/wp.me\/p7Eq1F-gIy","jetpack_sharing_enabled":true,"jetpack_featured_media_url":"https:\/\/i0.wp.com\/guialimeira.com.br\/news\/wp-content\/uploads\/2026\/05\/noticia-camara-8.jpg?fit=1280%2C640&ssl=1","_links":{"self":[{"href":"https:\/\/guialimeira.com.br\/news\/wp-json\/wp\/v2\/posts\/64266","targetHints":{"allow":["GET"]}}],"collection":[{"href":"https:\/\/guialimeira.com.br\/news\/wp-json\/wp\/v2\/posts"}],"about":[{"href":"https:\/\/guialimeira.com.br\/news\/wp-json\/wp\/v2\/types\/post"}],"author":[{"embeddable":true,"href":"https:\/\/guialimeira.com.br\/news\/wp-json\/wp\/v2\/users\/4"}],"replies":[{"embeddable":true,"href":"https:\/\/guialimeira.com.br\/news\/wp-json\/wp\/v2\/comments?post=64266"}],"version-history":[{"count":0,"href":"https:\/\/guialimeira.com.br\/news\/wp-json\/wp\/v2\/posts\/64266\/revisions"}],"wp:featuredmedia":[{"embeddable":true,"href":"https:\/\/guialimeira.com.br\/news\/wp-json\/wp\/v2\/media\/64265"}],"wp:attachment":[{"href":"https:\/\/guialimeira.com.br\/news\/wp-json\/wp\/v2\/media?parent=64266"}],"wp:term":[{"taxonomy":"category","embeddable":true,"href":"https:\/\/guialimeira.com.br\/news\/wp-json\/wp\/v2\/categories?post=64266"},{"taxonomy":"post_tag","embeddable":true,"href":"https:\/\/guialimeira.com.br\/news\/wp-json\/wp\/v2\/tags?post=64266"}],"curies":[{"name":"wp","href":"https:\/\/api.w.org\/{rel}","templated":true}]}}