{"id":64206,"date":"2026-05-04T18:10:10","date_gmt":"2026-05-04T21:10:10","guid":{"rendered":"https:\/\/guialimeira.com.br\/?p=64206"},"modified":"2026-05-04T18:10:10","modified_gmt":"2026-05-04T21:10:10","slug":"rua-do-velorio-sera-recapeada-prefeita-anuncia-pacote-com-mais-de-10-recapes-prefeitura-municipal-de-cordeiropolis","status":"publish","type":"post","link":"https:\/\/guialimeira.com.br\/news\/rua-do-velorio-sera-recapeada-prefeita-anuncia-pacote-com-mais-de-10-recapes-prefeitura-municipal-de-cordeiropolis\/","title":{"rendered":"Rua do Vel\u00f3rio ser\u00e1 recapeada; prefeita anuncia pacote com mais de 10 recapes \u2013 Prefeitura Municipal de Cordeir\u00f3polis"},"content":{"rendered":"<p> <br \/>\n<\/p>\n<div>\n<p>A prefeita Cristina Saad anunciou nesta segunda-feira (4) um pacote de recapeamento de mais de dez ruas de Cordeir\u00f3polis, com um investimento total de aproximadamente R$ 1 milh\u00e3o \u2013 recursos estaduais e federais de emendas parlamentares. A primeira revitaliza\u00e7\u00e3o vi\u00e1ria come\u00e7a nesta ter\u00e7a-feira (5) na Rua Dr. Silvio Moreira.<\/p>\n<p>O recape da rua do Vel\u00f3rio tem investimento de aproximadamente R$ 270 mil, de uma emenda do deputado federal Alexandre Leite. \u201cAgrade\u00e7o a parceria do deputado com nossa cidade. O recape dessa rua ser\u00e1 muito importante para melhorar a mobilidade dessa regi\u00e3o, que precisava h\u00e1 um bom tempo\u201d, afirmou a prefeita Cristina Saad.<\/p>\n<p>Por conta da obra, a rua ser\u00e1 interditada a partir das 7h desta ter\u00e7a e ficar\u00e1 fechada durante o per\u00edodo dos trabalhos. A rota alternativa \u00e9 utilizar a Rua do Barro Preto. As altera\u00e7\u00f5es estar\u00e3o sinalizadas.<\/p>\n<p><strong>Pacote<\/strong><\/p>\n<p>O pacote de recapeamento anunciado pela prefeita inclui mais de dez vias. Al\u00e9m da rua do Vel\u00f3rio, est\u00e3o inclusas ruas do Jardim Cordeiro e do Jardim Progresso, al\u00e9m da Rua Jos\u00e9 Rodrigues Neto. \u201c\u00c9 um grande investimento que estamos fazendo ao longo dos pr\u00f3ximos meses na recupera\u00e7\u00e3o das vias p\u00fablicas de Cordeir\u00f3polis\u201d, destacou Cristina Saad.<\/p>\n<\/p><\/div>\n<p><br \/>\n<br \/><a href=\"https:\/\/www.cordeiropolis.sp.gov.br\/rua-do-velorio-sera-recapeada-prefeita-anuncia-pacote-com-mais-de-10-recapes\/\" rel=\"noopener\">Informa\u00e7\u00f5es Cordeir\u00f3polis <\/a><\/p>\n","protected":false},"excerpt":{"rendered":"<p>A prefeita Cristina Saad anunciou nesta segunda-feira (4) um pacote de recapeamento de mais de dez ruas de Cordeir\u00f3polis, com um investimento total de aproximadamente R$ 1 milh\u00e3o \u2013 recursos estaduais e federais de emendas parlamentares. A primeira revitaliza\u00e7\u00e3o vi\u00e1ria come\u00e7a nesta ter\u00e7a-feira (5) na Rua Dr. Silvio Moreira. O recape da rua do Vel\u00f3rio [&hellip;]<\/p>\n","protected":false},"author":1,"featured_media":0,"comment_status":"closed","ping_status":"open","sticky":false,"template":"","format":"standard","meta":{"_jetpack_newsletter_access":"","_jetpack_dont_email_post_to_subs":false,"_jetpack_newsletter_tier_id":0,"_jetpack_memberships_contains_paywalled_content":false,"_mbp_banners":[],"_jetpack_feature_clip_id":0,"_jetpack_memberships_contains_paid_content":false,"footnotes":"","jetpack_publicize_message":"","jetpack_publicize_feature_enabled":true,"jetpack_social_post_already_shared":true,"jetpack_social_options":{"image_generator_settings":{"template":"highway","default_image_id":0,"font":"","enabled":false},"version":2},"jetpack_post_was_ever_published":false},"categories":[20],"tags":[],"class_list":["post-64206","post","type-post","status-publish","format-standard","category-regiao"],"jetpack_publicize_connections":[],"jetpack-related-posts":[],"jetpack_shortlink":"https:\/\/wp.me\/p7Eq1F-gHA","jetpack_sharing_enabled":true,"jetpack_featured_media_url":"","_links":{"self":[{"href":"https:\/\/guialimeira.com.br\/news\/wp-json\/wp\/v2\/posts\/64206","targetHints":{"allow":["GET"]}}],"collection":[{"href":"https:\/\/guialimeira.com.br\/news\/wp-json\/wp\/v2\/posts"}],"about":[{"href":"https:\/\/guialimeira.com.br\/news\/wp-json\/wp\/v2\/types\/post"}],"author":[{"embeddable":true,"href":"https:\/\/guialimeira.com.br\/news\/wp-json\/wp\/v2\/users\/1"}],"replies":[{"embeddable":true,"href":"https:\/\/guialimeira.com.br\/news\/wp-json\/wp\/v2\/comments?post=64206"}],"version-history":[{"count":1,"href":"https:\/\/guialimeira.com.br\/news\/wp-json\/wp\/v2\/posts\/64206\/revisions"}],"predecessor-version":[{"id":64207,"href":"https:\/\/guialimeira.com.br\/news\/wp-json\/wp\/v2\/posts\/64206\/revisions\/64207"}],"wp:attachment":[{"href":"https:\/\/guialimeira.com.br\/news\/wp-json\/wp\/v2\/media?parent=64206"}],"wp:term":[{"taxonomy":"category","embeddable":true,"href":"https:\/\/guialimeira.com.br\/news\/wp-json\/wp\/v2\/categories?post=64206"},{"taxonomy":"post_tag","embeddable":true,"href":"https:\/\/guialimeira.com.br\/news\/wp-json\/wp\/v2\/tags?post=64206"}],"curies":[{"name":"wp","href":"https:\/\/api.w.org\/{rel}","templated":true}]}}