{"id":64170,"date":"2026-05-04T16:00:54","date_gmt":"2026-05-04T19:00:54","guid":{"rendered":"https:\/\/guialimeira.com.br\/mariana-calsa-entrega-mocao-de-reconhecimento-ao-mutirao-x\/"},"modified":"2026-05-04T16:00:54","modified_gmt":"2026-05-04T19:00:54","slug":"mariana-calsa-entrega-mocao-de-reconhecimento-ao-mutirao-x","status":"publish","type":"post","link":"https:\/\/guialimeira.com.br\/news\/mariana-calsa-entrega-mocao-de-reconhecimento-ao-mutirao-x\/","title":{"rendered":"Mariana Calsa entrega mo\u00e7\u00e3o de reconhecimento ao Mutir\u00e3o X"},"content":{"rendered":"<p>Mariana Calsa entrega mo\u00e7\u00e3o de reconhecimento ao Mutir\u00e3o X<\/p>\n<p>A vereadora Mariana Calsa (PSB) entregou dia 1\u00b0 de maio, uma mo\u00e7\u00e3o de reconhecimento ao Mutir\u00e3o X, um movimento de trabalho volunt\u00e1rio fundado em 2012. De acordo com a vereadora, o grupo atua de forma organizada e cont\u00ednua para melhoria urbana, ambiental e educacional, promovendo cidadania, solidariedade e engajamento comunit\u00e1rio. A equipe \u00e9 formada por volunt\u00e1rios de diversas cidades, incluindo de Limeira.<\/p>\n<p>Mariana Calsa explicou que o Mutir\u00e3o X desenvolve a\u00e7\u00f5es com base na coopera\u00e7\u00e3o entre sociedade civil e poder p\u00fablico, valorizando o voluntariado como instrumento de transforma\u00e7\u00e3o social concreta, sem fins lucrativos ou interesses particulares.<\/p>\n<p>Em Limeira, os volunt\u00e1rios do movimento estiveram na Escola Estadual Deputado La\u00e9rcio Corte, onde realizaram diversas melhorias no ambiente escolar, com a pintura de alguns espa\u00e7os. No dia 1\u00ba de maio, a Escola Municipal de Ensino Infantil e Fundamental (Emeief) Professor Jos\u00e9 Paulino Ara\u00fajo Vargas, localizada no Parque Hip\u00f3lito, recebeu os volunt\u00e1rios para a revitaliza\u00e7\u00e3o da escola.<\/p>\n<p>Neste mesmo dia, a parlamentar entregou a mo\u00e7\u00e3o de reconhecimento a esse grupo que realiza um trabalho que, al\u00e9m da melhoria no ambiente escolar, contribui para o fortalecimento do v\u00ednculo comunit\u00e1rio e promo\u00e7\u00e3o de valores, como respeito, segundo ela. \u201cNossa cidade s\u00f3 ganha com a atua\u00e7\u00e3o do Mutir\u00e3o X. S\u00e3o volunt\u00e1rios que fazem com amor as a\u00e7\u00f5es nas nossas escolas, que transformam o ambiente escolar e contribuem para que o dia a dia seja mais leve e mais acolhedor\u201d, destacou a vereadora.<\/p>\n<p>O mutir\u00e3o<\/p>\n<p>O movimento j\u00e1 realizou mais de 172 mutir\u00f5es no Brasil e no exterior, envolvendo volunt\u00e1rios de diferentes idades, origens e forma\u00e7\u00f5es, sempre com foco em atender \u00e0s necessidades reais das cidades, especialmente nas \u00e1reas de educa\u00e7\u00e3o, meio ambiente, infraestrutura e espa\u00e7os p\u00fablicos. A\u00e7\u00f5es como essa colaboram diretamente para a melhoria da qualidade do ambiente educacional, refor\u00e7ando o sentimento de pertencimento e cuidado com os espa\u00e7os p\u00fablicos, especialmente em unidades que enfrentam limita\u00e7\u00f5es estruturais.<\/p>\n<p>Do Gabinete Parlamentar &#8211; Vereadora Mariana Calsa (PSB)<\/p>\n<p>*Fotos do Gabinete Parlamentar<\/p>\n<p>As mat\u00e9rias de origem dos Gabinetes Parlamentares s\u00e3o de inteira\u00a0 responsabilidade dos parlamentares e de suas assessorias. S\u00e3o devidamente assinadas e n\u00e3o refletem, necessariamente, a opini\u00e3o institucional da C\u00e2mara Municipal de Limeira.<\/p>\n<hr>\n<p><em>Fonte: <a href=\"https:\/\/www.limeira.sp.leg.br\/noticias\/view\/2026-05-04_mariana-calsa-entrega-mocao-de-reconhecimento-ao-mutirao-x\" target=\"_blank\" rel=\"noopener\">C\u00e2mara Municipal de Limeira<\/a><\/em><\/p>\n","protected":false},"excerpt":{"rendered":"<p>Mariana Calsa entrega mo\u00e7\u00e3o de reconhecimento ao Mutir\u00e3o X<\/p>\n<p>A vereadora Mariana Calsa (PSB) entregou dia 1\u00b0 de maio, uma mo\u00e7\u00e3o de reconhecimento ao Mutir\u00e3o X, um movimento de trabalho volunt\u00e1rio fundado em 2012. De acordo com a vereadora, o grupo atua de forma organizada e cont\u00ednua para melhoria urb<\/p>\n","protected":false},"author":4,"featured_media":64169,"comment_status":"","ping_status":"open","sticky":false,"template":"","format":"standard","meta":{"_jetpack_newsletter_access":"","_jetpack_dont_email_post_to_subs":false,"_jetpack_newsletter_tier_id":0,"_jetpack_memberships_contains_paywalled_content":false,"_mbp_banners":[],"_jetpack_feature_clip_id":0,"_jetpack_memberships_contains_paid_content":false,"footnotes":"","jetpack_publicize_message":"","jetpack_publicize_feature_enabled":true,"jetpack_social_post_already_shared":true,"jetpack_social_options":{"image_generator_settings":{"template":"highway","default_image_id":0,"font":"","enabled":false},"version":2},"jetpack_post_was_ever_published":false},"categories":[19],"tags":[],"class_list":["post-64170","post","type-post","status-publish","format-standard","has-post-thumbnail","category-politica"],"jetpack_publicize_connections":[],"jetpack-related-posts":[],"jetpack_shortlink":"https:\/\/wp.me\/p7Eq1F-gH0","jetpack_sharing_enabled":true,"jetpack_featured_media_url":"https:\/\/i0.wp.com\/guialimeira.com.br\/news\/wp-content\/uploads\/2026\/05\/noticia-camara-5.jpg?fit=1280%2C640&ssl=1","_links":{"self":[{"href":"https:\/\/guialimeira.com.br\/news\/wp-json\/wp\/v2\/posts\/64170","targetHints":{"allow":["GET"]}}],"collection":[{"href":"https:\/\/guialimeira.com.br\/news\/wp-json\/wp\/v2\/posts"}],"about":[{"href":"https:\/\/guialimeira.com.br\/news\/wp-json\/wp\/v2\/types\/post"}],"author":[{"embeddable":true,"href":"https:\/\/guialimeira.com.br\/news\/wp-json\/wp\/v2\/users\/4"}],"replies":[{"embeddable":true,"href":"https:\/\/guialimeira.com.br\/news\/wp-json\/wp\/v2\/comments?post=64170"}],"version-history":[{"count":0,"href":"https:\/\/guialimeira.com.br\/news\/wp-json\/wp\/v2\/posts\/64170\/revisions"}],"wp:featuredmedia":[{"embeddable":true,"href":"https:\/\/guialimeira.com.br\/news\/wp-json\/wp\/v2\/media\/64169"}],"wp:attachment":[{"href":"https:\/\/guialimeira.com.br\/news\/wp-json\/wp\/v2\/media?parent=64170"}],"wp:term":[{"taxonomy":"category","embeddable":true,"href":"https:\/\/guialimeira.com.br\/news\/wp-json\/wp\/v2\/categories?post=64170"},{"taxonomy":"post_tag","embeddable":true,"href":"https:\/\/guialimeira.com.br\/news\/wp-json\/wp\/v2\/tags?post=64170"}],"curies":[{"name":"wp","href":"https:\/\/api.w.org\/{rel}","templated":true}]}}