{"id":6417,"date":"2024-05-25T12:13:50","date_gmt":"2024-05-25T15:13:50","guid":{"rendered":"https:\/\/guialimeira.com.br\/2024\/05\/25\/pib-paulista-cresce-23-em-marco-impulsionado-pelo-agro-e-industria\/"},"modified":"2024-05-25T12:13:50","modified_gmt":"2024-05-25T15:13:50","slug":"pib-paulista-cresce-23-em-marco-impulsionado-pelo-agro-e-industria","status":"publish","type":"post","link":"https:\/\/guialimeira.com.br\/news\/pib-paulista-cresce-23-em-marco-impulsionado-pelo-agro-e-industria\/","title":{"rendered":"PIB paulista cresce 2,3% em mar\u00e7o impulsionado pelo agro e ind\u00fastria"},"content":{"rendered":"<p> <br \/>\n<\/p>\n<div id=\"\">&#13;<br \/>\n                                <!-- Title -->&#13;<br \/>\n                                &#13;<br \/>\n&#13;<br \/>\n                                <!-- Excerpt -->&#13;<\/p>\n<p class=\"excerpt\">Todos os setores apresentaram varia\u00e7\u00e3o positiva no per\u00edodo analisado; no acumulado do ano, a expans\u00e3o foi de 1,9%<\/p>\n<p>&#13;<br \/>\n&#13;<br \/>\n                                &#13;\n                            <\/p><\/div>\n<div id=\"\">&#13;<\/p>\n<figure id=\"attachment_5871671\" style=\"width: 100%;max-width: 300px\" class=\"wp-caption alignnone\"><img data-recalc-dims=\"1\" decoding=\"async\" loading=\"lazy\" class=\"size-medium wp-image-5871671\" src=\"https:\/\/i0.wp.com\/www.saopaulo.sp.gov.br\/wp-content\/uploads\/2024\/04\/foto-site-12-300x216.png?resize=300%2C216&#038;ssl=1\" alt=\"\" width=\"300\" height=\"216\" srcset=\"https:\/\/www.saopaulo.sp.gov.br\/wp-content\/uploads\/2024\/04\/foto-site-12-300x216.png 300w, https:\/\/www.saopaulo.sp.gov.br\/wp-content\/uploads\/2024\/04\/foto-site-12-768x553.png 768w, https:\/\/www.saopaulo.sp.gov.br\/wp-content\/uploads\/2024\/04\/foto-site-12.png 1000w\" sizes=\"auto, (max-width: 300px) 100vw, 300px\"\/><figcaption class=\"wp-caption-text\">Agro foi destaque do PIB paulista em 2024<\/figcaption><\/figure>\n<p>O Produto Interno Bruto (PIB) do Estado de S\u00e3o Paulo cresceu 2,3% em mar\u00e7o, comparado ao m\u00eas anterior, j\u00e1 descontados os efeitos sazonais. A alta foi impulsionada principalmente pela agropecu\u00e1ria (1,1%), seguida pela ind\u00fastria (0,8%) e pelo setor de servi\u00e7os (0,4%), segundo dados da Funda\u00e7\u00e3o Seade.<\/p>\n<p>\u201cOs dados do Seade refor\u00e7am nossa convic\u00e7\u00e3o de que as medidas adotadas para estimular a economia e induzir o crescimento est\u00e3o colocando S\u00e3o Paulo na dire\u00e7\u00e3o certa, com mais dignidade, emprego e renda. Em mar\u00e7o, o PIB cresceu em todos os setores, assim como o n\u00famero de postos de trabalho com carteira assinada, que registrou um saldo positivo de 77 mil vagas\u201d, afirmou o governador Tarc\u00edsio de Freitas.<\/p>\n<p><a href=\"https:\/\/www.saopaulo.sp.gov.br\/spnoticias\/ultimas-noticias\/pib-paulista-tem-projecao-de-23-para-2024-e-e-maior-que-a-brasileira\/\" rel=\"noopener\">No acumulado do ano<\/a>, o PIB paulista registrou um aumento de 1,9% em rela\u00e7\u00e3o ao mesmo per\u00edodo de 2023, com varia\u00e7\u00e3o positiva em todos os setores: agropecu\u00e1ria (+4,4%); servi\u00e7os (+1,7%); e ind\u00fastria (+0,9%).<\/p>\n<p>Na compara\u00e7\u00e3o com os 12 meses imediatamente anteriores, o PIB de S\u00e3o Paulo tamb\u00e9m avan\u00e7ou 0,7%. Mais informa\u00e7\u00f5es em <a href=\"https:\/\/pib.seade.gov.br\/mensal\/\" rel=\"noopener\">https:\/\/pib.seade.gov.br\/mensal\/.<\/a><\/p>\n<\/p><\/div>\n<p><br \/>\n<br \/><a href=\"https:\/\/www.saopaulo.sp.gov.br\/spnoticias\/ultimas-noticias\/pib-paulista-cresce-23-em-marco-impulsionado-pelo-agro-e-industria\/\" rel=\"noopener\">Informa\u00e7\u00f5es GOV.SP<\/a><\/p>\n","protected":false},"excerpt":{"rendered":"<p>&#13; &#13; &#13; &#13; &#13; Todos os setores apresentaram varia\u00e7\u00e3o positiva no per\u00edodo analisado; no acumulado do ano, a expans\u00e3o foi de 1,9% &#13; &#13; &#13; &#13; Agro foi destaque do PIB paulista em 2024 O Produto Interno Bruto (PIB) do Estado de S\u00e3o Paulo cresceu 2,3% em mar\u00e7o, comparado ao m\u00eas anterior, j\u00e1 descontados [&hellip;]<\/p>\n","protected":false},"author":1,"featured_media":6418,"comment_status":"open","ping_status":"open","sticky":false,"template":"","format":"standard","meta":{"_jetpack_newsletter_access":"","_jetpack_dont_email_post_to_subs":false,"_jetpack_newsletter_tier_id":0,"_jetpack_memberships_contains_paywalled_content":false,"_mbp_banners":[],"_jetpack_feature_clip_id":0,"_jetpack_memberships_contains_paid_content":false,"footnotes":"","jetpack_publicize_message":"","jetpack_publicize_feature_enabled":true,"jetpack_social_post_already_shared":true,"jetpack_social_options":{"image_generator_settings":{"template":"highway","default_image_id":0,"font":"","enabled":false},"version":2},"jetpack_post_was_ever_published":false},"categories":[21],"tags":[],"class_list":["post-6417","post","type-post","status-publish","format-standard","has-post-thumbnail","category-sp-news"],"jetpack_publicize_connections":[],"jetpack-related-posts":[],"jetpack_shortlink":"https:\/\/wp.me\/p7Eq1F-1Fv","jetpack_sharing_enabled":true,"jetpack_featured_media_url":"https:\/\/i0.wp.com\/guialimeira.com.br\/news\/wp-content\/uploads\/2024\/05\/PIB-paulista-cresce-23-em-marco-impulsionado-pelo-agro-e.png?fit=300%2C216&ssl=1","_links":{"self":[{"href":"https:\/\/guialimeira.com.br\/news\/wp-json\/wp\/v2\/posts\/6417","targetHints":{"allow":["GET"]}}],"collection":[{"href":"https:\/\/guialimeira.com.br\/news\/wp-json\/wp\/v2\/posts"}],"about":[{"href":"https:\/\/guialimeira.com.br\/news\/wp-json\/wp\/v2\/types\/post"}],"author":[{"embeddable":true,"href":"https:\/\/guialimeira.com.br\/news\/wp-json\/wp\/v2\/users\/1"}],"replies":[{"embeddable":true,"href":"https:\/\/guialimeira.com.br\/news\/wp-json\/wp\/v2\/comments?post=6417"}],"version-history":[{"count":0,"href":"https:\/\/guialimeira.com.br\/news\/wp-json\/wp\/v2\/posts\/6417\/revisions"}],"wp:featuredmedia":[{"embeddable":true,"href":"https:\/\/guialimeira.com.br\/news\/wp-json\/wp\/v2\/media\/6418"}],"wp:attachment":[{"href":"https:\/\/guialimeira.com.br\/news\/wp-json\/wp\/v2\/media?parent=6417"}],"wp:term":[{"taxonomy":"category","embeddable":true,"href":"https:\/\/guialimeira.com.br\/news\/wp-json\/wp\/v2\/categories?post=6417"},{"taxonomy":"post_tag","embeddable":true,"href":"https:\/\/guialimeira.com.br\/news\/wp-json\/wp\/v2\/tags?post=6417"}],"curies":[{"name":"wp","href":"https:\/\/api.w.org\/{rel}","templated":true}]}}