{"id":64166,"date":"2026-05-04T15:40:52","date_gmt":"2026-05-04T18:40:52","guid":{"rendered":"https:\/\/guialimeira.com.br\/felipe-penedo-solicita-informacoes-sobre-imoveis-publicos-e-reforca-cobranca-apos-incendio-em-escola\/"},"modified":"2026-05-04T15:40:52","modified_gmt":"2026-05-04T18:40:52","slug":"felipe-penedo-solicita-informacoes-sobre-imoveis-publicos-e-reforca-cobranca-apos-incendio-em-escola","status":"publish","type":"post","link":"https:\/\/guialimeira.com.br\/news\/felipe-penedo-solicita-informacoes-sobre-imoveis-publicos-e-reforca-cobranca-apos-incendio-em-escola\/","title":{"rendered":"Felipe Penedo solicita informa\u00e7\u00f5es sobre im\u00f3veis p\u00fablicos e refor\u00e7a cobran\u00e7a ap\u00f3s inc\u00eandio em escola"},"content":{"rendered":"<p>Felipe Penedo solicita informa\u00e7\u00f5es sobre im\u00f3veis p\u00fablicos e refor\u00e7a cobran\u00e7a ap\u00f3s inc\u00eandio em escola<\/p>\n<p>O vereador Felipe Penedo (PL) protocolou nesta segunda-feira, 4 de maio, o Requerimento N\u00ba 385\/2026 solicitando \u00e0 Prefeitura informa\u00e7\u00f5es detalhadas sobre o Grupo de Trabalho institu\u00eddo pelo Decreto Municipal N\u00ba 169\/2025, respons\u00e1vel por levantar a situa\u00e7\u00e3o dos im\u00f3veis p\u00fablicos municipais, especialmente quanto \u00e0 regulariza\u00e7\u00e3o, condi\u00e7\u00f5es estruturais e exist\u00eancia do Auto de Vistoria do Corpo de Bombeiros (AVCB).<\/p>\n<p>No documento, o parlamentar questiona se o grupo foi formalmente constitu\u00eddo, solicita o envio da portaria com a designa\u00e7\u00e3o dos membros e cobra a apresenta\u00e7\u00e3o do relat\u00f3rio t\u00e9cnico parcial previsto no decreto. Al\u00e9m disso, requer a rela\u00e7\u00e3o completa dos pr\u00e9dios p\u00fablicos com aus\u00eancia ou irregularidade de AVCB e daqueles que apresentam problemas estruturais ou condi\u00e7\u00f5es inadequadas de uso.<\/p>\n<p>O vereador tamb\u00e9m direciona aten\u00e7\u00e3o especial \u00e0s escolas municipais, solicitando informa\u00e7\u00f5es sobre quais unidades possuem AVCB v\u00e1lido e se todas contam com brigada de inc\u00eandio regularmente constitu\u00edda. A iniciativa ganha ainda mais relev\u00e2ncia diante do inc\u00eandio registrado na \u00faltima sexta-feira, 1\u00ba de maio, na Escola Prada, com quase 80 anos de exist\u00eancia, e que atende cerca de 320 alunos no Munic\u00edpio.<\/p>\n<p>Segundo informa\u00e7\u00f5es obtidas pelo parlamentar, a unidade n\u00e3o possu\u00eda AVCB, o que acende um alerta sobre a seguran\u00e7a dos pr\u00e9dios p\u00fablicos, especialmente aqueles destinados \u00e0 educa\u00e7\u00e3o. \u201cEstamos falando da seguran\u00e7a de crian\u00e7as, professores e servidores. \u00c9 fundamental entender a real situa\u00e7\u00e3o dos im\u00f3veis p\u00fablicos e garantir que medidas sejam adotadas com urg\u00eancia para evitar novos riscos\u201d, destacou o vereador.<\/p>\n<p>Penedo refor\u00e7a que o objetivo do requerimento \u00e9 dar transpar\u00eancia \u00e0s a\u00e7\u00f5es do Executivo e acompanhar de perto as provid\u00eancias que est\u00e3o sendo tomadas, garantindo que os espa\u00e7os p\u00fablicos ofere\u00e7am condi\u00e7\u00f5es adequadas e seguras \u00e0 popula\u00e7\u00e3o.<\/p>\n<p>Do Gabinete Parlamentar \u2013 Vereador Felipe Penedo (PL)<\/p>\n<p>*Fotos do Gabinete Parlamentar<\/p>\n<p>As mat\u00e9rias de origem dos Gabinetes Parlamentares s\u00e3o de inteira\u00a0 responsabilidade dos parlamentares e de suas assessorias. S\u00e3o devidamente assinadas e n\u00e3o refletem, necessariamente, a opini\u00e3o institucional da C\u00e2mara Municipal de Limeira.<\/p>\n<hr>\n<p><em>Fonte: <a href=\"https:\/\/www.limeira.sp.leg.br\/noticias\/view\/2026-05-04_felipe-penedo-solicita-informacoes-sobre-imoveis-publicos-e-reforca-cobranca-apos-incendio-em-escola\" target=\"_blank\" rel=\"noopener\">C\u00e2mara Municipal de Limeira<\/a><\/em><\/p>\n","protected":false},"excerpt":{"rendered":"<p>Felipe Penedo solicita informa\u00e7\u00f5es sobre im\u00f3veis p\u00fablicos e refor\u00e7a cobran\u00e7a ap\u00f3s inc\u00eandio em escola<\/p>\n<p>O vereador Felipe Penedo (PL) protocolou nesta segunda-feira, 4 de maio, o Requerimento N\u00ba 385\/2026 solicitando \u00e0 Prefeitura informa\u00e7\u00f5es detalhadas sobre o Grupo de Trabalho institu\u00eddo pelo Decreto <\/p>\n","protected":false},"author":4,"featured_media":64165,"comment_status":"","ping_status":"open","sticky":false,"template":"","format":"standard","meta":{"_jetpack_newsletter_access":"","_jetpack_dont_email_post_to_subs":false,"_jetpack_newsletter_tier_id":0,"_jetpack_memberships_contains_paywalled_content":false,"_mbp_banners":[],"_jetpack_feature_clip_id":0,"_jetpack_memberships_contains_paid_content":false,"footnotes":"","jetpack_publicize_message":"","jetpack_publicize_feature_enabled":true,"jetpack_social_post_already_shared":true,"jetpack_social_options":{"image_generator_settings":{"template":"highway","default_image_id":0,"font":"","enabled":false},"version":2},"jetpack_post_was_ever_published":false},"categories":[19],"tags":[],"class_list":["post-64166","post","type-post","status-publish","format-standard","has-post-thumbnail","category-politica"],"jetpack_publicize_connections":[],"jetpack-related-posts":[],"jetpack_shortlink":"https:\/\/wp.me\/p7Eq1F-gGW","jetpack_sharing_enabled":true,"jetpack_featured_media_url":"https:\/\/i0.wp.com\/guialimeira.com.br\/news\/wp-content\/uploads\/2026\/05\/noticia-camara-4.jpg?fit=1280%2C640&ssl=1","_links":{"self":[{"href":"https:\/\/guialimeira.com.br\/news\/wp-json\/wp\/v2\/posts\/64166","targetHints":{"allow":["GET"]}}],"collection":[{"href":"https:\/\/guialimeira.com.br\/news\/wp-json\/wp\/v2\/posts"}],"about":[{"href":"https:\/\/guialimeira.com.br\/news\/wp-json\/wp\/v2\/types\/post"}],"author":[{"embeddable":true,"href":"https:\/\/guialimeira.com.br\/news\/wp-json\/wp\/v2\/users\/4"}],"replies":[{"embeddable":true,"href":"https:\/\/guialimeira.com.br\/news\/wp-json\/wp\/v2\/comments?post=64166"}],"version-history":[{"count":0,"href":"https:\/\/guialimeira.com.br\/news\/wp-json\/wp\/v2\/posts\/64166\/revisions"}],"wp:featuredmedia":[{"embeddable":true,"href":"https:\/\/guialimeira.com.br\/news\/wp-json\/wp\/v2\/media\/64165"}],"wp:attachment":[{"href":"https:\/\/guialimeira.com.br\/news\/wp-json\/wp\/v2\/media?parent=64166"}],"wp:term":[{"taxonomy":"category","embeddable":true,"href":"https:\/\/guialimeira.com.br\/news\/wp-json\/wp\/v2\/categories?post=64166"},{"taxonomy":"post_tag","embeddable":true,"href":"https:\/\/guialimeira.com.br\/news\/wp-json\/wp\/v2\/tags?post=64166"}],"curies":[{"name":"wp","href":"https:\/\/api.w.org\/{rel}","templated":true}]}}