{"id":64160,"date":"2026-05-04T15:31:18","date_gmt":"2026-05-04T18:31:18","guid":{"rendered":"https:\/\/guialimeira.com.br\/?p=64160"},"modified":"2026-05-04T15:31:18","modified_gmt":"2026-05-04T18:31:18","slug":"festival-micare-2026-consolida-forca-do-carnaval-fora-de-epoca-na-capital-federal","status":"publish","type":"post","link":"https:\/\/guialimeira.com.br\/news\/festival-micare-2026-consolida-forca-do-carnaval-fora-de-epoca-na-capital-federal\/","title":{"rendered":"Festival Micar\u00ea 2026 consolida for\u00e7a do carnaval fora de \u00e9poca na capital federal"},"content":{"rendered":"\n<p class=\"wp-block-paragraph\">Durante o feriado do Dia do Trabalhador, nos dias 1\u00ba e 2 de maio, o estacionamento do Est\u00e1dio Man\u00e9 Garrincha recebeu a 6\u00aa edi\u00e7\u00e3o do <strong>Festival Micar\u00ea 2026<\/strong>, Bras\u00edlia outra multid\u00e3o tamb\u00e9m mostrava sua for\u00e7a desta vez ao som do ax\u00e9, consolidando a for\u00e7a do carnaval fora de \u00e9poca na capital federal.<\/p>\n\n\n<!-- wp:image \"id\":46336,\"align\":\"center\" -->\n<figure class=\"wp-block-image aligncenter\"><img data-recalc-dims=\"1\" decoding=\"async\" src=\"https:\/\/i0.wp.com\/clickfato.com.br\/wp-content\/uploads\/2026\/05\/micare-01-fotofredpontes_mavicaassessoria.jpg?w=696&#038;ssl=1\" alt=\"\" class=\"wp-image-46336\" \/><\/figure>\n<!-- \/wp:post-content -->\n\n<!-- wp:paragraph -->\n<p>Foram dois dias intensos, marcados por um p\u00fablico vibrante, vis\u00edvel at\u00e9 mesmo nas imagens a\u00e9reas, que refor\u00e7aram a grandiosidade do evento. E, como manda a tradi\u00e7\u00e3o: se tem micareta, tem trio el\u00e9trico o verdadeiro protagonista da festa.<\/p>\n<!-- \/wp:paragraph -->\n\n<!-- wp:paragraph -->\n<p>No dia 1\u00ba de maio, o p\u00fablico curtiu shows de Tuca Fernandes, Rafa e Pipo Marques, Durval Lelys, Bell Marques e Xanddy Harmonia.<\/p>\n<!-- \/wp:paragraph -->\n\n<!-- wp:paragraph -->\n<p>J\u00e1 no segundo dia, a energia continuou com Timbalada, Filhos do Brasil, Tomate, al\u00e9m de Durval Lelys e Bell Marques, que retornaram ao trio.<\/p>\n<!-- \/wp:paragraph -->\n\n<!-- wp:image \"id\":46337,\"align\":\"center\" -->\n<figure class=\"wp-block-image aligncenter\"><img data-recalc-dims=\"1\" decoding=\"async\" src=\"https:\/\/i0.wp.com\/clickfato.com.br\/wp-content\/uploads\/2026\/05\/micare-02-fotofredpontes_mavicaassessoria.jpg?w=696&#038;ssl=1\" alt=\"\" class=\"wp-image-46337\" \/><\/figure>\n<!-- \/wp:image -->\n\n<!-- wp:paragraph -->\n<p>Um dos momentos \u00e9picos do evento foi o encontro dos trios de Durval Lelys e Tomate, apelidado pelo pr\u00f3prio Durval de \u201cencontro da loucura\u201d.<\/p>\n<!-- \/wp:paragraph -->\n\n<!-- wp:paragraph -->\n<p>Ainda sobre Durval Lelys, vale destacar que toda micareta tradicional tem suas participa\u00e7\u00f5es especiais. No Micar\u00ea, no dia 2 de maio, o \u201crei da rua\u201d recebeu Guga Camafeu, vocalista do Araketu, levando ainda mais emo\u00e7\u00e3o ao p\u00fablico.<\/p>\n<!-- \/wp:paragraph -->\n\n<!-- wp:paragraph -->\n<p>Outro destaque ficou por conta da banda Filhos do Brasil, formada pelos filhos de Saulo Fernandes, Carlinhos Brown e Pierre Onassis. O grupo recebeu ainda a participa\u00e7\u00e3o especial do cantor e compositor Pierre Onassis, que subiu ao trio e emocionou o p\u00fablico com um remix de m\u00fasicas autorais.<\/p>\n<!-- \/wp:paragraph -->\n\n<!-- wp:image \"id\":46343,\"align\":\"center\" -->\n<figure class=\"wp-block-image aligncenter\"><img data-recalc-dims=\"1\" decoding=\"async\" src=\"https:\/\/i0.wp.com\/clickfato.com.br\/wp-content\/uploads\/2026\/05\/micare-08-fotofredpontes_mavicaassessoria.jpg?w=696&#038;ssl=1\" alt=\"\" class=\"wp-image-46343\" \/><\/figure>\n<!-- \/wp:image -->\n\n<!-- wp:paragraph -->\n<p>O evento foi realizado pelas empresas Medley Produ\u00e7\u00f5es, Verri &#038; Verri Produ\u00e7\u00f5es, Upiano Entretenimento, Backstage e GT10 Produ\u00e7\u00f5es, refor\u00e7ando o profissionalismo, a estrutura e a for\u00e7a de um dos maiores eventos do g\u00eanero no pa\u00eds.<\/p>\n<!-- \/wp:paragraph -->\n\n<!-- wp:paragraph -->\n<p>E um ponto que chamou aten\u00e7\u00e3o ap\u00f3s o evento foi un\u00e2nime: o metro quadrado mais bonito, animado e vibrante do feriado do Dia do Trabalhador estava no Micar\u00ea. Quem esteve presente viveu de perto a energia contagiante; quem n\u00e3o foi, acompanhou pelas redes sociais onde imagens de um p\u00fablico bonito, alto astral e completamente entregue \u00e0 festa dominaram os feeds, refletindo o sucesso absoluto do evento.<\/p>\n<!-- \/wp:paragraph -->\n\n<!-- wp:paragraph -->\n<p>Foto: Fred Pontes &#8211; Divulga\u00e7\u00e3o<\/p>\n<!-- \/wp:paragraph -->\n\n<!-- wp:image \"id\":46338,\"align\":\"center\" -->\n<figure class=\"wp-block-image aligncenter\"><img data-recalc-dims=\"1\" decoding=\"async\" data-attachment-id=\"46338\" data-permalink=\"https:\/\/guialimeira.com.br\/news\/equipe-do-time-sp-de-natacao-conquista-17-medalhas-em-singapura-com-quebra-de-recorde\/equipe-do-time-sp-de-natacao-conquista-17-medalhas-em\/\" data-orig-file=\"https:\/\/i0.wp.com\/guialimeira.com.br\/news\/wp-content\/uploads\/2025\/09\/Equipe-do-Time-SP-de-natacao-conquista-17-medalhas-em.jpg?fit=2552%2C1580&amp;ssl=1\" data-orig-size=\"2552,1580\" data-comments-opened=\"1\" data-image-meta=\"{&quot;aperture&quot;:&quot;0&quot;,&quot;credit&quot;:&quot;&quot;,&quot;camera&quot;:&quot;&quot;,&quot;caption&quot;:&quot;&quot;,&quot;created_timestamp&quot;:&quot;0&quot;,&quot;copyright&quot;:&quot;&quot;,&quot;focal_length&quot;:&quot;0&quot;,&quot;iso&quot;:&quot;0&quot;,&quot;shutter_speed&quot;:&quot;0&quot;,&quot;title&quot;:&quot;&quot;,&quot;orientation&quot;:&quot;0&quot;}\" data-image-title=\"Equipe do Time SP de nata\u00e7\u00e3o conquista 17 medalhas em\" data-image-description=\"\" data-image-caption=\"\" data-large-file=\"https:\/\/i0.wp.com\/guialimeira.com.br\/news\/wp-content\/uploads\/2025\/09\/Equipe-do-Time-SP-de-natacao-conquista-17-medalhas-em.jpg?fit=696%2C431&amp;ssl=1\" src=\"https:\/\/i0.wp.com\/clickfato.com.br\/wp-content\/uploads\/2026\/05\/micare-03-fotofredpontes_mavicaassessoria.jpg?w=696&#038;ssl=1\" alt=\"\" class=\"wp-image-46338\" \/><\/figure>\n<!-- \/wp:image -->\n\n<!-- wp:image \"id\":46339,\"align\":\"center\" -->\n<figure class=\"wp-block-image aligncenter\"><img data-recalc-dims=\"1\" decoding=\"async\" src=\"https:\/\/i0.wp.com\/clickfato.com.br\/wp-content\/uploads\/2026\/05\/micare-04-fotofredpontes_mavicaassessoria.jpg?w=696&#038;ssl=1\" alt=\"\" class=\"wp-image-46339\" \/><\/figure>\n<!-- \/wp:image -->\n\n<!-- wp:image \"id\":46340,\"align\":\"center\" -->\n<figure class=\"wp-block-image aligncenter\"><img data-recalc-dims=\"1\" decoding=\"async\" data-attachment-id=\"46340\" data-permalink=\"https:\/\/guialimeira.com.br\/news\/bombeiros-falam-sobre-acoes-contra-queimadas-a-comissao-de-meio-ambiente\/2025-09-25_bombeiros-falam-sobre-acoes-contra-queimadas-a-comissao-de-meio-ambiente_1_thumb-jpg\/\" data-orig-file=\"https:\/\/i0.wp.com\/guialimeira.com.br\/news\/wp-content\/uploads\/2025\/09\/2025-09-25_bombeiros-falam-sobre-acoes-contra-queimadas-a-comissao-de-meio-ambiente_1_thumb.jpg?fit=100%2C50&amp;ssl=1\" data-orig-size=\"100,50\" data-comments-opened=\"1\" data-image-meta=\"{&quot;aperture&quot;:&quot;0&quot;,&quot;credit&quot;:&quot;&quot;,&quot;camera&quot;:&quot;&quot;,&quot;caption&quot;:&quot;&quot;,&quot;created_timestamp&quot;:&quot;0&quot;,&quot;copyright&quot;:&quot;&quot;,&quot;focal_length&quot;:&quot;0&quot;,&quot;iso&quot;:&quot;0&quot;,&quot;shutter_speed&quot;:&quot;0&quot;,&quot;title&quot;:&quot;&quot;,&quot;orientation&quot;:&quot;0&quot;}\" data-image-title=\"2025-09-25_bombeiros-falam-sobre-acoes-contra-queimadas-a-comissao-de-meio-ambiente_1_thumb.jpg\" data-image-description=\"\" data-image-caption=\"\" data-large-file=\"https:\/\/i0.wp.com\/guialimeira.com.br\/news\/wp-content\/uploads\/2025\/09\/2025-09-25_bombeiros-falam-sobre-acoes-contra-queimadas-a-comissao-de-meio-ambiente_1_thumb.jpg?fit=100%2C50&amp;ssl=1\" src=\"https:\/\/i0.wp.com\/clickfato.com.br\/wp-content\/uploads\/2026\/05\/micare-05-fotofredpontes_mavicaassessoria.jpg?w=696&#038;ssl=1\" alt=\"\" class=\"wp-image-46340\" \/><\/figure>\n<!-- \/wp:image -->\n\n<!-- wp:image \"id\":46341,\"align\":\"center\" -->\n<figure class=\"wp-block-image aligncenter\"><img data-recalc-dims=\"1\" decoding=\"async\" src=\"https:\/\/i0.wp.com\/clickfato.com.br\/wp-content\/uploads\/2026\/05\/micare-06-fotofredpontes_mavicaassessoria.jpg?w=696&#038;ssl=1\" alt=\"\" class=\"wp-image-46341\" \/><\/figure>\n<!-- \/wp:image -->\n\n<!-- wp:image \"id\":46342,\"align\":\"center\" -->\n<figure class=\"wp-block-image aligncenter\"><img data-recalc-dims=\"1\" decoding=\"async\" data-attachment-id=\"46342\" data-permalink=\"https:\/\/guialimeira.com.br\/news\/forca-tarefa-apreende-117-garrafas-de-bebida-sem-procedencia-em-sp\/whatsapp_image_2025-09-29_at_20-37-07-jpeg\/\" data-orig-file=\"https:\/\/i0.wp.com\/guialimeira.com.br\/news\/wp-content\/uploads\/2025\/09\/whatsapp_image_2025-09-29_at_20.37.07.jpeg?fit=1600%2C800&amp;ssl=1\" data-orig-size=\"1600,800\" data-comments-opened=\"1\" data-image-meta=\"{&quot;aperture&quot;:&quot;0&quot;,&quot;credit&quot;:&quot;&quot;,&quot;camera&quot;:&quot;&quot;,&quot;caption&quot;:&quot;&quot;,&quot;created_timestamp&quot;:&quot;0&quot;,&quot;copyright&quot;:&quot;&quot;,&quot;focal_length&quot;:&quot;0&quot;,&quot;iso&quot;:&quot;0&quot;,&quot;shutter_speed&quot;:&quot;0&quot;,&quot;title&quot;:&quot;&quot;,&quot;orientation&quot;:&quot;0&quot;}\" data-image-title=\"whatsapp_image_2025-09-29_at_20.37.07.jpeg\" data-image-description=\"\" data-image-caption=\"\" data-large-file=\"https:\/\/i0.wp.com\/guialimeira.com.br\/news\/wp-content\/uploads\/2025\/09\/whatsapp_image_2025-09-29_at_20.37.07.jpeg?fit=696%2C348&amp;ssl=1\" src=\"https:\/\/i0.wp.com\/clickfato.com.br\/wp-content\/uploads\/2026\/05\/micare-07-fotofredpontes_mavicaassessoria.jpg?w=696&#038;ssl=1\" alt=\"\" class=\"wp-image-46342\" \/><\/figure>\n<!-- \/wp:image -->\n\n<!-- wp:image \"id\":46344,\"align\":\"center\" -->\n<figure class=\"wp-block-image aligncenter\"><img data-recalc-dims=\"1\" decoding=\"async\" src=\"https:\/\/i0.wp.com\/clickfato.com.br\/wp-content\/uploads\/2026\/05\/micare-09-fotofredpontes_mavicaassessoria.jpg?w=696&#038;ssl=1\" alt=\"\" class=\"wp-image-46344\" \/><\/figure>\n<!-- \/wp:image -->\n\n<!-- wp:image \"id\":46345,\"align\":\"center\" -->\n<figure class=\"wp-block-image aligncenter\"><img data-recalc-dims=\"1\" decoding=\"async\" data-attachment-id=\"46345\" data-permalink=\"https:\/\/guialimeira.com.br\/news\/defesa-civil-alerta-para-risco-de-queimadas-durante-a-semana\/defesa-civil-alerta-para-risco-de-queimadas-durante-a-semana-2\/\" data-orig-file=\"https:\/\/i0.wp.com\/guialimeira.com.br\/news\/wp-content\/uploads\/2025\/09\/Defesa-Civil-alerta-para-risco-de-queimadas-durante-a-semana.jpg?fit=1024%2C460&amp;ssl=1\" data-orig-size=\"1024,460\" data-comments-opened=\"1\" data-image-meta=\"{&quot;aperture&quot;:&quot;0&quot;,&quot;credit&quot;:&quot;&quot;,&quot;camera&quot;:&quot;&quot;,&quot;caption&quot;:&quot;&quot;,&quot;created_timestamp&quot;:&quot;0&quot;,&quot;copyright&quot;:&quot;&quot;,&quot;focal_length&quot;:&quot;0&quot;,&quot;iso&quot;:&quot;0&quot;,&quot;shutter_speed&quot;:&quot;0&quot;,&quot;title&quot;:&quot;&quot;,&quot;orientation&quot;:&quot;0&quot;}\" data-image-title=\"Defesa Civil alerta para risco de queimadas durante a semana\" data-image-description=\"\" data-image-caption=\"\" data-large-file=\"https:\/\/i0.wp.com\/guialimeira.com.br\/news\/wp-content\/uploads\/2025\/09\/Defesa-Civil-alerta-para-risco-de-queimadas-durante-a-semana.jpg?fit=696%2C313&amp;ssl=1\" src=\"https:\/\/i0.wp.com\/clickfato.com.br\/wp-content\/uploads\/2026\/05\/micare-10-fotofredpontes_mavicaassessoria.jpg?w=696&#038;ssl=1\" alt=\"\" class=\"wp-image-46345\" \/><\/figure>\n<!-- \/wp:image -->\n\n<!-- wp:image \"id\":46346,\"align\":\"center\" -->\n<figure class=\"wp-block-image aligncenter\"><img data-recalc-dims=\"1\" decoding=\"async\" src=\"https:\/\/i0.wp.com\/clickfato.com.br\/wp-content\/uploads\/2026\/05\/micare-11-fotofredpontes_mavicaassessoria.jpg?w=696&#038;ssl=1\" alt=\"\" class=\"wp-image-46346\" \/><\/figure>\n<!-- \/wp:image -->\n\n<!-- wp:image \"id\":46347,\"align\":\"center\" -->\n<figure class=\"wp-block-image aligncenter\"><img data-recalc-dims=\"1\" decoding=\"async\" data-attachment-id=\"46347\" data-permalink=\"https:\/\/guialimeira.com.br\/news\/tatiane-lopes-destina-r-546-mil-em-emendas-impositivas-para-fortalecer-a-saude-em-limeira\/2025-09-25_tatiane-lopes-destina-r-546-mil-em-emendas-impositivas-para-fortalecer-a-saude-em-limeira-jpeg\/\" data-orig-file=\"https:\/\/i0.wp.com\/guialimeira.com.br\/news\/wp-content\/uploads\/2025\/09\/2025-09-25_tatiane-lopes-destina-r-546-mil-em-emendas-impositivas-para-fortalecer-a-saude-em-limeira.jpeg?fit=100%2C50&amp;ssl=1\" data-orig-size=\"100,50\" data-comments-opened=\"1\" data-image-meta=\"{&quot;aperture&quot;:&quot;0&quot;,&quot;credit&quot;:&quot;&quot;,&quot;camera&quot;:&quot;&quot;,&quot;caption&quot;:&quot;&quot;,&quot;created_timestamp&quot;:&quot;0&quot;,&quot;copyright&quot;:&quot;&quot;,&quot;focal_length&quot;:&quot;0&quot;,&quot;iso&quot;:&quot;0&quot;,&quot;shutter_speed&quot;:&quot;0&quot;,&quot;title&quot;:&quot;&quot;,&quot;orientation&quot;:&quot;0&quot;}\" data-image-title=\"2025-09-25_tatiane-lopes-destina-r-546-mil-em-emendas-impositivas-para-fortalecer-a-saude-em-limeira.jpeg\" data-image-description=\"\" data-image-caption=\"\" data-large-file=\"https:\/\/i0.wp.com\/guialimeira.com.br\/news\/wp-content\/uploads\/2025\/09\/2025-09-25_tatiane-lopes-destina-r-546-mil-em-emendas-impositivas-para-fortalecer-a-saude-em-limeira.jpeg?fit=100%2C50&amp;ssl=1\" src=\"https:\/\/i0.wp.com\/clickfato.com.br\/wp-content\/uploads\/2026\/05\/micare-12-fotofredpontes_mavicaassessoria.jpg?w=696&#038;ssl=1\" alt=\"\" class=\"wp-image-46347\" \/><\/figure>\n<!-- \/wp:image -->\n\n<!-- wp:image \"id\":46348,\"align\":\"center\" -->\n<figure class=\"wp-block-image aligncenter\"><img data-recalc-dims=\"1\" decoding=\"async\" src=\"https:\/\/i0.wp.com\/clickfato.com.br\/wp-content\/uploads\/2026\/05\/micare-13-fotofredpontes_mavicaassessoria.jpg?w=696&#038;ssl=1\" alt=\"\" class=\"wp-image-46348\" \/><\/figure>\n<!-- \/wp:image -->\n\n<!-- wp:image \"id\":46349,\"align\":\"center\" -->\n<figure class=\"wp-block-image aligncenter\"><img data-recalc-dims=\"1\" decoding=\"async\" src=\"https:\/\/i0.wp.com\/clickfato.com.br\/wp-content\/uploads\/2026\/05\/micare-14-fotofredpontes_mavicaassessoria.jpg?w=696&#038;ssl=1\" alt=\"\" class=\"wp-image-46349\" \/><\/figure>\n<!-- \/wp:image -->\n\n<!-- wp:image \"id\":46350,\"align\":\"center\" -->\n<figure class=\"wp-block-image aligncenter\"><img data-recalc-dims=\"1\" decoding=\"async\" src=\"https:\/\/i0.wp.com\/clickfato.com.br\/wp-content\/uploads\/2026\/05\/micare-15-fotofredpontes_mavicaassessoria.jpg?w=696&#038;ssl=1\" alt=\"\" class=\"wp-image-46350\" \/><\/figure>\n<!-- \/wp:image -->\n\n<!-- wp:image \"id\":46351,\"align\":\"center\" -->\n<figure class=\"wp-block-image aligncenter\"><img data-recalc-dims=\"1\" decoding=\"async\" data-attachment-id=\"46351\" data-permalink=\"https:\/\/guialimeira.com.br\/news\/procon-sp-orienta-fornecedores-em-cidades-do-interior-e-do-litoral-do-estado\/procon-sp-orienta-fornecedores-em-cidades-do-interior-e-do-litoral\/\" data-orig-file=\"https:\/\/i0.wp.com\/guialimeira.com.br\/news\/wp-content\/uploads\/2025\/09\/Procon-SP-orienta-fornecedores-em-cidades-do-interior-e-do-litoral.jpg?fit=2048%2C1365&amp;ssl=1\" data-orig-size=\"2048,1365\" data-comments-opened=\"1\" data-image-meta=\"{&quot;aperture&quot;:&quot;0&quot;,&quot;credit&quot;:&quot;PABLO JACOB&quot;,&quot;camera&quot;:&quot;&quot;,&quot;caption&quot;:&quot;&quot;,&quot;created_timestamp&quot;:&quot;0&quot;,&quot;copyright&quot;:&quot;PABLO JACOB&quot;,&quot;focal_length&quot;:&quot;0&quot;,&quot;iso&quot;:&quot;0&quot;,&quot;shutter_speed&quot;:&quot;0&quot;,&quot;title&quot;:&quot;&quot;,&quot;orientation&quot;:&quot;0&quot;}\" data-image-title=\"Procon-SP orienta fornecedores em cidades do interior e do litoral\" data-image-description=\"\" data-image-caption=\"\" data-large-file=\"https:\/\/i0.wp.com\/guialimeira.com.br\/news\/wp-content\/uploads\/2025\/09\/Procon-SP-orienta-fornecedores-em-cidades-do-interior-e-do-litoral.jpg?fit=696%2C464&amp;ssl=1\" src=\"https:\/\/i0.wp.com\/clickfato.com.br\/wp-content\/uploads\/2026\/05\/micare-16-fotofredpontes_mavicaassessoria.jpg?w=696&#038;ssl=1\" alt=\"\" class=\"wp-image-46351\" \/><\/figure>\n<!-- \/wp:image -->\n\n<!-- wp:image \"id\":46352,\"align\":\"center\" -->\n<figure class=\"wp-block-image aligncenter\"><img data-recalc-dims=\"1\" decoding=\"async\" src=\"https:\/\/i0.wp.com\/clickfato.com.br\/wp-content\/uploads\/2026\/05\/micare-17-fotofredpontes_mavicaassessoria.jpg?w=696&#038;ssl=1\" alt=\"\" class=\"wp-image-46352\" \/><\/figure>\n<!-- \/wp:image -->\n\n<!-- wp:image \"id\":46353,\"align\":\"center\" -->\n<figure class=\"wp-block-image aligncenter\"><img data-recalc-dims=\"1\" decoding=\"async\" data-attachment-id=\"46353\" data-permalink=\"https:\/\/guialimeira.com.br\/news\/waguinho-da-santa-luzia-protocola-representacao-no-ministerio-publico-contra-a-hapvida\/2025-09-25_waguinho-da-santa-luzia-protocola-representacao-no-ministerio-publico-contra-a-hapvida_1-jpeg\/\" data-orig-file=\"https:\/\/i0.wp.com\/guialimeira.com.br\/news\/wp-content\/uploads\/2025\/09\/2025-09-25_waguinho-da-santa-luzia-protocola-representacao-no-ministerio-publico-contra-a-hapvida_1.jpeg?fit=100%2C50&amp;ssl=1\" data-orig-size=\"100,50\" data-comments-opened=\"1\" data-image-meta=\"{&quot;aperture&quot;:&quot;0&quot;,&quot;credit&quot;:&quot;&quot;,&quot;camera&quot;:&quot;&quot;,&quot;caption&quot;:&quot;&quot;,&quot;created_timestamp&quot;:&quot;0&quot;,&quot;copyright&quot;:&quot;&quot;,&quot;focal_length&quot;:&quot;0&quot;,&quot;iso&quot;:&quot;0&quot;,&quot;shutter_speed&quot;:&quot;0&quot;,&quot;title&quot;:&quot;&quot;,&quot;orientation&quot;:&quot;0&quot;}\" data-image-title=\"2025-09-25_waguinho-da-santa-luzia-protocola-representacao-no-ministerio-publico-contra-a-hapvida_1.jpeg\" data-image-description=\"\" data-image-caption=\"\" data-large-file=\"https:\/\/i0.wp.com\/guialimeira.com.br\/news\/wp-content\/uploads\/2025\/09\/2025-09-25_waguinho-da-santa-luzia-protocola-representacao-no-ministerio-publico-contra-a-hapvida_1.jpeg?fit=100%2C50&amp;ssl=1\" src=\"https:\/\/i0.wp.com\/clickfato.com.br\/wp-content\/uploads\/2026\/05\/micare-18-fotofredpontes_mavicaassessoria.jpg?w=696&#038;ssl=1\" alt=\"\" class=\"wp-image-46353\" \/><\/figure>\n<!-- \/wp:image -->\n\n<!-- wp:image \"id\":46354,\"align\":\"center\" -->\n<figure class=\"wp-block-image aligncenter\"><img data-recalc-dims=\"1\" decoding=\"async\" src=\"https:\/\/i0.wp.com\/clickfato.com.br\/wp-content\/uploads\/2026\/05\/micare-19-fotofredpontes_mavicaassessoria.jpg?w=696&#038;ssl=1\" alt=\"\" class=\"wp-image-46354\" \/><\/figure>\n<!-- \/wp:image -->\n\n<!-- wp:image \"id\":46355,\"align\":\"center\" -->\n<figure class=\"wp-block-image aligncenter\"><img data-recalc-dims=\"1\" decoding=\"async\" data-attachment-id=\"46355\" data-permalink=\"https:\/\/guialimeira.com.br\/news\/fux-defere-pedido-para-manter-numero-de-deputados-nas-eleicoes-de-2026\/52196980349_e189b0a770_k-jpg-2\/\" data-orig-file=\"https:\/\/i0.wp.com\/guialimeira.com.br\/news\/wp-content\/uploads\/2025\/09\/52196980349_e189b0a770_k.jpg?fit=1600%2C800&amp;ssl=1\" data-orig-size=\"1600,800\" data-comments-opened=\"1\" data-image-meta=\"{&quot;aperture&quot;:&quot;0&quot;,&quot;credit&quot;:&quot;&quot;,&quot;camera&quot;:&quot;&quot;,&quot;caption&quot;:&quot;&quot;,&quot;created_timestamp&quot;:&quot;0&quot;,&quot;copyright&quot;:&quot;&quot;,&quot;focal_length&quot;:&quot;0&quot;,&quot;iso&quot;:&quot;0&quot;,&quot;shutter_speed&quot;:&quot;0&quot;,&quot;title&quot;:&quot;&quot;,&quot;orientation&quot;:&quot;0&quot;}\" data-image-title=\"52196980349_e189b0a770_k.jpg\" data-image-description=\"\" data-image-caption=\"\" data-large-file=\"https:\/\/i0.wp.com\/guialimeira.com.br\/news\/wp-content\/uploads\/2025\/09\/52196980349_e189b0a770_k.jpg?fit=696%2C348&amp;ssl=1\" src=\"https:\/\/i0.wp.com\/clickfato.com.br\/wp-content\/uploads\/2026\/05\/micare-20-fotofredpontes_mavicaassessoria.jpg?w=696&#038;ssl=1\" alt=\"\" class=\"wp-image-46355\" \/><\/figure>\n<!-- \/wp:image -->\n\n<!-- wp:image \"id\":46356,\"align\":\"center\" -->\n<figure class=\"wp-block-image aligncenter\"><img data-recalc-dims=\"1\" decoding=\"async\" src=\"https:\/\/i0.wp.com\/clickfato.com.br\/wp-content\/uploads\/2026\/05\/micare-21-fotofredpontes_mavicaassessoria.jpg?w=696&#038;ssl=1\" alt=\"\" class=\"wp-image-46356\" \/><\/figure>\n<!-- \/wp:image -->\n\n<!-- wp:image \"id\":46357,\"align\":\"center\" -->\n<figure class=\"wp-block-image aligncenter\"><img data-recalc-dims=\"1\" decoding=\"async\" src=\"https:\/\/i0.wp.com\/clickfato.com.br\/wp-content\/uploads\/2026\/05\/micare-22-fotofredpontes_mavicaassessoria.jpg?w=696&#038;ssl=1\" alt=\"\" class=\"wp-image-46357\" \/><\/figure>\n<!-- \/wp:image -->\n\n<!-- wp:image \"id\":46358,\"align\":\"center\" -->\n<figure class=\"wp-block-image aligncenter\"><img data-recalc-dims=\"1\" decoding=\"async\" data-attachment-id=\"46358\" data-permalink=\"https:\/\/guialimeira.com.br\/news\/programa-de-desenvolvimento-paralimpico-faz-escala-em-tanabi\/programa-de-desenvolvimento-paralimpico-faz-escala-em-tanabi-2\/\" data-orig-file=\"https:\/\/i0.wp.com\/guialimeira.com.br\/news\/wp-content\/uploads\/2025\/09\/Programa-de-Desenvolvimento-Paralimpico-faz-escala-em-Tanabi.jpg?fit=1280%2C853&amp;ssl=1\" data-orig-size=\"1280,853\" data-comments-opened=\"1\" data-image-meta=\"{&quot;aperture&quot;:&quot;0&quot;,&quot;credit&quot;:&quot;&quot;,&quot;camera&quot;:&quot;&quot;,&quot;caption&quot;:&quot;&quot;,&quot;created_timestamp&quot;:&quot;0&quot;,&quot;copyright&quot;:&quot;&quot;,&quot;focal_length&quot;:&quot;0&quot;,&quot;iso&quot;:&quot;0&quot;,&quot;shutter_speed&quot;:&quot;0&quot;,&quot;title&quot;:&quot;&quot;,&quot;orientation&quot;:&quot;1&quot;}\" data-image-title=\"Programa de Desenvolvimento Paral\u00edmpico faz escala em Tanabi\" data-image-description=\"\" data-image-caption=\"\" data-large-file=\"https:\/\/i0.wp.com\/guialimeira.com.br\/news\/wp-content\/uploads\/2025\/09\/Programa-de-Desenvolvimento-Paralimpico-faz-escala-em-Tanabi.jpg?fit=696%2C464&amp;ssl=1\" src=\"https:\/\/i0.wp.com\/clickfato.com.br\/wp-content\/uploads\/2026\/05\/micare-23-fotofredpontes_mavicaassessoria.jpg?w=696&#038;ssl=1\" alt=\"\" class=\"wp-image-46358\" \/><\/figure>\n<!-- \/wp:image -->\n\n<!-- wp:paragraph -->\n<p> #claudelopes70 #festivalmicare #fredpontes<\/p>\n<!-- \/wp:paragraph -->","protected":false},"excerpt":{"rendered":"<p>Durante o feriado do Dia do Trabalhador, nos dias 1\u00ba e 2 de maio, o estacionamento do Est\u00e1dio Man\u00e9 Garrincha recebeu a 6\u00aa edi\u00e7\u00e3o do Festival Micar\u00ea 2026, Bras\u00edlia outra multid\u00e3o tamb\u00e9m mostrava sua for\u00e7a desta vez ao som do ax\u00e9, consolidando a for\u00e7a do carnaval fora de \u00e9poca na capital federal. Foram dois dias \u2026<\/p>\n","protected":false},"author":5,"featured_media":64159,"comment_status":"closed","ping_status":"open","sticky":false,"template":"","format":"standard","meta":{"_jetpack_newsletter_access":"","_jetpack_dont_email_post_to_subs":false,"_jetpack_newsletter_tier_id":0,"_jetpack_memberships_contains_paywalled_content":false,"_mbp_banners":[],"_jetpack_feature_clip_id":0,"_jetpack_memberships_contains_paid_content":false,"footnotes":"","jetpack_publicize_message":"","jetpack_publicize_feature_enabled":true,"jetpack_social_post_already_shared":true,"jetpack_social_options":{"image_generator_settings":{"template":"highway","default_image_id":0,"font":"","enabled":false},"version":2},"jetpack_post_was_ever_published":false},"categories":[51],"tags":[46,69],"class_list":["post-64160","post","type-post","status-publish","format-standard","has-post-thumbnail","category-carnaval","tag-claudelopes70","tag-festivalmicare"],"jetpack_publicize_connections":[],"jetpack-related-posts":[],"jetpack_shortlink":"https:\/\/wp.me\/p7Eq1F-gGQ","jetpack_sharing_enabled":true,"jetpack_featured_media_url":"https:\/\/i0.wp.com\/guialimeira.com.br\/news\/wp-content\/uploads\/2026\/05\/micare-23-fotofredpontes_mavicaassessoria.jpg?fit=760%2C428&ssl=1","_links":{"self":[{"href":"https:\/\/guialimeira.com.br\/news\/wp-json\/wp\/v2\/posts\/64160","targetHints":{"allow":["GET"]}}],"collection":[{"href":"https:\/\/guialimeira.com.br\/news\/wp-json\/wp\/v2\/posts"}],"about":[{"href":"https:\/\/guialimeira.com.br\/news\/wp-json\/wp\/v2\/types\/post"}],"author":[{"embeddable":true,"href":"https:\/\/guialimeira.com.br\/news\/wp-json\/wp\/v2\/users\/5"}],"replies":[{"embeddable":true,"href":"https:\/\/guialimeira.com.br\/news\/wp-json\/wp\/v2\/comments?post=64160"}],"version-history":[{"count":1,"href":"https:\/\/guialimeira.com.br\/news\/wp-json\/wp\/v2\/posts\/64160\/revisions"}],"predecessor-version":[{"id":64161,"href":"https:\/\/guialimeira.com.br\/news\/wp-json\/wp\/v2\/posts\/64160\/revisions\/64161"}],"wp:featuredmedia":[{"embeddable":true,"href":"https:\/\/guialimeira.com.br\/news\/wp-json\/wp\/v2\/media\/64159"}],"wp:attachment":[{"href":"https:\/\/guialimeira.com.br\/news\/wp-json\/wp\/v2\/media?parent=64160"}],"wp:term":[{"taxonomy":"category","embeddable":true,"href":"https:\/\/guialimeira.com.br\/news\/wp-json\/wp\/v2\/categories?post=64160"},{"taxonomy":"post_tag","embeddable":true,"href":"https:\/\/guialimeira.com.br\/news\/wp-json\/wp\/v2\/tags?post=64160"}],"curies":[{"name":"wp","href":"https:\/\/api.w.org\/{rel}","templated":true}]}}