{"id":64156,"date":"2026-05-04T15:25:53","date_gmt":"2026-05-04T18:25:53","guid":{"rendered":"https:\/\/guialimeira.com.br\/everton-ferreira-acompanha-inicio-das-atividades-na-ubs-do-geada\/"},"modified":"2026-05-04T15:25:53","modified_gmt":"2026-05-04T18:25:53","slug":"everton-ferreira-acompanha-inicio-das-atividades-na-ubs-do-geada","status":"publish","type":"post","link":"https:\/\/guialimeira.com.br\/news\/everton-ferreira-acompanha-inicio-das-atividades-na-ubs-do-geada\/","title":{"rendered":"Everton Ferreira acompanha in\u00edcio das atividades na UBS do Geada"},"content":{"rendered":"<p>Everton Ferreira acompanha in\u00edcio das atividades na UBS do Geada<\/p>\n<p>O vereador Everton Ferreira (PSD) visitou a Unidade B\u00e1sica de Sa\u00fade (UBS) do Geada dia 30 de abril. A UBS come\u00e7ou a funcionar nesta semana ap\u00f3s a inaugura\u00e7\u00e3o no dia 29 de abril. A unidade j\u00e1 iniciou o agendamento para atendimentos com cl\u00ednico geral e deve ampliar gradualmente a oferta de servi\u00e7os.<\/p>\n<p>Segundo o vereador, a UBS contar\u00e1 com dois m\u00e9dicos generalistas, um pediatra, um ginecologista e atendimento odontol\u00f3gico. A previs\u00e3o \u00e9 de que os servi\u00e7os de cl\u00ednica geral e odontologia sejam iniciados j\u00e1 na pr\u00f3xima semana.<\/p>\n<p>Localizada em uma regi\u00e3o densamente populosa, a unidade atender\u00e1 moradores do Geada e tamb\u00e9m de bairros adjacentes, como o Belinha Ometto, contribuindo para descentralizar a demanda por atendimentos de sa\u00fade no Munic\u00edpio. \u201cEssa \u00e9 uma conquista fruto de um trabalho de muitas m\u00e3os, incluindo do nosso mandato. \u00c9 uma unidade de extrema import\u00e2ncia para uma regi\u00e3o que cresceu muito e precisava de um equipamento de sa\u00fade mais pr\u00f3ximo da popula\u00e7\u00e3o\u201d, afirmou o vereador.<\/p>\n<p>Do Gabinete Parlamentar &#8211; Vereador Everton Ferreira (PSD)<\/p>\n<p>*Fotos do Gabinete Parlamentar<\/p>\n<p>As mat\u00e9rias de origem dos Gabinetes Parlamentares s\u00e3o de inteira\u00a0 responsabilidade dos parlamentares e de suas assessorias. S\u00e3o devidamente assinadas e n\u00e3o refletem, necessariamente, a opini\u00e3o institucional da C\u00e2mara Municipal de Limeira.<\/p>\n<hr>\n<p><em>Fonte: <a href=\"https:\/\/www.limeira.sp.leg.br\/noticias\/view\/2026-05-04_everton-ferreira-acompanha-inicio-das-atividades-na-ubs-do-geada\" target=\"_blank\" rel=\"noopener\">C\u00e2mara Municipal de Limeira<\/a><\/em><\/p>\n","protected":false},"excerpt":{"rendered":"<p>Everton Ferreira acompanha in\u00edcio das atividades na UBS do Geada<\/p>\n<p>O vereador Everton Ferreira (PSD) visitou a Unidade B\u00e1sica de Sa\u00fade (UBS) do Geada dia 30 de abril. A UBS come\u00e7ou a funcionar nesta semana ap\u00f3s a inaugura\u00e7\u00e3o no dia 29 de abril. A unidade j\u00e1 iniciou o agendamento para atendimentos com<\/p>\n","protected":false},"author":4,"featured_media":64155,"comment_status":"","ping_status":"open","sticky":false,"template":"","format":"standard","meta":{"_jetpack_newsletter_access":"","_jetpack_dont_email_post_to_subs":false,"_jetpack_newsletter_tier_id":0,"_jetpack_memberships_contains_paywalled_content":false,"_mbp_banners":[],"_jetpack_feature_clip_id":0,"_jetpack_memberships_contains_paid_content":false,"footnotes":"","jetpack_publicize_message":"","jetpack_publicize_feature_enabled":true,"jetpack_social_post_already_shared":true,"jetpack_social_options":{"image_generator_settings":{"template":"highway","default_image_id":0,"font":"","enabled":false},"version":2},"jetpack_post_was_ever_published":false},"categories":[19],"tags":[],"class_list":["post-64156","post","type-post","status-publish","format-standard","has-post-thumbnail","category-politica"],"jetpack_publicize_connections":[],"jetpack-related-posts":[],"jetpack_shortlink":"https:\/\/wp.me\/p7Eq1F-gGM","jetpack_sharing_enabled":true,"jetpack_featured_media_url":"https:\/\/i0.wp.com\/guialimeira.com.br\/news\/wp-content\/uploads\/2026\/05\/noticia-camara-3.jpg?fit=1280%2C640&ssl=1","_links":{"self":[{"href":"https:\/\/guialimeira.com.br\/news\/wp-json\/wp\/v2\/posts\/64156","targetHints":{"allow":["GET"]}}],"collection":[{"href":"https:\/\/guialimeira.com.br\/news\/wp-json\/wp\/v2\/posts"}],"about":[{"href":"https:\/\/guialimeira.com.br\/news\/wp-json\/wp\/v2\/types\/post"}],"author":[{"embeddable":true,"href":"https:\/\/guialimeira.com.br\/news\/wp-json\/wp\/v2\/users\/4"}],"replies":[{"embeddable":true,"href":"https:\/\/guialimeira.com.br\/news\/wp-json\/wp\/v2\/comments?post=64156"}],"version-history":[{"count":0,"href":"https:\/\/guialimeira.com.br\/news\/wp-json\/wp\/v2\/posts\/64156\/revisions"}],"wp:featuredmedia":[{"embeddable":true,"href":"https:\/\/guialimeira.com.br\/news\/wp-json\/wp\/v2\/media\/64155"}],"wp:attachment":[{"href":"https:\/\/guialimeira.com.br\/news\/wp-json\/wp\/v2\/media?parent=64156"}],"wp:term":[{"taxonomy":"category","embeddable":true,"href":"https:\/\/guialimeira.com.br\/news\/wp-json\/wp\/v2\/categories?post=64156"},{"taxonomy":"post_tag","embeddable":true,"href":"https:\/\/guialimeira.com.br\/news\/wp-json\/wp\/v2\/tags?post=64156"}],"curies":[{"name":"wp","href":"https:\/\/api.w.org\/{rel}","templated":true}]}}