{"id":64154,"date":"2026-05-04T15:20:52","date_gmt":"2026-05-04T18:20:52","guid":{"rendered":"https:\/\/guialimeira.com.br\/projeto-de-calcadao-elevado-no-parque-hipolito-e-discutido-em-reuniao-na-prefeitura\/"},"modified":"2026-05-04T15:20:52","modified_gmt":"2026-05-04T18:20:52","slug":"projeto-de-calcadao-elevado-no-parque-hipolito-e-discutido-em-reuniao-na-prefeitura","status":"publish","type":"post","link":"https:\/\/guialimeira.com.br\/news\/projeto-de-calcadao-elevado-no-parque-hipolito-e-discutido-em-reuniao-na-prefeitura\/","title":{"rendered":"Projeto de cal\u00e7ad\u00e3o elevado no Parque Hip\u00f3lito \u00e9 discutido em reuni\u00e3o na Prefeitura"},"content":{"rendered":"<p>Projeto de cal\u00e7ad\u00e3o elevado no Parque Hip\u00f3lito \u00e9 discutido em reuni\u00e3o na Prefeitura<\/p>\n<p>O vereador Helder do T\u00e1xi (PSD) esteve em reuni\u00e3o na Prefeitura dia 29 de abril, com o prefeito Murilo Felix (Podemos); a secret\u00e1ria de Urbanismo, Ana Cristina; o diretor da Secretaria de Obras, Renan Corbini; o secret\u00e1rio-executivo, Silvio Brito; e representantes da Par\u00f3quia Santa Isabel de Portugal, Edson Katelli, Jos\u00e9 Arimatea e Cleber, para debaterem sobre o projeto do cal\u00e7ad\u00e3o elevado que ser\u00e1 constru\u00eddo na rua Arlinda de Abreu Ribeiro, no bairro Parque Hip\u00f3lito, que liga a Par\u00f3quia Santa Isabel de Portugal ao largo Santa Isabel.<\/p>\n<p>De acordo com o parlamentar, a proposta da obra \u00e9 criar um espa\u00e7o moderno de conviv\u00eancia, trazendo mais seguran\u00e7a, acessibilidade e qualidade de vida para os moradores e frequentadores da regi\u00e3o. \u201cO projeto tamb\u00e9m contar\u00e1 com um diferencial, que ser\u00e1 uma representa\u00e7\u00e3o art\u00edstica no cal\u00e7amento, com flores que simbolizam a identidade da par\u00f3quia, valorizando ainda mais o espa\u00e7o urbano e cultural do bairro\u201d, explicou.<\/p>\n<p>O vereador Helder do T\u00e1xi destacou a import\u00e2ncia da parceria entre o Poder Executivo, a comunidade e a igreja, na pessoa do padre Edimilson Silva. &#8220;Esse \u00e9 um projeto que une seguran\u00e7a, beleza e conviv\u00eancia. Um avan\u00e7o importante para o Parque Hip\u00f3lito e para toda regi\u00e3o\u201d, enfatizou.<\/p>\n<p>\u201cAgradecemos ao prefeito Murilo Felix que acatou este pedido e aos secret\u00e1rios pela recep\u00e7\u00e3o e pelo empenho em atender essa demanda t\u00e3o significativa para a comunidade\u201d, ressaltou Helder do T\u00e1xi.<\/p>\n<p>O parlamentar j\u00e1 protocolou anteriormente duas indica\u00e7\u00f5es solicitando o fechamento da rua Arlinda de Abreu Ribeiro, sendo elas as Indica\u00e7\u00f5es N\u00b0 1029\/2025 e N\u00b0 2117\/2024.<\/p>\n<p>Do Gabinete Parlamentar &#8211; Vereador Helder do T\u00e1xi (PSD)<\/p>\n<p>*Fotos do Gabinete Parlamentar<\/p>\n<p>As mat\u00e9rias de origem dos Gabinetes Parlamentares s\u00e3o de inteira\u00a0 responsabilidade dos parlamentares e de suas assessorias. S\u00e3o devidamente assinadas e n\u00e3o refletem, necessariamente, a opini\u00e3o institucional da C\u00e2mara Municipal de Limeira.<\/p>\n<hr>\n<p><em>Fonte: <a href=\"https:\/\/www.limeira.sp.leg.br\/noticias\/view\/2026-05-04_projeto-de-calcadao-elevado-no-parque-hipolito-e-discutido-em-reuniao-na-prefeitura\" target=\"_blank\" rel=\"noopener\">C\u00e2mara Municipal de Limeira<\/a><\/em><\/p>\n","protected":false},"excerpt":{"rendered":"<p>Projeto de cal\u00e7ad\u00e3o elevado no Parque Hip\u00f3lito \u00e9 discutido em reuni\u00e3o na Prefeitura<\/p>\n<p>O vereador Helder do T\u00e1xi (PSD) esteve em reuni\u00e3o na Prefeitura dia 29 de abril, com o prefeito Murilo Felix (Podemos); a secret\u00e1ria de Urbanismo, Ana Cristina; o diretor da Secretaria de Obras, Renan Corbini; o sec<\/p>\n","protected":false},"author":4,"featured_media":64153,"comment_status":"","ping_status":"open","sticky":false,"template":"","format":"standard","meta":{"_jetpack_newsletter_access":"","_jetpack_dont_email_post_to_subs":false,"_jetpack_newsletter_tier_id":0,"_jetpack_memberships_contains_paywalled_content":false,"_mbp_banners":[],"_jetpack_feature_clip_id":0,"_jetpack_memberships_contains_paid_content":false,"footnotes":"","jetpack_publicize_message":"","jetpack_publicize_feature_enabled":true,"jetpack_social_post_already_shared":true,"jetpack_social_options":{"image_generator_settings":{"template":"highway","default_image_id":0,"font":"","enabled":false},"version":2},"jetpack_post_was_ever_published":false},"categories":[19],"tags":[],"class_list":["post-64154","post","type-post","status-publish","format-standard","has-post-thumbnail","category-politica"],"jetpack_publicize_connections":[],"jetpack-related-posts":[],"jetpack_shortlink":"https:\/\/wp.me\/p7Eq1F-gGK","jetpack_sharing_enabled":true,"jetpack_featured_media_url":"https:\/\/i0.wp.com\/guialimeira.com.br\/news\/wp-content\/uploads\/2026\/05\/noticia-camara-2.jpg?fit=1280%2C640&ssl=1","_links":{"self":[{"href":"https:\/\/guialimeira.com.br\/news\/wp-json\/wp\/v2\/posts\/64154","targetHints":{"allow":["GET"]}}],"collection":[{"href":"https:\/\/guialimeira.com.br\/news\/wp-json\/wp\/v2\/posts"}],"about":[{"href":"https:\/\/guialimeira.com.br\/news\/wp-json\/wp\/v2\/types\/post"}],"author":[{"embeddable":true,"href":"https:\/\/guialimeira.com.br\/news\/wp-json\/wp\/v2\/users\/4"}],"replies":[{"embeddable":true,"href":"https:\/\/guialimeira.com.br\/news\/wp-json\/wp\/v2\/comments?post=64154"}],"version-history":[{"count":0,"href":"https:\/\/guialimeira.com.br\/news\/wp-json\/wp\/v2\/posts\/64154\/revisions"}],"wp:featuredmedia":[{"embeddable":true,"href":"https:\/\/guialimeira.com.br\/news\/wp-json\/wp\/v2\/media\/64153"}],"wp:attachment":[{"href":"https:\/\/guialimeira.com.br\/news\/wp-json\/wp\/v2\/media?parent=64154"}],"wp:term":[{"taxonomy":"category","embeddable":true,"href":"https:\/\/guialimeira.com.br\/news\/wp-json\/wp\/v2\/categories?post=64154"},{"taxonomy":"post_tag","embeddable":true,"href":"https:\/\/guialimeira.com.br\/news\/wp-json\/wp\/v2\/tags?post=64154"}],"curies":[{"name":"wp","href":"https:\/\/api.w.org\/{rel}","templated":true}]}}