{"id":64149,"date":"2026-05-04T15:15:51","date_gmt":"2026-05-04T18:15:51","guid":{"rendered":"https:\/\/guialimeira.com.br\/everton-ferreira-discute-seguranca-no-entorno-da-boa-morte-com-secretario-de-seguranca\/"},"modified":"2026-05-04T15:15:51","modified_gmt":"2026-05-04T18:15:51","slug":"everton-ferreira-discute-seguranca-no-entorno-da-boa-morte-com-secretario-de-seguranca","status":"publish","type":"post","link":"https:\/\/guialimeira.com.br\/news\/everton-ferreira-discute-seguranca-no-entorno-da-boa-morte-com-secretario-de-seguranca\/","title":{"rendered":"Everton Ferreira discute seguran\u00e7a no entorno da Boa Morte com secret\u00e1rio de Seguran\u00e7a"},"content":{"rendered":"<p>Everton Ferreira discute seguran\u00e7a no entorno da Boa Morte com secret\u00e1rio de Seguran\u00e7a<\/p>\n<p>Na tarde da \u00faltima quarta-feira, 29 de abril, o vereador Everton Ferreira (PSD) se reuniu com o secret\u00e1rio municipal de Seguran\u00e7a P\u00fablica, Anderson Pereira, para tratar de a\u00e7\u00f5es voltadas \u00e0 seguran\u00e7a no entorno da Igreja da Boa Morte e na regi\u00e3o central da cidade.<\/p>\n<p>Segundo o parlamentar, o encontro d\u00e1 continuidade \u00e0s discuss\u00f5es iniciadas com a Confraria da Boa Morte e amplia o debate para quest\u00f5es relacionadas ao ordenamento urbano, fluxo de ve\u00edculos e, principalmente, \u00e0 seguran\u00e7a de frequentadores, comerciantes e moradores da \u00e1rea.<\/p>\n<p>Entre os temas abordados estiveram o refor\u00e7o no patrulhamento preventivo, a presen\u00e7a da Guarda Civil Municipal e estrat\u00e9gias para ampliar a sensa\u00e7\u00e3o de seguran\u00e7a no Centro. \u201cAl\u00e9m das quest\u00f5es administrativas e legais envolvendo o espa\u00e7o, existe uma preocupa\u00e7\u00e3o real com a seguran\u00e7a de quem circula pela regi\u00e3o. O Centro precisa de aten\u00e7\u00e3o constante, com presen\u00e7a efetiva e planejamento para prevenir ocorr\u00eancias e garantir tranquilidade para os limeirenses que frequentam as igrejas\u201d, destacou o vereador.<\/p>\n<p>Reuni\u00e3o com Confraria levanta demandas sobre seguran\u00e7a e uso da \u00e1rea<\/p>\n<p>Na manh\u00e3 do mesmo dia, o vereador se reuniu com representantes da Confraria de Nossa Senhora da Boa Morte e Assun\u00e7\u00e3o, na Igreja da Boa Morte, para discutir os apontamentos do Requerimento N\u00ba 377\/2026, que trata da utiliza\u00e7\u00e3o da \u00e1rea do Largo da Boa Morte e da cobran\u00e7a de \u00c1rea Azul em espa\u00e7o que, segundo registros municipais, pertence \u00e0 entidade.<\/p>\n<p>Durante o encontro, al\u00e9m das quest\u00f5es legais envolvendo a ocupa\u00e7\u00e3o e poss\u00edvel regulariza\u00e7\u00e3o do espa\u00e7o, a Confraria manifestou preocupa\u00e7\u00e3o com a seguran\u00e7a no entorno da igreja, relatando a presen\u00e7a frequente de pessoas em situa\u00e7\u00e3o de rua e usu\u00e1rios de \u00e1lcool e drogas que t\u00eam abordado fi\u00e9is e comerciantes, inclusive durante celebra\u00e7\u00f5es religiosas.<\/p>\n<p>Do Gabinete Parlamentar \u2013 Vereador Everton Ferreira (PSD)<\/p>\n<p>Fotos do Gabinete Parlamentar<\/p>\n<p>As mat\u00e9rias de origem dos Gabinetes Parlamentares s\u00e3o de inteira\u00a0 responsabilidade dos parlamentares e de suas assessorias. S\u00e3o devidamente assinadas e n\u00e3o refletem, necessariamente, a opini\u00e3o institucional da C\u00e2mara Municipal de Limeira.<\/p>\n<hr>\n<p><em>Fonte: <a href=\"https:\/\/www.limeira.sp.leg.br\/noticias\/view\/2026-05-04_everton-ferreira-discute-seguranca-no-entorno-da-boa-morte-com-secretario-de-seguranca\" target=\"_blank\" rel=\"noopener\">C\u00e2mara Municipal de Limeira<\/a><\/em><\/p>\n","protected":false},"excerpt":{"rendered":"<p>Everton Ferreira discute seguran\u00e7a no entorno da Boa Morte com secret\u00e1rio de Seguran\u00e7a<\/p>\n<p>Na tarde da \u00faltima quarta-feira, 29 de abril, o vereador Everton Ferreira (PSD) se reuniu com o secret\u00e1rio municipal de Seguran\u00e7a P\u00fablica, Anderson Pereira, para tratar de a\u00e7\u00f5es voltadas \u00e0 seguran\u00e7a no entorno da<\/p>\n","protected":false},"author":4,"featured_media":64148,"comment_status":"","ping_status":"open","sticky":false,"template":"","format":"standard","meta":{"_jetpack_newsletter_access":"","_jetpack_dont_email_post_to_subs":false,"_jetpack_newsletter_tier_id":0,"_jetpack_memberships_contains_paywalled_content":false,"_mbp_banners":[],"_jetpack_feature_clip_id":0,"_jetpack_memberships_contains_paid_content":false,"footnotes":"","jetpack_publicize_message":"","jetpack_publicize_feature_enabled":true,"jetpack_social_post_already_shared":true,"jetpack_social_options":{"image_generator_settings":{"template":"highway","default_image_id":0,"font":"","enabled":false},"version":2},"jetpack_post_was_ever_published":false},"categories":[19],"tags":[],"class_list":["post-64149","post","type-post","status-publish","format-standard","has-post-thumbnail","category-politica"],"jetpack_publicize_connections":[],"jetpack-related-posts":[],"jetpack_shortlink":"https:\/\/wp.me\/p7Eq1F-gGF","jetpack_sharing_enabled":true,"jetpack_featured_media_url":"https:\/\/i0.wp.com\/guialimeira.com.br\/news\/wp-content\/uploads\/2026\/05\/noticia-camara-1.jpg?fit=1280%2C640&ssl=1","_links":{"self":[{"href":"https:\/\/guialimeira.com.br\/news\/wp-json\/wp\/v2\/posts\/64149","targetHints":{"allow":["GET"]}}],"collection":[{"href":"https:\/\/guialimeira.com.br\/news\/wp-json\/wp\/v2\/posts"}],"about":[{"href":"https:\/\/guialimeira.com.br\/news\/wp-json\/wp\/v2\/types\/post"}],"author":[{"embeddable":true,"href":"https:\/\/guialimeira.com.br\/news\/wp-json\/wp\/v2\/users\/4"}],"replies":[{"embeddable":true,"href":"https:\/\/guialimeira.com.br\/news\/wp-json\/wp\/v2\/comments?post=64149"}],"version-history":[{"count":0,"href":"https:\/\/guialimeira.com.br\/news\/wp-json\/wp\/v2\/posts\/64149\/revisions"}],"wp:featuredmedia":[{"embeddable":true,"href":"https:\/\/guialimeira.com.br\/news\/wp-json\/wp\/v2\/media\/64148"}],"wp:attachment":[{"href":"https:\/\/guialimeira.com.br\/news\/wp-json\/wp\/v2\/media?parent=64149"}],"wp:term":[{"taxonomy":"category","embeddable":true,"href":"https:\/\/guialimeira.com.br\/news\/wp-json\/wp\/v2\/categories?post=64149"},{"taxonomy":"post_tag","embeddable":true,"href":"https:\/\/guialimeira.com.br\/news\/wp-json\/wp\/v2\/tags?post=64149"}],"curies":[{"name":"wp","href":"https:\/\/api.w.org\/{rel}","templated":true}]}}