{"id":64145,"date":"2026-05-04T15:05:52","date_gmt":"2026-05-04T18:05:52","guid":{"rendered":"https:\/\/guialimeira.com.br\/lu-bogo-pede-manutencoes-para-acesso-ao-bairro-jaguari\/"},"modified":"2026-05-04T15:05:52","modified_gmt":"2026-05-04T18:05:52","slug":"lu-bogo-pede-manutencoes-para-acesso-ao-bairro-jaguari","status":"publish","type":"post","link":"https:\/\/guialimeira.com.br\/news\/lu-bogo-pede-manutencoes-para-acesso-ao-bairro-jaguari\/","title":{"rendered":"Lu Bogo pede manuten\u00e7\u00f5es para acesso ao bairro Jaguari"},"content":{"rendered":"<p>Lu Bogo pede manuten\u00e7\u00f5es para acesso ao bairro Jaguari<\/p>\n<p>A vereadora Lu Bogo (PL) protocolou dia 22 de abril a Mo\u00e7\u00e3o N\u00b0 72\/2026 para o governador do estado de S\u00e3o Paulo, Tarc\u00edsio de Freitas (Republicanos), \u00e0 Concession\u00e1ria Autoban e \u00e0 Ag\u00eancia de Transporte do Estado de S\u00e3o Paulo (Artesp), para que fa\u00e7am as manuten\u00e7\u00f5es necess\u00e1rias em todos os acessos para a Rodovia Anhanguera, incluindo as faixas de acelera\u00e7\u00e3o e desacelera\u00e7\u00e3o nas ruas Ismael Ferreira dos Santos e Miguel Guidotti, no bairro Egisto Ragazzo, e acesso para o bairro Jaguari.<\/p>\n<p>\u201cH\u00e1 tempos moradores do bairro Jaguari, empres\u00e1rios, aguardam as melhorias no acesso da Rodovia Anhanguera. Por ali, diariamente passam mercadorias que abastecem o mercado nacional e internacional. \u00c9 preciso modernizar e melhorar o acesso para o bairro, onde al\u00e9m das empresas, h\u00e1 escola, igreja, centro rural e uma popula\u00e7\u00e3o que anseia por estes servi\u00e7os\u201d, comentou Lu Bogo.<\/p>\n<p>A vereadora destacou tamb\u00e9m que o acesso para a Rodovia Anhanguera \u00e9 um pedido antigo dos comerciantes, principalmente na altura dos restaurantes, shopping e hotel, onde h\u00e1 muitos buracos, o que coloca em risco o tr\u00e2nsito de motoristas, pedestres, ciclistas e todos que por ali circulam.<\/p>\n<p>\u201cNa C\u00e2mara j\u00e1 fizemos indica\u00e7\u00f5es, requerimentos e mo\u00e7\u00f5es e a resposta que temos \u00e9 que a concession\u00e1ria Autoban \u00e9 a respons\u00e1vel pela melhoria e manuten\u00e7\u00e3o da via. Com esta Mo\u00e7\u00e3o que protocolamos, queremos provocar as autoridades competentes a fazerem o servi\u00e7o, porque do jeito que est\u00e1 \u00e9 perigoso, estamos com riscos graves de acidentes\u201d, ressaltou a vereadora.<\/p>\n<p>Segundo Lu Bogo, a Mo\u00e7\u00e3o aprovada ser\u00e1 encaminhada para o governador Tarc\u00edsio de Freitas, \u00e0 Autoban, \u00e0 Artesp, ao prefeito Murilo F\u00e9lix (Podemos) e ao deputado estadual Andr\u00e9 do Prado (PL).<\/p>\n<p>Do Gabinete Parlamentar &#8211; Vereadora Lu Bogo (PL)<\/p>\n<p>As mat\u00e9rias de origem dos Gabinetes Parlamentares s\u00e3o de inteira\u00a0 responsabilidade dos parlamentares e de suas assessorias. S\u00e3o devidamente assinadas e n\u00e3o refletem, necessariamente, a opini\u00e3o institucional da C\u00e2mara Municipal de Limeira.<\/p>\n<hr>\n<p><em>Fonte: <a href=\"https:\/\/www.limeira.sp.leg.br\/noticias\/view\/2026-05-04_lu-bogo-pede-manutencoes-para-acesso-ao-bairro-jaguari\" target=\"_blank\" rel=\"noopener\">C\u00e2mara Municipal de Limeira<\/a><\/em><\/p>\n","protected":false},"excerpt":{"rendered":"<p>Lu Bogo pede manuten\u00e7\u00f5es para acesso ao bairro Jaguari<\/p>\n<p>A vereadora Lu Bogo (PL) protocolou dia 22 de abril a Mo\u00e7\u00e3o N\u00b0 72\/2026 para o governador do estado de S\u00e3o Paulo, Tarc\u00edsio de Freitas (Republicanos), \u00e0 Concession\u00e1ria Autoban e \u00e0 Ag\u00eancia de Transporte do Estado de S\u00e3o Paulo (Artesp), para que fa<\/p>\n","protected":false},"author":4,"featured_media":64144,"comment_status":"","ping_status":"open","sticky":false,"template":"","format":"standard","meta":{"_jetpack_newsletter_access":"","_jetpack_dont_email_post_to_subs":false,"_jetpack_newsletter_tier_id":0,"_jetpack_memberships_contains_paywalled_content":false,"_mbp_banners":[],"_jetpack_feature_clip_id":0,"_jetpack_memberships_contains_paid_content":false,"footnotes":"","jetpack_publicize_message":"","jetpack_publicize_feature_enabled":true,"jetpack_social_post_already_shared":true,"jetpack_social_options":{"image_generator_settings":{"template":"highway","default_image_id":0,"font":"","enabled":false},"version":2},"jetpack_post_was_ever_published":false},"categories":[19],"tags":[],"class_list":["post-64145","post","type-post","status-publish","format-standard","has-post-thumbnail","category-politica"],"jetpack_publicize_connections":[],"jetpack-related-posts":[],"jetpack_shortlink":"https:\/\/wp.me\/p7Eq1F-gGB","jetpack_sharing_enabled":true,"jetpack_featured_media_url":"https:\/\/i0.wp.com\/guialimeira.com.br\/news\/wp-content\/uploads\/2026\/05\/noticia-camara.jpg?fit=1280%2C640&ssl=1","_links":{"self":[{"href":"https:\/\/guialimeira.com.br\/news\/wp-json\/wp\/v2\/posts\/64145","targetHints":{"allow":["GET"]}}],"collection":[{"href":"https:\/\/guialimeira.com.br\/news\/wp-json\/wp\/v2\/posts"}],"about":[{"href":"https:\/\/guialimeira.com.br\/news\/wp-json\/wp\/v2\/types\/post"}],"author":[{"embeddable":true,"href":"https:\/\/guialimeira.com.br\/news\/wp-json\/wp\/v2\/users\/4"}],"replies":[{"embeddable":true,"href":"https:\/\/guialimeira.com.br\/news\/wp-json\/wp\/v2\/comments?post=64145"}],"version-history":[{"count":0,"href":"https:\/\/guialimeira.com.br\/news\/wp-json\/wp\/v2\/posts\/64145\/revisions"}],"wp:featuredmedia":[{"embeddable":true,"href":"https:\/\/guialimeira.com.br\/news\/wp-json\/wp\/v2\/media\/64144"}],"wp:attachment":[{"href":"https:\/\/guialimeira.com.br\/news\/wp-json\/wp\/v2\/media?parent=64145"}],"wp:term":[{"taxonomy":"category","embeddable":true,"href":"https:\/\/guialimeira.com.br\/news\/wp-json\/wp\/v2\/categories?post=64145"},{"taxonomy":"post_tag","embeddable":true,"href":"https:\/\/guialimeira.com.br\/news\/wp-json\/wp\/v2\/tags?post=64145"}],"curies":[{"name":"wp","href":"https:\/\/api.w.org\/{rel}","templated":true}]}}