{"id":64125,"date":"2026-05-04T12:24:40","date_gmt":"2026-05-04T15:24:40","guid":{"rendered":"https:\/\/guialimeira.com.br\/?p=64125"},"modified":"2026-05-04T12:24:40","modified_gmt":"2026-05-04T15:24:40","slug":"pedro-faissal-o-meiofree-o-novo-album-que-reflete-a-liberdade-de-ser","status":"publish","type":"post","link":"https:\/\/guialimeira.com.br\/news\/pedro-faissal-o-meiofree-o-novo-album-que-reflete-a-liberdade-de-ser\/","title":{"rendered":"Pedro Faissal &amp; o Meiofree: o novo \u00e1lbum que reflete a liberdade de ser"},"content":{"rendered":"\n<p class=\"wp-block-paragraph\">Com quase 20 anos de estrada, a banda paraibana <strong>Pedro Faissal &#038; o Meiofree<\/strong> acaba de lan\u00e7ar seu novo \u00e1lbum, Intermares (Independente \u2013 2026), em janeiro passado. Este \u00e9 o quinto trabalho autoral do quinteto, que mistura rock alternativo com uma irrever\u00eancia e groove que evocam a atmosfera litor\u00e2nea de seu estado natal.<\/p>\n\n\n<!-- wp:image \"id\":46327,\"align\":\"center\" -->\n<figure class=\"wp-block-image aligncenter\"><img data-recalc-dims=\"1\" decoding=\"async\" data-attachment-id=\"46327\" data-permalink=\"https:\/\/guialimeira.com.br\/news\/em-audiencia-na-camara-prefeitura-presta-contas-sobre-receitas-e-despesas-do-orcamento-municipal-2\/2025-09-26_em-audiencia-na-camara-prefeitura-presta-contas-sobre-receitas-e-despesas-do-orcamento-mu-jpeg\/\" data-orig-file=\"https:\/\/i0.wp.com\/guialimeira.com.br\/news\/wp-content\/uploads\/2025\/09\/2025-09-26_em-audiencia-na-camara-prefeitura-presta-contas-sobre-receitas-e-despesas-do-orcamento-mu.jpeg?fit=100%2C50&amp;ssl=1\" data-orig-size=\"100,50\" data-comments-opened=\"1\" data-image-meta=\"{&quot;aperture&quot;:&quot;0&quot;,&quot;credit&quot;:&quot;&quot;,&quot;camera&quot;:&quot;&quot;,&quot;caption&quot;:&quot;&quot;,&quot;created_timestamp&quot;:&quot;0&quot;,&quot;copyright&quot;:&quot;&quot;,&quot;focal_length&quot;:&quot;0&quot;,&quot;iso&quot;:&quot;0&quot;,&quot;shutter_speed&quot;:&quot;0&quot;,&quot;title&quot;:&quot;&quot;,&quot;orientation&quot;:&quot;0&quot;}\" data-image-title=\"2025-09-26_em-audiencia-na-camara-prefeitura-presta-contas-sobre-receitas-e-despesas-do-orcamento-mu.jpeg\" data-image-description=\"\" data-image-caption=\"\" data-large-file=\"https:\/\/i0.wp.com\/guialimeira.com.br\/news\/wp-content\/uploads\/2025\/09\/2025-09-26_em-audiencia-na-camara-prefeitura-presta-contas-sobre-receitas-e-despesas-do-orcamento-mu.jpeg?fit=100%2C50&amp;ssl=1\" src=\"https:\/\/i0.wp.com\/clickfato.com.br\/wp-content\/uploads\/2026\/05\/PedroFaissaleMeiofree-04_mavicaassessoria.jpg?w=696&#038;ssl=1\" alt=\"\" class=\"wp-image-46327\" \/><\/figure>\n<!-- \/wp:post-content -->\n\n<!-- wp:paragraph -->\n<p>O disco foi concebido em Intermares, um bairro que conecta as cidades de Cabedelo e Jo\u00e3o Pessoa, e aborda temas de transi\u00e7\u00e3o, esperan\u00e7a e processos de cura. A escolha do nome reflete essa liga\u00e7\u00e3o, simbolizando as fases de mudan\u00e7a que todos enfrentamos. Recentemente, o grupo celebrou a rica hist\u00f3ria cultural entre Brasil e Fran\u00e7a com uma turn\u00ea pelo pa\u00eds europeu, marcando os 200 anos de acordos bilaterais entre as na\u00e7\u00f5es. A banda j\u00e1 dividiu palco com grandes nomes da m\u00fasica brasileira, como Cidade Negra, Zeca Baleiro, Ana Carolina, Lob\u00e3o e Biquini Cavad\u00e3o, solidificando sua presen\u00e7a no cen\u00e1rio musical nacional.<\/p>\n<!-- \/wp:paragraph -->\n\n<!-- wp:image \"id\":46326,\"align\":\"center\" -->\n<figure class=\"wp-block-image aligncenter\"><img data-recalc-dims=\"1\" decoding=\"async\" src=\"https:\/\/i0.wp.com\/clickfato.com.br\/wp-content\/uploads\/2026\/05\/PedroFaissaleMeiofree-03_mavicaassessoria.jpg?w=696&#038;ssl=1\" alt=\"\" class=\"wp-image-46326\" \/><\/figure>\n<!-- \/wp:image -->\n\n<!-- wp:paragraph -->\n<p>Na \u00e9poca da extinta MTV, Pedro Faissal &#038; o Meiofree lan\u00e7ou dois videoclipes que ajudaram a ampliar sua visibilidade. Agora, o quinteto, composto por Pedro Faissal (guitarra e voz), Andre dos Santos (p\u00edfano, escaleta, synths e vozes), Jo\u00e3o Aires (guitarra e vozes), Danilo Pacine (baixo e vozes) e Kleber Nascimento, se prepara para al\u00e7ar novos voos.<\/p>\n<!-- \/wp:paragraph -->\n\n<!-- wp:image \"id\":46324,\"align\":\"center\" -->\n<figure class=\"wp-block-image aligncenter\"><img data-recalc-dims=\"1\" decoding=\"async\" src=\"https:\/\/i0.wp.com\/clickfato.com.br\/wp-content\/uploads\/2026\/05\/PedroFaissaleMeiofree-01_mavicaassessoria.jpg?w=696&#038;ssl=1\" alt=\"\" class=\"wp-image-46324\" \/><\/figure>\n<!-- \/wp:image -->\n\n<!-- wp:paragraph -->\n<p>O pr\u00f3ximo passo da banda \u00e9 gravar o videoclipe de sua nova m\u00fasica de trabalho, &#8220;N\u00e3o Bin\u00e1rio&#8221;. Esta can\u00e7\u00e3o aborda as dificuldades de ser verdadeiramente quem somos em tempos de mudan\u00e7as e desafios, refletindo a experi\u00eancia vivida por Pedro Faissal em seu trabalho como psic\u00f3logo.<\/p>\n<!-- \/wp:paragraph -->\n\n<!-- wp:image \"id\":46328,\"align\":\"center\" -->\n<figure class=\"wp-block-image aligncenter\"><img data-recalc-dims=\"1\" decoding=\"async\" src=\"https:\/\/i0.wp.com\/clickfato.com.br\/wp-content\/uploads\/2026\/05\/PedroFaissaleMeiofree-05_mavicaassessoria.jpg?w=696&#038;ssl=1\" alt=\"\" class=\"wp-image-46328\" \/><\/figure>\n<!-- \/wp:image -->\n\n<!-- wp:paragraph -->\n<p>&#8220;N\u00e3o Bin\u00e1rio&#8221; \u00e9 um hino \u00e0 liberdade de ser, um convite para dar um drible no destino e mostrar que, mesmo em um mundo que muitas vezes tenta nos rotular, sempre encontraremos uma maneira de nos expressar. A banda est\u00e1 pronta para continuar sua jornada, trazendo mensagens de esperan\u00e7a e autenticidade atrav\u00e9s de sua m\u00fasica.<\/p>\n<!-- \/wp:paragraph -->\n\n<!-- wp:paragraph -->\n<p><strong>>> Ou\u00e7a no <a href=\"https:\/\/open.spotify.com\/track\/3zq02VBSkaB0PmJxPDU2iq?si=oeqnnA-zSTSZJx0dlzgAqw\" target=\"_blank\" rel=\"noreferrer noopener\">Spotify<\/a><\/strong><\/p>\n<!-- \/wp:paragraph -->\n\n<!-- wp:image \"id\":46325,\"align\":\"center\" -->\n<figure class=\"wp-block-image aligncenter\"><img data-recalc-dims=\"1\" decoding=\"async\" src=\"https:\/\/i0.wp.com\/clickfato.com.br\/wp-content\/uploads\/2026\/05\/PedroFaissaleMeiofree-02_mavicaassessoria.jpg?w=696&#038;ssl=1\" alt=\"\" class=\"wp-image-46325\" \/><\/figure>\n<!-- \/wp:image -->\n\n<!-- wp:paragraph -->\n<p> #claudelopes70 #pedrofaissaleomeiofree<\/p>\n<!-- \/wp:paragraph -->","protected":false},"excerpt":{"rendered":"<p>Com quase 20 anos de estrada, a banda paraibana Pedro Faissal &#038; o Meiofree acaba de lan\u00e7ar seu novo \u00e1lbum, Intermares (Independente \u2013 2026), em janeiro passado. Este \u00e9 o quinto trabalho autoral do quinteto, que mistura rock alternativo com uma irrever\u00eancia e groove que evocam a atmosfera litor\u00e2nea de seu estado natal. O disco \u2026<\/p>\n","protected":false},"author":5,"featured_media":64124,"comment_status":"closed","ping_status":"open","sticky":false,"template":"","format":"standard","meta":{"_jetpack_newsletter_access":"","_jetpack_dont_email_post_to_subs":false,"_jetpack_newsletter_tier_id":0,"_jetpack_memberships_contains_paywalled_content":false,"_mbp_banners":[],"_jetpack_feature_clip_id":0,"_jetpack_memberships_contains_paid_content":false,"footnotes":"","jetpack_publicize_message":"","jetpack_publicize_feature_enabled":true,"jetpack_social_post_already_shared":true,"jetpack_social_options":{"image_generator_settings":{"template":"highway","default_image_id":0,"font":"","enabled":false},"version":2},"jetpack_post_was_ever_published":false},"categories":[45],"tags":[46,67],"class_list":["post-64125","post","type-post","status-publish","format-standard","has-post-thumbnail","category-musica","tag-claudelopes70","tag-pedrofaissaleomeiofree"],"jetpack_publicize_connections":[],"jetpack-related-posts":[],"jetpack_shortlink":"https:\/\/wp.me\/p7Eq1F-gGh","jetpack_sharing_enabled":true,"jetpack_featured_media_url":"https:\/\/i0.wp.com\/guialimeira.com.br\/news\/wp-content\/uploads\/2026\/05\/PedroFaissaleMeiofree-03_mavicaassessoria.jpg?fit=760%2C428&ssl=1","_links":{"self":[{"href":"https:\/\/guialimeira.com.br\/news\/wp-json\/wp\/v2\/posts\/64125","targetHints":{"allow":["GET"]}}],"collection":[{"href":"https:\/\/guialimeira.com.br\/news\/wp-json\/wp\/v2\/posts"}],"about":[{"href":"https:\/\/guialimeira.com.br\/news\/wp-json\/wp\/v2\/types\/post"}],"author":[{"embeddable":true,"href":"https:\/\/guialimeira.com.br\/news\/wp-json\/wp\/v2\/users\/5"}],"replies":[{"embeddable":true,"href":"https:\/\/guialimeira.com.br\/news\/wp-json\/wp\/v2\/comments?post=64125"}],"version-history":[{"count":1,"href":"https:\/\/guialimeira.com.br\/news\/wp-json\/wp\/v2\/posts\/64125\/revisions"}],"predecessor-version":[{"id":64126,"href":"https:\/\/guialimeira.com.br\/news\/wp-json\/wp\/v2\/posts\/64125\/revisions\/64126"}],"wp:featuredmedia":[{"embeddable":true,"href":"https:\/\/guialimeira.com.br\/news\/wp-json\/wp\/v2\/media\/64124"}],"wp:attachment":[{"href":"https:\/\/guialimeira.com.br\/news\/wp-json\/wp\/v2\/media?parent=64125"}],"wp:term":[{"taxonomy":"category","embeddable":true,"href":"https:\/\/guialimeira.com.br\/news\/wp-json\/wp\/v2\/categories?post=64125"},{"taxonomy":"post_tag","embeddable":true,"href":"https:\/\/guialimeira.com.br\/news\/wp-json\/wp\/v2\/tags?post=64125"}],"curies":[{"name":"wp","href":"https:\/\/api.w.org\/{rel}","templated":true}]}}