{"id":6406,"date":"2024-05-25T11:00:43","date_gmt":"2024-05-25T14:00:43","guid":{"rendered":"https:\/\/guialimeira.com.br\/2024\/05\/25\/rio-inicia-campanha-contra-poliomielite-para-criancas-de-1-a-4-anos\/"},"modified":"2024-05-25T11:00:43","modified_gmt":"2024-05-25T14:00:43","slug":"rio-inicia-campanha-contra-poliomielite-para-criancas-de-1-a-4-anos","status":"publish","type":"post","link":"https:\/\/guialimeira.com.br\/news\/rio-inicia-campanha-contra-poliomielite-para-criancas-de-1-a-4-anos\/","title":{"rendered":"Rio inicia campanha contra poliomielite para crian\u00e7as de 1 a 4 anos"},"content":{"rendered":"<p> <br \/>\n<\/p>\n<div>\n<p>A Secretaria Municipal de Sa\u00fade do Rio inicia nesta segunda-feira (27) a campanha de vacina\u00e7\u00e3o contra a poliomielite para crian\u00e7as de um a quatro anos que estejam em dia com o esquema b\u00e1sico, conforme orienta\u00e7\u00e3o do Minist\u00e9rio da Sa\u00fade. Ao utilizar a vacina oral contra a paralisia infantil, a finalidade \u00e9 reduzir o risco da reintrodu\u00e7\u00e3o dessa doen\u00e7a no pa\u00eds e aumentar a cobertura vacinal.<img data-recalc-dims=\"1\" decoding=\"async\" src=\"https:\/\/i0.wp.com\/agenciabrasil.ebc.com.br\/ebc.png?w=696&#038;ssl=1\" style=\"width:1px; height:1px; display:inline;\"\/><img data-recalc-dims=\"1\" decoding=\"async\" src=\"https:\/\/i0.wp.com\/agenciabrasil.ebc.com.br\/ebc.gif?w=696&#038;ssl=1\" style=\"width:1px; height:1px; display:inline;\"\/><\/p>\n<p>A meta \u00e9 vacinar 236 mil crian\u00e7as, o que corresponde a 95% da popula\u00e7\u00e3o alvo de 248 mil indiv\u00edduos. A vacina est\u00e1 dispon\u00edvel em todas as 238 cl\u00ednicas da fam\u00edlia e centros municipais de sa\u00fade espalhados por toda a cidade, al\u00e9m do Super Centro Carioca de Vacina\u00e7\u00e3o, em Botafogo, na zona sul, que funciona todos os dias, das 8h \u00e0s 22h; e do Super Centro Carioca de Vacina\u00e7\u00e3o, unidade instalada no Park Shopping Campo Grande, que tamb\u00e9m abre todos os dias, de acordo com o hor\u00e1rio de funcionamento do centro comercial.<\/p>\n<h2>Comprovante de vacina\u00e7\u00e3o<\/h2>\n<p>A campanha de vacina\u00e7\u00e3o contra a poliomielite vai at\u00e9 o dia 14 de junho. Ao se dirigir aos postos com a crian\u00e7a, os respons\u00e1veis devem levar a caderneta ou comprovante de vacina\u00e7\u00e3o para avalia\u00e7\u00e3o da situa\u00e7\u00e3o vacinal, mesmo em casos de apresenta\u00e7\u00e3o das imuniza\u00e7\u00f5es de rotina em dia. Apenas pacientes imunodeprimidos, dentro da faixa et\u00e1ria determinada, e menores de um ano de idade n\u00e3o est\u00e3o indicados para vacina oral contra poliomielite, mas poder\u00e3o ter indica\u00e7\u00e3o para a aplica\u00e7\u00e3o da vacina inativada contra a doen\u00e7a. \u00a0<\/p>\n<p>Erradicada no Brasil desde 1994, a poliomielite ainda ocorre em locais como Paquist\u00e3o e Afeganist\u00e3o. Caracterizada por um quadro de paralisia decorrente do poliov\u00edrus selvagem tipo 1, 2 ou 3, a doen\u00e7a acomete os membros inferiores e, para garantir a prote\u00e7\u00e3o das crian\u00e7as, a imuniza\u00e7\u00e3o \u00e9 a forma mais eficaz de preven\u00e7\u00e3o.<\/p>\n<\/p><\/div>\n<p><br \/>\n<br \/><a href=\"https:\/\/agenciabrasil.ebc.com.br\/saude\/noticia\/2024-05\/rio-inicia-campanha-contra-poliomielite-para-criancas-de-1-4-anos\" rel=\"noopener\">Ag\u00eancia Brasil <\/a><\/p>\n","protected":false},"excerpt":{"rendered":"<p>A Secretaria Municipal de Sa\u00fade do Rio inicia nesta segunda-feira (27) a campanha de vacina\u00e7\u00e3o contra a poliomielite para crian\u00e7as de um a quatro anos que estejam em dia com o esquema b\u00e1sico, conforme orienta\u00e7\u00e3o do Minist\u00e9rio da Sa\u00fade. Ao utilizar a vacina oral contra a paralisia infantil, a finalidade \u00e9 reduzir o risco da [&hellip;]<\/p>\n","protected":false},"author":1,"featured_media":6407,"comment_status":"open","ping_status":"open","sticky":false,"template":"","format":"standard","meta":{"_jetpack_newsletter_access":"","_jetpack_dont_email_post_to_subs":false,"_jetpack_newsletter_tier_id":0,"_jetpack_memberships_contains_paywalled_content":false,"_mbp_banners":[],"_jetpack_feature_clip_id":0,"_jetpack_memberships_contains_paid_content":false,"footnotes":"","jetpack_publicize_message":"","jetpack_publicize_feature_enabled":true,"jetpack_social_post_already_shared":true,"jetpack_social_options":{"image_generator_settings":{"template":"highway","default_image_id":0,"font":"","enabled":false},"version":2},"jetpack_post_was_ever_published":false},"categories":[15],"tags":[],"class_list":["post-6406","post","type-post","status-publish","format-standard","has-post-thumbnail","category-saude"],"jetpack_publicize_connections":[],"jetpack-related-posts":[],"jetpack_shortlink":"https:\/\/wp.me\/p7Eq1F-1Fk","jetpack_sharing_enabled":true,"jetpack_featured_media_url":"https:\/\/i0.wp.com\/guialimeira.com.br\/news\/wp-content\/uploads\/2024\/05\/edit_mcmgo_abr20180818_1349.jpg?fit=1600%2C800&ssl=1","_links":{"self":[{"href":"https:\/\/guialimeira.com.br\/news\/wp-json\/wp\/v2\/posts\/6406","targetHints":{"allow":["GET"]}}],"collection":[{"href":"https:\/\/guialimeira.com.br\/news\/wp-json\/wp\/v2\/posts"}],"about":[{"href":"https:\/\/guialimeira.com.br\/news\/wp-json\/wp\/v2\/types\/post"}],"author":[{"embeddable":true,"href":"https:\/\/guialimeira.com.br\/news\/wp-json\/wp\/v2\/users\/1"}],"replies":[{"embeddable":true,"href":"https:\/\/guialimeira.com.br\/news\/wp-json\/wp\/v2\/comments?post=6406"}],"version-history":[{"count":0,"href":"https:\/\/guialimeira.com.br\/news\/wp-json\/wp\/v2\/posts\/6406\/revisions"}],"wp:featuredmedia":[{"embeddable":true,"href":"https:\/\/guialimeira.com.br\/news\/wp-json\/wp\/v2\/media\/6407"}],"wp:attachment":[{"href":"https:\/\/guialimeira.com.br\/news\/wp-json\/wp\/v2\/media?parent=6406"}],"wp:term":[{"taxonomy":"category","embeddable":true,"href":"https:\/\/guialimeira.com.br\/news\/wp-json\/wp\/v2\/categories?post=6406"},{"taxonomy":"post_tag","embeddable":true,"href":"https:\/\/guialimeira.com.br\/news\/wp-json\/wp\/v2\/tags?post=6406"}],"curies":[{"name":"wp","href":"https:\/\/api.w.org\/{rel}","templated":true}]}}