{"id":6396,"date":"2024-05-25T09:10:45","date_gmt":"2024-05-25T12:10:45","guid":{"rendered":"https:\/\/guialimeira.com.br\/2024\/05\/25\/campanha-de-sp-alerta-para-o-desaparecimento-de-criancas\/"},"modified":"2024-05-25T09:10:45","modified_gmt":"2024-05-25T12:10:45","slug":"campanha-de-sp-alerta-para-o-desaparecimento-de-criancas","status":"publish","type":"post","link":"https:\/\/guialimeira.com.br\/news\/campanha-de-sp-alerta-para-o-desaparecimento-de-criancas\/","title":{"rendered":"Campanha de SP alerta para o desaparecimento de crian\u00e7as"},"content":{"rendered":"<p> <br \/>\n<\/p>\n<div id=\"\">&#13;<br \/>\n                                <!-- Title -->&#13;<br \/>\n                                &#13;<br \/>\n&#13;<br \/>\n                                <!-- Excerpt -->&#13;<\/p>\n<p class=\"excerpt\">Metr\u00f4, CPTM e EMTU exibem nos Transportes Metropolitanos ilustra\u00e7\u00f5es de como as pessoas estariam anos depois do sumi\u00e7o<\/p>\n<p>&#13;<br \/>\n&#13;<br \/>\n                                &#13;\n                            <\/p><\/div>\n<div id=\"\">&#13;<\/p>\n<figure id=\"attachment_5890791\" style=\"width: 100%;max-width: 648px\" class=\"wp-caption alignnone\"><img data-recalc-dims=\"1\" decoding=\"async\" loading=\"lazy\" class=\" wp-image-5890791\" src=\"https:\/\/i0.wp.com\/www.saopaulo.sp.gov.br\/wp-content\/uploads\/2024\/05\/00054794-300x169.png?resize=648%2C365&#038;ssl=1\" alt=\"Perfil de crian\u00e7as desaparecidas \" width=\"648\" height=\"365\" srcset=\"https:\/\/www.saopaulo.sp.gov.br\/wp-content\/uploads\/2024\/05\/00054794-300x169.png 300w, https:\/\/www.saopaulo.sp.gov.br\/wp-content\/uploads\/2024\/05\/00054794-768x432.png 768w, https:\/\/www.saopaulo.sp.gov.br\/wp-content\/uploads\/2024\/05\/00054794.png 800w\" sizes=\"auto, (max-width: 648px) 100vw, 648px\"\/><figcaption class=\"wp-caption-text\">SSP possui sistema para atualizar fotos de pessoas desaparecidas<\/figcaption><\/figure>\n<p>O governo de S\u00e3o Paulo, por meio da Secretaria da Seguran\u00e7a P\u00fablica e da Secretaria dos Transportes Metropolitanos, promove neste s\u00e1bado (25) uma campanha para marcar o D<a href=\"https:\/\/www.saopaulo.sp.gov.br\/spnoticias\/policia-civil-usa-tecnologia-que-atualiza-imagens-de-pessoas-desaparecidas\/\" rel=\"noopener\">ia Internacional da Crian\u00e7a Desaparecida.<\/a><\/p>\n<p>At\u00e9 8 de junho, passageiros do Metr\u00f4 e da CPTM v\u00e3o acompanhar em monitores dos vag\u00f5es dos trens e esta\u00e7\u00f5es imagens de crian\u00e7as desaparecidas. J\u00e1 na EMTU, as imagens ser\u00e3o veiculadas no VLT da Baixada Santista e nos terminais do Corredor ABD. Os v\u00eddeos mostram a foto de quando foi registrado o desaparecimento e como essas pessoas estariam atualmente, a partir de retratos elaborados pelo Laborat\u00f3rio de Arte Forense do Departamento de Homic\u00eddios e de Prote\u00e7\u00e3o \u00e0 Pessoa (DHPP), da Pol\u00edcia Civil de S\u00e3o Paulo.<\/p>\n<p>O objetivo \u00e9 mobilizar a popula\u00e7\u00e3o e alertar para a relev\u00e2ncia do tema. No estado de S\u00e3o Paulo, s\u00f3 neste ano, foram registrados 197 desaparecimentos de crian\u00e7as de at\u00e9 12 anos. Conforme a Pol\u00edcia Civil, no mesmo per\u00edodo, cerca de 200 menores de idade foram localizados e devolvidos aos pais ou respons\u00e1veis.<\/p>\n<p><strong>Registro de crian\u00e7as desaparecidas<\/strong><\/p>\n<p class=\"text-center\"><span class=\"embed-youtube\" style=\"text-align:center; display: block;\"><iframe loading=\"lazy\" class=\"youtube-player\" width=\"696\" height=\"392\" src=\"https:\/\/www.youtube.com\/embed\/dfkrAEYQI8k?version=3&#038;rel=1&#038;showsearch=0&#038;showinfo=1&#038;iv_load_policy=1&#038;fs=1&#038;hl=pt-BR&#038;autohide=2&#038;wmode=transparent\" allowfullscreen=\"true\" style=\"border:0;\" sandbox=\"allow-scripts allow-same-origin allow-popups allow-presentation allow-popups-to-escape-sandbox\"><\/iframe><\/span><\/p>\n<p><a href=\"https:\/\/www.saopaulo.sp.gov.br\/spnoticias\/ultimas-noticias\/combate-a-exploracao-infantil-prevencao-comeca-dentro-de-casa-diz-delegada\/\" rel=\"noopener\">O desaparecimento de uma crian\u00e7a ou adolescente precisa ser comunicado \u00e0 pol\u00edcia imediatamente<\/a>. \u201cNunca espere 24 horas. \u201cQuanto mais r\u00e1pido for a comunica\u00e7\u00e3o do desaparecimento, maiores as chances de encontrar mais rapidamente\u201d, alerta a delegada B\u00e1rbara Travassos, da 5\u00aa Delegacia de Investiga\u00e7\u00f5es sobre Pessoas Desaparecidas.<\/p>\n<p>De acordo com a Pol\u00edcia Civil, a comunica\u00e7\u00e3o do sumi\u00e7o de uma crian\u00e7a ou adolescente deve acontecer a partir dos primeiros comportamentos fora do padr\u00e3o. \u201cConforme o tempo passa, os vest\u00edgios se perdem. A mem\u00f3ria das pessoas que viram a crian\u00e7a em algum lugar, no \u00f4nibus ou na rua, come\u00e7a a falhar\u201d, explica a delegada.<\/p>\n<p>Ainda conforme a delegada, o desaparecimento \u00e9 a aus\u00eancia n\u00e3o justificada de uma pessoa ou crian\u00e7a de casa ou algum outro local familiar. H\u00e1 v\u00e1rios motivos para o desaparecimento, mas, na maioria das vezes, os familiares n\u00e3o sabem apontar as raz\u00f5es. Desse modo, o registro \u00e9 necess\u00e1rio para que a Pol\u00edcia Civil investigue a situa\u00e7\u00e3o e as causas da aus\u00eancia.<\/p>\n<figure id=\"attachment_5681175\" style=\"width: 100%;max-width: 635px\" class=\"wp-caption alignnone\"><img data-recalc-dims=\"1\" decoding=\"async\" loading=\"lazy\" class=\" wp-image-5681175\" src=\"https:\/\/i0.wp.com\/www.saopaulo.sp.gov.br\/wp-content\/uploads\/2023\/05\/retrato-digital_policia-civil-2-300x187.jpg?resize=635%2C396&#038;ssl=1\" alt=\"\" width=\"635\" height=\"396\" srcset=\"https:\/\/www.saopaulo.sp.gov.br\/wp-content\/uploads\/2023\/05\/retrato-digital_policia-civil-2-300x187.jpg 300w, https:\/\/www.saopaulo.sp.gov.br\/wp-content\/uploads\/2023\/05\/retrato-digital_policia-civil-2-1024x640.jpg 1024w, https:\/\/www.saopaulo.sp.gov.br\/wp-content\/uploads\/2023\/05\/retrato-digital_policia-civil-2-768x480.jpg 768w, https:\/\/www.saopaulo.sp.gov.br\/wp-content\/uploads\/2023\/05\/retrato-digital_policia-civil-2-1536x960.jpg 1536w, https:\/\/www.saopaulo.sp.gov.br\/wp-content\/uploads\/2023\/05\/retrato-digital_policia-civil-2-2048x1279.jpg 2048w\" sizes=\"auto, (max-width: 635px) 100vw, 635px\"\/><figcaption class=\"wp-caption-text\">Stephany de Souza Lopes desapareceu em agosto de 2002, aos seis anos de idade<\/figcaption><\/figure>\n<p><strong>Como fazer o boletim de ocorr\u00eancia?<\/strong><\/p>\n<p>O registro do boletim de ocorr\u00eancia de desaparecimento de crian\u00e7a pode ser feito em qualquer delegacia da Pol\u00edcia Civil de S\u00e3o Paulo, bem como atrav\u00e9s do site da institui\u00e7\u00e3o, por meio da Delegacia Eletr\u00f4nica. O registro permitir\u00e1 o in\u00edcio da investiga\u00e7\u00e3o policial para a localiza\u00e7\u00e3o do desaparecido.<\/p>\n<p>\u00c9 fundamental que sejam fornecidas todas as informa\u00e7\u00f5es relacionadas ao desaparecido, que possam auxiliar no encontro.<\/p>\n<p>Tais como, se o desaparecido levou pertences pessoais; se deixou algum recado informando que iria se ausentar; se existe algum conflito do desaparecido com algu\u00e9m, bem como amea\u00e7a ou constrangimento que tenha sofrido; caracter\u00edsticas f\u00edsicas do desaparecido como cor da pele, cor dos olhos, cor e comprimento dos cabelos; se possui cicatriz, mancha ou qualquer outro detalhe f\u00edsico (local e descri\u00e7\u00e3o); se possui redes sociais; se desapareceu outras vezes e em quais circunst\u00e2ncias foi encontrado e entre outras.<\/p>\n<p>Al\u00e9m das informa\u00e7\u00f5es, \u00e9 importante que o declarante deixe telefones de contato e que atendam n\u00fameros desconhecidos, um deles poder\u00e1 ser de um policial civil informando o encontro. O n\u00e3o atendimento do telefone dificulta o contato da pol\u00edcia.<\/p>\n<p><strong>Encontro do desaparecido<\/strong><\/p>\n<p>Ap\u00f3s o encontro da crian\u00e7a desaparecida, o boletim de ocorr\u00eancia de encontro de pessoas deve ser providenciado. Somente com ele, a pessoa poder\u00e1 emitir novos documentos, uma vez que, quando dada como desaparecida, o Registro Geral ficar\u00e1 bloqueado.<\/p>\n<p>\u00a0<\/p>\n<\/p><\/div>\n<p><br \/>\n<br \/><a href=\"https:\/\/www.saopaulo.sp.gov.br\/spnoticias\/campanha-de-sp-alerta-para-o-desaparecimento-de-criancas\/\" rel=\"noopener\">Informa\u00e7\u00f5es GOV.SP<\/a><\/p>\n","protected":false},"excerpt":{"rendered":"<p>&#13; &#13; &#13; &#13; &#13; Metr\u00f4, CPTM e EMTU exibem nos Transportes Metropolitanos ilustra\u00e7\u00f5es de como as pessoas estariam anos depois do sumi\u00e7o &#13; &#13; &#13; &#13; SSP possui sistema para atualizar fotos de pessoas desaparecidas O governo de S\u00e3o Paulo, por meio da Secretaria da Seguran\u00e7a P\u00fablica e da Secretaria dos Transportes Metropolitanos, promove [&hellip;]<\/p>\n","protected":false},"author":1,"featured_media":6397,"comment_status":"open","ping_status":"open","sticky":false,"template":"","format":"standard","meta":{"_jetpack_newsletter_access":"","_jetpack_dont_email_post_to_subs":false,"_jetpack_newsletter_tier_id":0,"_jetpack_memberships_contains_paywalled_content":false,"_mbp_banners":[],"_jetpack_feature_clip_id":0,"_jetpack_memberships_contains_paid_content":false,"footnotes":"","jetpack_publicize_message":"","jetpack_publicize_feature_enabled":true,"jetpack_social_post_already_shared":true,"jetpack_social_options":{"image_generator_settings":{"template":"highway","default_image_id":0,"font":"","enabled":false},"version":2},"jetpack_post_was_ever_published":false},"categories":[21],"tags":[],"class_list":["post-6396","post","type-post","status-publish","format-standard","has-post-thumbnail","category-sp-news"],"jetpack_publicize_connections":[],"jetpack-related-posts":[],"jetpack_shortlink":"https:\/\/wp.me\/p7Eq1F-1Fa","jetpack_sharing_enabled":true,"jetpack_featured_media_url":"https:\/\/i0.wp.com\/guialimeira.com.br\/news\/wp-content\/uploads\/2024\/05\/Campanha-de-SP-alerta-para-o-desaparecimento-de-criancas.png?fit=300%2C169&ssl=1","_links":{"self":[{"href":"https:\/\/guialimeira.com.br\/news\/wp-json\/wp\/v2\/posts\/6396","targetHints":{"allow":["GET"]}}],"collection":[{"href":"https:\/\/guialimeira.com.br\/news\/wp-json\/wp\/v2\/posts"}],"about":[{"href":"https:\/\/guialimeira.com.br\/news\/wp-json\/wp\/v2\/types\/post"}],"author":[{"embeddable":true,"href":"https:\/\/guialimeira.com.br\/news\/wp-json\/wp\/v2\/users\/1"}],"replies":[{"embeddable":true,"href":"https:\/\/guialimeira.com.br\/news\/wp-json\/wp\/v2\/comments?post=6396"}],"version-history":[{"count":0,"href":"https:\/\/guialimeira.com.br\/news\/wp-json\/wp\/v2\/posts\/6396\/revisions"}],"wp:featuredmedia":[{"embeddable":true,"href":"https:\/\/guialimeira.com.br\/news\/wp-json\/wp\/v2\/media\/6397"}],"wp:attachment":[{"href":"https:\/\/guialimeira.com.br\/news\/wp-json\/wp\/v2\/media?parent=6396"}],"wp:term":[{"taxonomy":"category","embeddable":true,"href":"https:\/\/guialimeira.com.br\/news\/wp-json\/wp\/v2\/categories?post=6396"},{"taxonomy":"post_tag","embeddable":true,"href":"https:\/\/guialimeira.com.br\/news\/wp-json\/wp\/v2\/tags?post=6396"}],"curies":[{"name":"wp","href":"https:\/\/api.w.org\/{rel}","templated":true}]}}