{"id":6392,"date":"2024-05-25T08:58:43","date_gmt":"2024-05-25T11:58:43","guid":{"rendered":"https:\/\/guialimeira.com.br\/2024\/05\/25\/glaucoma-monitoramento-evitou-cegueira-em-300-mil-brasileiros\/"},"modified":"2024-05-25T08:58:43","modified_gmt":"2024-05-25T11:58:43","slug":"glaucoma-monitoramento-evitou-cegueira-em-300-mil-brasileiros","status":"publish","type":"post","link":"https:\/\/guialimeira.com.br\/news\/glaucoma-monitoramento-evitou-cegueira-em-300-mil-brasileiros\/","title":{"rendered":"Glaucoma: monitoramento evitou cegueira em 300 mil brasileiros"},"content":{"rendered":"<p> <br \/>\n<\/p>\n<div>\n<p>Ao longo dos \u00faltimos cinco anos, cerca de 300 mil brasileiros foram acompanhados e tratados no intuito de evitar a perda total da vis\u00e3o em raz\u00e3o do glaucoma, considerado atualmente a maior causa de cegueira irrevers\u00edvel do mundo. Os dados foram divulgados pelo <a href=\"https:\/\/www.instagram.com\/cbo_oftalmologia\/\" target=\"_blank\" rel=\"noopener\">Conselho Brasileiro de Oftalmologia<\/a> (CBO) em raz\u00e3o do Dia Nacional de Combate ao Glaucoma, lembrado neste domingo (26).<img data-recalc-dims=\"1\" decoding=\"async\" src=\"https:\/\/i0.wp.com\/agenciabrasil.ebc.com.br\/ebc.png?w=696&#038;ssl=1\" style=\"width:1px; height:1px; display:inline;\"\/><img data-recalc-dims=\"1\" decoding=\"async\" src=\"https:\/\/i0.wp.com\/agenciabrasil.ebc.com.br\/ebc.gif?w=696&#038;ssl=1\" style=\"width:1px; height:1px; display:inline;\"\/><\/p>\n<p>\u201cEntre janeiro de 2019 e dezembro de 2023, o atendimento oferecido pelos m\u00e9dicos oftalmologistas na rede p\u00fablica beneficiou esse grupo de pacientes com acesso gratuito a tratamentos medicamentosos. Esse fluxo revela o impacto positivo da assist\u00eancia oftalmol\u00f3gica no SUS [Sistema \u00danico de Sa\u00fade], reduzindo significativamente as chances de pacientes com essa doen\u00e7a desenvolverem quadros graves, com perda de vis\u00e3o irrevers\u00edvel.\u201d<\/p>\n<p>De acordo com o CBO, as estimativas apontam que mais de 1,7 milh\u00e3o de pessoas devem ter glaucoma no Brasil. Assumindo uma estimativa conservadora, 2% da popula\u00e7\u00e3o acima de 40 anos podem apresentar a doen\u00e7a. Na proje\u00e7\u00e3o, foram utilizados dados do \u00faltimo censo do Instituto Brasileiro de Geografia e Estat\u00edstica (IBGE), realizado em 2022, onde a faixa et\u00e1ria acima de 40 anos concentra 85,9 milh\u00f5es de pessoas.<\/p>\n<h2>Estrat\u00e9gias<\/h2>\n<p>\u201cEssa proje\u00e7\u00e3o \u00e9 utilizada para a defini\u00e7\u00e3o de pol\u00edticas p\u00fablicas e estrat\u00e9gias com foco na preven\u00e7\u00e3o, diagn\u00f3stico e tratamento precoces do glaucoma. Al\u00e9m dela, outras estimativas ajudam no planejamento das iniciativas. Por exemplo, estudos apontam que a incid\u00eancia do glaucoma varia entre 1% e 2% na popula\u00e7\u00e3o em geral, aumentando ap\u00f3s os 40 anos (2%) e chegando a mais de 6% ap\u00f3s os 70 anos\u201d, destacou o conselho.<\/p>\n<p>Estudos demonstraram ainda que a preval\u00eancia do glaucoma \u00e9 maior em indiv\u00edduos negros e mulatos quando comparados com os indiv\u00edduos brancos (3,8% e 2,1%, respectivamente). Fatores como hist\u00f3rico familiar da doen\u00e7a, ser negro ou asi\u00e1tico, ter miopia, apresentar press\u00e3o intraocular elevada ou outras doen\u00e7as oculares aumentam as chances de a pessoa desenvolver glaucoma em algum momento de sua vida.<\/p>\n<h2>Les\u00f5es irrevers\u00edveis<\/h2>\n<p>O conselho alerta que a detec\u00e7\u00e3o precoce do glaucoma, por meio de exames oftalmol\u00f3gicos regulares, \u00e9 essencial para identificar e tratar a doen\u00e7a antes que ocorra perda visual. Medidas preventivas e de acompanhamento m\u00e9dico, como monitoramento da press\u00e3o intraocular, uso de medicamentos adequados e tratamentos a laser ou cir\u00fargicos podem ajudar a controlar a progress\u00e3o da doen\u00e7a e proteger a vis\u00e3o a longo prazo.<\/p>\n<h2>Tratamento<\/h2>\n<p>Como pol\u00edtica de combate \u00e0 cegueira causada pelo glaucoma, o Brasil, por recomenda\u00e7\u00e3o do CBO, instituiu, desde 2008, por meio da Portaria 288 do Minist\u00e9rio da Sa\u00fade, o Programa de Aten\u00e7\u00e3o ao Paciente Portador de Glaucoma, que fornece gratuitamente pelo SUS col\u00edrios de primeira, segunda e terceira linhas para o tratamento do glaucoma\u201d, destacou o conselho.<\/p>\n<p>A orienta\u00e7\u00e3o \u00e9 que cada paciente utilize diariamente col\u00edrios disponibilizados para retirada em locais predeterminados pelos governos locais a cada tr\u00eas meses, com uso de documenta\u00e7\u00e3o espec\u00edfica. Em 2023, foram registradas 1.229.822 retiradas de medicamentos desse tipo, o que leva a cerca de 307 mil casos de glaucoma tratados.<\/p>\n<p>\u201cA aplica\u00e7\u00e3o de col\u00edrios ajuda a estabilizar a press\u00e3o intraocular e, como consequ\u00eancia, controlar a doen\u00e7a e evitar a cegueira\u201d, refor\u00e7ou o conselho.<\/p>\n<h2>N\u00fameros<\/h2>\n<p>Entre 2019 e 2023, tratamentos cl\u00ednicos do glaucoma beneficiaram, em m\u00e9dia, 280 mil pacientes de todas as regi\u00f5es brasileiras a cada ano. O Nordeste acumula o maior volume de procedimentos no per\u00edodo avaliado, com uma m\u00e9dia anual de 141,6 mil pessoas atendidas. Na sequ\u00eancia aparecem, com as seguintes m\u00e9dias: Sudeste, com 109,3 mil casos; Sul, com 19 mil; Norte, com 9,2 mil; e Centro-Oeste, com pouco mais de 1 mil pacientes atendidos a cada ano.<\/p>\n<p>Dentre as unidades da Federa\u00e7\u00e3o, no topo do <em>ranking<\/em> est\u00e3o as seguintes m\u00e9dias por ano: Minas Gerais, com 71,5 mil pacientes beneficiados; Bahia, com 58,1 mil; S\u00e3o Paulo, com 33,9 mil; Pernambuco, com 31,2 mil; e Para\u00edba, com 18,1 mil).<\/p>\n<h2>Perfil<\/h2>\n<p>A maioria dos pacientes submetidos a tratamentos medicamentosos, de acordo com os dados levantados pelo conselho, est\u00e1 na faixa et\u00e1rias acima dos 40 anos, que acumula mais de 96% dos casos. Outro ponto que chama aten\u00e7\u00e3o \u00e9 que o acesso a medicamentos para glaucoma beneficia mais a popula\u00e7\u00e3o feminina: do total de entregas, quase 70% s\u00e3o para mulheres.<\/p>\n<h2>Entenda<\/h2>\n<p>O glaucoma surge em consequ\u00eancia do aumento da press\u00e3o intraocular e gera perda da vis\u00e3o pela destrui\u00e7\u00e3o gradativa do nervo \u00f3ptico, estrutura que conduz as imagens da retina ao c\u00e9rebro. Dependendo do quadro do paciente, interven\u00e7\u00f5es cl\u00ednicas ou cir\u00fargicas podem suspender a progress\u00e3o da doen\u00e7a, mas, segundo o CBO, n\u00e3o s\u00e3o capazes de recuperar a parcela da vis\u00e3o j\u00e1 comprometida.<\/p>\n<h2>Servi\u00e7o<\/h2>\n<p>Para conscientizar a popula\u00e7\u00e3o, o Conselho Brasileiro de Oftalmologia e a Sociedade Brasileira de Glaucoma promovem, neste s\u00e1bado (25), a partir das 9h, o evento 24 Horas pelo Glaucoma. Em formato <em>online<\/em>, por meio das redes sociais do <a href=\"http:\/\/https:\/\/www.instagram.com\/cbo_oftalmologia\/\" target=\"_blank\" rel=\"noopener\">CBO<\/a>, o projeto conta com a participa\u00e7\u00e3o de oftalmologistas, representantes de \u00f3rg\u00e3os competentes, celebridades e pacientes que convivem com a doen\u00e7a.<\/p>\n<\/p><\/div>\n<p><script async src=\"\/\/www.instagram.com\/embed.js\"><\/script><br \/>\n<br \/><br \/>\n<br \/><a href=\"https:\/\/agenciabrasil.ebc.com.br\/saude\/noticia\/2024-05\/glaucoma-monitoramento-evitou-cegueira-em-300-mil-brasileiros\" rel=\"noopener\">Ag\u00eancia Brasil <\/a><\/p>\n","protected":false},"excerpt":{"rendered":"<p>Ao longo dos \u00faltimos cinco anos, cerca de 300 mil brasileiros foram acompanhados e tratados no intuito de evitar a perda total da vis\u00e3o em raz\u00e3o do glaucoma, considerado atualmente a maior causa de cegueira irrevers\u00edvel do mundo. Os dados foram divulgados pelo Conselho Brasileiro de Oftalmologia (CBO) em raz\u00e3o do Dia Nacional de Combate [&hellip;]<\/p>\n","protected":false},"author":1,"featured_media":6393,"comment_status":"open","ping_status":"open","sticky":false,"template":"","format":"standard","meta":{"_jetpack_newsletter_access":"","_jetpack_dont_email_post_to_subs":false,"_jetpack_newsletter_tier_id":0,"_jetpack_memberships_contains_paywalled_content":false,"_mbp_banners":[],"_jetpack_feature_clip_id":0,"_jetpack_memberships_contains_paid_content":false,"footnotes":"","jetpack_publicize_message":"","jetpack_publicize_feature_enabled":true,"jetpack_social_post_already_shared":true,"jetpack_social_options":{"image_generator_settings":{"template":"highway","default_image_id":0,"font":"","enabled":false},"version":2},"jetpack_post_was_ever_published":false},"categories":[15],"tags":[],"class_list":["post-6392","post","type-post","status-publish","format-standard","has-post-thumbnail","category-saude"],"jetpack_publicize_connections":[],"jetpack-related-posts":[],"jetpack_shortlink":"https:\/\/wp.me\/p7Eq1F-1F6","jetpack_sharing_enabled":true,"jetpack_featured_media_url":"https:\/\/i0.wp.com\/guialimeira.com.br\/news\/wp-content\/uploads\/2024\/05\/olho.jpg?fit=1600%2C800&ssl=1","_links":{"self":[{"href":"https:\/\/guialimeira.com.br\/news\/wp-json\/wp\/v2\/posts\/6392","targetHints":{"allow":["GET"]}}],"collection":[{"href":"https:\/\/guialimeira.com.br\/news\/wp-json\/wp\/v2\/posts"}],"about":[{"href":"https:\/\/guialimeira.com.br\/news\/wp-json\/wp\/v2\/types\/post"}],"author":[{"embeddable":true,"href":"https:\/\/guialimeira.com.br\/news\/wp-json\/wp\/v2\/users\/1"}],"replies":[{"embeddable":true,"href":"https:\/\/guialimeira.com.br\/news\/wp-json\/wp\/v2\/comments?post=6392"}],"version-history":[{"count":0,"href":"https:\/\/guialimeira.com.br\/news\/wp-json\/wp\/v2\/posts\/6392\/revisions"}],"wp:featuredmedia":[{"embeddable":true,"href":"https:\/\/guialimeira.com.br\/news\/wp-json\/wp\/v2\/media\/6393"}],"wp:attachment":[{"href":"https:\/\/guialimeira.com.br\/news\/wp-json\/wp\/v2\/media?parent=6392"}],"wp:term":[{"taxonomy":"category","embeddable":true,"href":"https:\/\/guialimeira.com.br\/news\/wp-json\/wp\/v2\/categories?post=6392"},{"taxonomy":"post_tag","embeddable":true,"href":"https:\/\/guialimeira.com.br\/news\/wp-json\/wp\/v2\/tags?post=6392"}],"curies":[{"name":"wp","href":"https:\/\/api.w.org\/{rel}","templated":true}]}}