{"id":63712,"date":"2026-04-30T19:15:53","date_gmt":"2026-04-30T22:15:53","guid":{"rendered":"https:\/\/guialimeira.com.br\/camara-de-limeira-pauta-seis-projetos-para-a-proxima-sessao-ordinaria\/"},"modified":"2026-04-30T19:15:53","modified_gmt":"2026-04-30T22:15:53","slug":"camara-de-limeira-pauta-seis-projetos-para-a-proxima-sessao-ordinaria","status":"publish","type":"post","link":"https:\/\/guialimeira.com.br\/news\/camara-de-limeira-pauta-seis-projetos-para-a-proxima-sessao-ordinaria\/","title":{"rendered":"C\u00e2mara de limeira pauta seis projetos para a pr\u00f3xima sess\u00e3o ordin\u00e1ria\u00a0\u00a0"},"content":{"rendered":"<p>C\u00e2mara de limeira pauta seis projetos para a pr\u00f3xima sess\u00e3o ordin\u00e1ria<\/p>\n<p>Na pr\u00f3xima sess\u00e3o ordin\u00e1ria da C\u00e2mara, na segunda-feira, 4 de maio, os vereadores votam seis projetos pautados na Ordem do Dia. Os parlamentares tamb\u00e9m discutem requerimentos e votam mo\u00e7\u00f5es durante o Expediente. Os trabalhos s\u00e3o transmitidos ao vivo pelos canais de comunica\u00e7\u00e3o do Legislativo no Youtube, Facebook e site, e pela r\u00e1dio Limeira FM 106,9, a partir das 17h.<\/p>\n<p>Os mun\u00edcipes tamb\u00e9m podem conferir as sess\u00f5es de forma presencial. Temporariamente a C\u00e2mara est\u00e1 localizada na rua Clarino Peixoto, 280 &#8211; Jardim Maria Buchi Modeneis, devido \u00e0s obras de reforma e amplia\u00e7\u00e3o da sede. Para entrar no pr\u00e9dio basta se identificar na portaria e seguir at\u00e9 o \u00faltimo bloco.\u00a0 As orienta\u00e7\u00f5es para chegar ao novo endere\u00e7o est\u00e3o neste link.<\/p>\n<p>Confira os projetos que est\u00e3o pautados na Ordem do Dia:<\/p>\n<p>Projeto de Lei N\u00ba 179\/2022, do ex-vereador Dr. J\u00falio e do vereador Waguinho da Santa Luzia (PP), define a pr\u00e1tica da telemedicina no Munic\u00edpio.<\/p>\n<p>Projeto de Lei N\u00ba 203\/2025, da vereadora Mara Isa Mattos Silveira (PL), perpetua o nome de Lilian Cristina Matos Silveira na \u00c1rea Verde II, localizada na rua Jair Formigari, no bairro Residencial dos Girass\u00f3is.<\/p>\n<p>Projeto de Resolu\u00e7\u00e3o N\u00ba 32\/2025, do vereador Costa Junior (Podemos),\u00a0 institui, no \u00e2mbito da C\u00e2mara Municipal de Limeira, a Campanha Permanente de Conscientiza\u00e7\u00e3o e Preven\u00e7\u00e3o de Doen\u00e7as atrav\u00e9s da Pr\u00e1tica de Esportes.<\/p>\n<p>Projeto de Lei N\u00ba 234\/2025, da vereadora Lu Bogo (PL), disp\u00f5e sobre diretrizes gerais para elabora\u00e7\u00e3o do programa municipal \u201cSa\u00fade na M\u00e3o\u201d, que prev\u00ea o fornecimento de porta-comprimidos aos usu\u00e1rios da rede p\u00fablica de sa\u00fade de Limeira.<\/p>\n<p>Projeto de Decreto Legislativo N\u00ba 45\/2025, do vereador Dr. Marcelo Rossi (MDB), concede o Diploma de Gratid\u00e3o da Cidade de Limeira e a Medalha de M\u00e9rito C\u00edvico 15 de Setembro \u201cOrdem de Tatuibi\u201d a S\u00f4nia Maria Regis Dantas Asbahr pelos servi\u00e7os prestados a Limeira.<\/p>\n<p>Projeto de Lei N\u00ba 41\/2026, do vereador Everton Ferreira (PSD), modifica e acrescenta dispositivos na Lei Ordin\u00e1ria N\u00ba 2.729\/1995, que disp\u00f5e sobre a pol\u00edtica municipal de atendimento dos direitos da crian\u00e7a e do adolescente, cria o Conselho Municipal e o Conselho Tutelar e institui o Fundo Municipal.<\/p>\n<hr>\n<p><em>Fonte: <a href=\"https:\/\/www.limeira.sp.leg.br\/noticias\/view\/2026-04-30_camara-de-limeira-pauta-seis-projetos-para-a-proxima-sessao-ordinaria\" target=\"_blank\" rel=\"noopener\">C\u00e2mara Municipal de Limeira<\/a><\/em><\/p>\n","protected":false},"excerpt":{"rendered":"<p>C\u00e2mara de limeira pauta seis projetos para a pr\u00f3xima sess\u00e3o ordin\u00e1ria\u00a0\u00a0<\/p>\n<p>Na pr\u00f3xima sess\u00e3o ordin\u00e1ria da C\u00e2mara, na segunda-feira, 4 de maio, os vereadores votam seis projetos pautados na Ordem do Dia. Os parlamentares tamb\u00e9m discutem requerimentos e votam mo\u00e7\u00f5es durante o Expediente. Os trabalhos s\u00e3<\/p>\n","protected":false},"author":4,"featured_media":63711,"comment_status":"","ping_status":"open","sticky":false,"template":"","format":"standard","meta":{"_jetpack_newsletter_access":"","_jetpack_dont_email_post_to_subs":false,"_jetpack_newsletter_tier_id":0,"_jetpack_memberships_contains_paywalled_content":false,"_mbp_banners":[],"_jetpack_feature_clip_id":0,"_jetpack_memberships_contains_paid_content":false,"footnotes":"","jetpack_publicize_message":"","jetpack_publicize_feature_enabled":true,"jetpack_social_post_already_shared":true,"jetpack_social_options":{"image_generator_settings":{"template":"highway","default_image_id":0,"font":"","enabled":false},"version":2},"jetpack_post_was_ever_published":false},"categories":[19],"tags":[],"class_list":["post-63712","post","type-post","status-publish","format-standard","has-post-thumbnail","category-politica"],"jetpack_publicize_connections":[],"jetpack-related-posts":[],"jetpack_shortlink":"https:\/\/wp.me\/p7Eq1F-gzC","jetpack_sharing_enabled":true,"jetpack_featured_media_url":"https:\/\/i0.wp.com\/guialimeira.com.br\/news\/wp-content\/uploads\/2026\/04\/noticia-camara-151.jpg?fit=1280%2C640&ssl=1","_links":{"self":[{"href":"https:\/\/guialimeira.com.br\/news\/wp-json\/wp\/v2\/posts\/63712","targetHints":{"allow":["GET"]}}],"collection":[{"href":"https:\/\/guialimeira.com.br\/news\/wp-json\/wp\/v2\/posts"}],"about":[{"href":"https:\/\/guialimeira.com.br\/news\/wp-json\/wp\/v2\/types\/post"}],"author":[{"embeddable":true,"href":"https:\/\/guialimeira.com.br\/news\/wp-json\/wp\/v2\/users\/4"}],"replies":[{"embeddable":true,"href":"https:\/\/guialimeira.com.br\/news\/wp-json\/wp\/v2\/comments?post=63712"}],"version-history":[{"count":0,"href":"https:\/\/guialimeira.com.br\/news\/wp-json\/wp\/v2\/posts\/63712\/revisions"}],"wp:featuredmedia":[{"embeddable":true,"href":"https:\/\/guialimeira.com.br\/news\/wp-json\/wp\/v2\/media\/63711"}],"wp:attachment":[{"href":"https:\/\/guialimeira.com.br\/news\/wp-json\/wp\/v2\/media?parent=63712"}],"wp:term":[{"taxonomy":"category","embeddable":true,"href":"https:\/\/guialimeira.com.br\/news\/wp-json\/wp\/v2\/categories?post=63712"},{"taxonomy":"post_tag","embeddable":true,"href":"https:\/\/guialimeira.com.br\/news\/wp-json\/wp\/v2\/tags?post=63712"}],"curies":[{"name":"wp","href":"https:\/\/api.w.org\/{rel}","templated":true}]}}