{"id":63707,"date":"2026-04-30T19:05:55","date_gmt":"2026-04-30T22:05:55","guid":{"rendered":"https:\/\/guialimeira.com.br\/brk-garante-a-comissao-de-meio-ambiente-que-nao-ha-risco-a-seguranca-da-agua-nem-a-saude-publica-de-limeira\/"},"modified":"2026-04-30T19:05:55","modified_gmt":"2026-04-30T22:05:55","slug":"brk-garante-a-comissao-de-meio-ambiente-que-nao-ha-risco-a-seguranca-da-agua-nem-a-saude-publica-de-limeira","status":"publish","type":"post","link":"https:\/\/guialimeira.com.br\/news\/brk-garante-a-comissao-de-meio-ambiente-que-nao-ha-risco-a-seguranca-da-agua-nem-a-saude-publica-de-limeira\/","title":{"rendered":"BRK garante \u00e0 Comiss\u00e3o de Meio Ambiente que n\u00e3o h\u00e1 risco \u00e0 seguran\u00e7a da \u00e1gua nem \u00e0 sa\u00fade p\u00fablica de Limeira"},"content":{"rendered":"<p>BRK garante \u00e0 Comiss\u00e3o de Meio Ambiente que n\u00e3o h\u00e1 risco \u00e0 seguran\u00e7a da \u00e1gua nem \u00e0 sa\u00fade p\u00fablica de Limeira<\/p>\n<p>A BRK Ambiental garantiu \u00e0 Comiss\u00e3o de Meio Ambiente que n\u00e3o h\u00e1 risco na seguran\u00e7a da \u00e1gua, afirmando que n\u00e3o existe par\u00e2metro algum que configure risco \u00e0 sa\u00fade p\u00fablica, durante a reuni\u00e3o desta quinta-feira, 30 de abril,\u00a0 A concession\u00e1ria relatou que o primeiro registro sobre altera\u00e7\u00f5es na \u00e1gua ocorreu dia 18 de abril, mas que n\u00e3o constataram nenhuma irregularidade e at\u00e9 o momento ainda n\u00e3o foi identificado o fator que gerou o odor e o sabor e que, para solucionar o problema, desde o dia 22 de abril, a empresa vem captando 100% da \u00e1gua do Ribeir\u00e3o Pinhal.<\/p>\n<p>O gerente operacional da BRK, Alexandre Leite, e o coordenador de tratamento de \u00e1gua, Wagner Mancini, estiveram presentes na reuni\u00e3o, al\u00e9m dos membros da Comiss\u00e3o, os vereadores Felipe Penedo (PL), presidente; Tatiane Lopes (Avante), vice-presidente; e Helder do T\u00e1xi (PSD), secret\u00e1rio. As delibera\u00e7\u00f5es feitas durante a reuni\u00e3o constam em ata e os trabalhos foram transmitidos ao vivo, o v\u00eddeo pode ser conferido neste link.<\/p>\n<p>Reclama\u00e7\u00f5es sobre odor e sabor<\/p>\n<p>Contextualizando a situa\u00e7\u00e3o que repercutiu em toda a cidade na \u00faltima semana, o colegiado explicou que recebeu in\u00fameras reclama\u00e7\u00f5es de mun\u00edcipes sobre odor e colora\u00e7\u00e3o da \u00e1gua e que pessoas tiveram complica\u00e7\u00f5es e precisaram buscar atendimento m\u00e9dico.<\/p>\n<p>Alexandre Leite explicou que n\u00e3o h\u00e1 par\u00e2metro algum que constate riscos \u00e0 sa\u00fade ou que possa comprometer a seguran\u00e7a da \u00e1gua, baseado em an\u00e1lises feitas tanto pela BRK, quanto \u00e0 Companhia de Saneamento B\u00e1sico do Estado de S\u00e3o Paulo (Sabesp) e Companhia Ambiental do Estado de S\u00e3o Paulo (Cetesb).<\/p>\n<hr>\n<p><em>Fonte: <a href=\"https:\/\/www.limeira.sp.leg.br\/noticias\/view\/2026-04-30_brk-garante-a-comissao-de-meio-ambiente-que-nao-ha-risco-a-seguranca-da-agua-nem-a-saude-publica-de-limeira\" target=\"_blank\" rel=\"noopener\">C\u00e2mara Municipal de Limeira<\/a><\/em><\/p>\n","protected":false},"excerpt":{"rendered":"<p>BRK garante \u00e0 Comiss\u00e3o de Meio Ambiente que n\u00e3o h\u00e1 risco \u00e0 seguran\u00e7a da \u00e1gua nem \u00e0 sa\u00fade p\u00fablica de Limeira<\/p>\n<p>A BRK Ambiental garantiu \u00e0 Comiss\u00e3o de Meio Ambiente que n\u00e3o h\u00e1 risco na seguran\u00e7a da \u00e1gua, afirmando que n\u00e3o existe par\u00e2metro algum que configure risco \u00e0 sa\u00fade p\u00fablica, durante a reuni\u00e3o des<\/p>\n","protected":false},"author":4,"featured_media":63706,"comment_status":"","ping_status":"open","sticky":false,"template":"","format":"standard","meta":{"_jetpack_newsletter_access":"","_jetpack_dont_email_post_to_subs":false,"_jetpack_newsletter_tier_id":0,"_jetpack_memberships_contains_paywalled_content":false,"_mbp_banners":[],"_jetpack_feature_clip_id":0,"_jetpack_memberships_contains_paid_content":false,"footnotes":"","jetpack_publicize_message":"","jetpack_publicize_feature_enabled":true,"jetpack_social_post_already_shared":true,"jetpack_social_options":{"image_generator_settings":{"template":"highway","default_image_id":0,"font":"","enabled":false},"version":2},"jetpack_post_was_ever_published":false},"categories":[19],"tags":[],"class_list":["post-63707","post","type-post","status-publish","format-standard","has-post-thumbnail","category-politica"],"jetpack_publicize_connections":[],"jetpack-related-posts":[],"jetpack_shortlink":"https:\/\/wp.me\/p7Eq1F-gzx","jetpack_sharing_enabled":true,"jetpack_featured_media_url":"https:\/\/i0.wp.com\/guialimeira.com.br\/news\/wp-content\/uploads\/2026\/04\/noticia-camara-150.jpg?fit=1280%2C640&ssl=1","_links":{"self":[{"href":"https:\/\/guialimeira.com.br\/news\/wp-json\/wp\/v2\/posts\/63707","targetHints":{"allow":["GET"]}}],"collection":[{"href":"https:\/\/guialimeira.com.br\/news\/wp-json\/wp\/v2\/posts"}],"about":[{"href":"https:\/\/guialimeira.com.br\/news\/wp-json\/wp\/v2\/types\/post"}],"author":[{"embeddable":true,"href":"https:\/\/guialimeira.com.br\/news\/wp-json\/wp\/v2\/users\/4"}],"replies":[{"embeddable":true,"href":"https:\/\/guialimeira.com.br\/news\/wp-json\/wp\/v2\/comments?post=63707"}],"version-history":[{"count":0,"href":"https:\/\/guialimeira.com.br\/news\/wp-json\/wp\/v2\/posts\/63707\/revisions"}],"wp:featuredmedia":[{"embeddable":true,"href":"https:\/\/guialimeira.com.br\/news\/wp-json\/wp\/v2\/media\/63706"}],"wp:attachment":[{"href":"https:\/\/guialimeira.com.br\/news\/wp-json\/wp\/v2\/media?parent=63707"}],"wp:term":[{"taxonomy":"category","embeddable":true,"href":"https:\/\/guialimeira.com.br\/news\/wp-json\/wp\/v2\/categories?post=63707"},{"taxonomy":"post_tag","embeddable":true,"href":"https:\/\/guialimeira.com.br\/news\/wp-json\/wp\/v2\/tags?post=63707"}],"curies":[{"name":"wp","href":"https:\/\/api.w.org\/{rel}","templated":true}]}}