{"id":63704,"date":"2026-04-30T18:45:51","date_gmt":"2026-04-30T21:45:51","guid":{"rendered":"https:\/\/guialimeira.com.br\/everton-ferreira-se-reune-com-confraria-da-boa-morte-para-tratar-uso-de-area-no-largo\/"},"modified":"2026-04-30T18:45:51","modified_gmt":"2026-04-30T21:45:51","slug":"everton-ferreira-se-reune-com-confraria-da-boa-morte-para-tratar-uso-de-area-no-largo","status":"publish","type":"post","link":"https:\/\/guialimeira.com.br\/news\/everton-ferreira-se-reune-com-confraria-da-boa-morte-para-tratar-uso-de-area-no-largo\/","title":{"rendered":"Everton Ferreira se re\u00fane com Confraria da Boa Morte para tratar uso de \u00e1rea no Largo"},"content":{"rendered":"<p>Everton Ferreira se re\u00fane com Confraria da Boa Morte para tratar uso de \u00e1rea no Largo<\/p>\n<p>O vereador Everton Ferreira (PSD) participou, na manh\u00e3 desta quarta-feira, 29 de abril, de uma reuni\u00e3o com representantes da Confraria de Nossa Senhora da Boa Morte e Assun\u00e7\u00e3o, realizada na Igreja da Boa Morte, no Centro. O encontro teve como pauta os apontamentos formalizados pelo parlamentar no Requerimento N\u00ba 377\/2026.<\/p>\n<p>O documento solicita informa\u00e7\u00f5es ao Poder Executivo sobre a \u00e1rea pertencente \u00e0 Confraria, localizada no Largo da Boa Morte, especificamente sobre a implanta\u00e7\u00e3o de vagas de estacionamento em 45 graus e a cobran\u00e7a de \u00c1rea Azul em trechos que, segundo registros imobili\u00e1rios municipais, integram propriedade da entidade religiosa.<\/p>\n<p>De acordo com Everton, durante a reuni\u00e3o, foram debatidas poss\u00edveis inconsist\u00eancias quanto \u00e0 autoriza\u00e7\u00e3o para uso da \u00e1rea, a exist\u00eancia de eventuais termos formais entre a Prefeitura e a Confraria e a necessidade de regulariza\u00e7\u00e3o jur\u00eddica da ocupa\u00e7\u00e3o.<\/p>\n<p>Al\u00e9m disso, segundo o parlamentar, uma grande preocupa\u00e7\u00e3o da Confraria \u00e9 quanto \u00e0 seguran\u00e7a do entorno da igreja pela presen\u00e7a frequente de pessoas em situa\u00e7\u00e3o de rua e usu\u00e1rios de drogas e alco\u00f3latras que abordam fi\u00e9is at\u00e9 mesmo dentro das missas, pedindo dinheiro, fazendo amea\u00e7as e incomodando comerciantes da regi\u00e3o.<\/p>\n<p>\u201cNosso objetivo \u00e9 dar transpar\u00eancia a uma situa\u00e7\u00e3o que envolve patrim\u00f4nio hist\u00f3rico e religioso da cidade, tanto nas quest\u00f5es legais de pertencimento de \u00e1rea, quanto na tranquilidade que a popula\u00e7\u00e3o tem direito de ter ao frequentar as igrejas da cidade\u201d, afirmou o vereador.<\/p>\n<p>Do Gabinete Parlamentar \u2013 Vereador Everton Ferreira (PSD)<\/p>\n<p>Fotos do Gabinete Parlamentar<\/p>\n<p>As mat\u00e9rias de origem dos Gabinetes Parlamentares s\u00e3o de inteira\u00a0 responsabilidade dos parlamentares e de suas assessorias. S\u00e3o devidamente assinadas e n\u00e3o refletem, necessariamente, a opini\u00e3o institucional da C\u00e2mara Municipal de Limeira.<\/p>\n<hr>\n<p><em>Fonte: <a href=\"https:\/\/www.limeira.sp.leg.br\/noticias\/view\/2026-04-30_everton-ferreira-se-reune-com-confraria-da-boa-morte-para-tratar-uso-de-area-no-largo\" target=\"_blank\" rel=\"noopener\">C\u00e2mara Municipal de Limeira<\/a><\/em><\/p>\n","protected":false},"excerpt":{"rendered":"<p>Everton Ferreira se re\u00fane com Confraria da Boa Morte para tratar uso de \u00e1rea no Largo<\/p>\n<p>O vereador Everton Ferreira (PSD) participou, na manh\u00e3 desta quarta-feira, 29 de abril, de uma reuni\u00e3o com representantes da Confraria de Nossa Senhora da Boa Morte e Assun\u00e7\u00e3o, realizada na Igreja da Boa Morte, no<\/p>\n","protected":false},"author":4,"featured_media":63702,"comment_status":"","ping_status":"open","sticky":false,"template":"","format":"standard","meta":{"_jetpack_newsletter_access":"","_jetpack_dont_email_post_to_subs":false,"_jetpack_newsletter_tier_id":0,"_jetpack_memberships_contains_paywalled_content":false,"_mbp_banners":[],"_jetpack_feature_clip_id":0,"_jetpack_memberships_contains_paid_content":false,"footnotes":"","jetpack_publicize_message":"","jetpack_publicize_feature_enabled":true,"jetpack_social_post_already_shared":true,"jetpack_social_options":{"image_generator_settings":{"template":"highway","default_image_id":0,"font":"","enabled":false},"version":2},"jetpack_post_was_ever_published":false},"categories":[19],"tags":[],"class_list":["post-63704","post","type-post","status-publish","format-standard","has-post-thumbnail","category-politica"],"jetpack_publicize_connections":[],"jetpack-related-posts":[],"jetpack_shortlink":"https:\/\/wp.me\/p7Eq1F-gzu","jetpack_sharing_enabled":true,"jetpack_featured_media_url":"https:\/\/i0.wp.com\/guialimeira.com.br\/news\/wp-content\/uploads\/2026\/04\/noticia-camara-149.jpg?fit=1280%2C640&ssl=1","_links":{"self":[{"href":"https:\/\/guialimeira.com.br\/news\/wp-json\/wp\/v2\/posts\/63704","targetHints":{"allow":["GET"]}}],"collection":[{"href":"https:\/\/guialimeira.com.br\/news\/wp-json\/wp\/v2\/posts"}],"about":[{"href":"https:\/\/guialimeira.com.br\/news\/wp-json\/wp\/v2\/types\/post"}],"author":[{"embeddable":true,"href":"https:\/\/guialimeira.com.br\/news\/wp-json\/wp\/v2\/users\/4"}],"replies":[{"embeddable":true,"href":"https:\/\/guialimeira.com.br\/news\/wp-json\/wp\/v2\/comments?post=63704"}],"version-history":[{"count":0,"href":"https:\/\/guialimeira.com.br\/news\/wp-json\/wp\/v2\/posts\/63704\/revisions"}],"wp:featuredmedia":[{"embeddable":true,"href":"https:\/\/guialimeira.com.br\/news\/wp-json\/wp\/v2\/media\/63702"}],"wp:attachment":[{"href":"https:\/\/guialimeira.com.br\/news\/wp-json\/wp\/v2\/media?parent=63704"}],"wp:term":[{"taxonomy":"category","embeddable":true,"href":"https:\/\/guialimeira.com.br\/news\/wp-json\/wp\/v2\/categories?post=63704"},{"taxonomy":"post_tag","embeddable":true,"href":"https:\/\/guialimeira.com.br\/news\/wp-json\/wp\/v2\/tags?post=63704"}],"curies":[{"name":"wp","href":"https:\/\/api.w.org\/{rel}","templated":true}]}}