{"id":63701,"date":"2026-04-30T18:40:50","date_gmt":"2026-04-30T21:40:50","guid":{"rendered":"https:\/\/guialimeira.com.br\/camara-homenageia-guardas-civis-municipais-com-diploma-honra-e-bravura\/"},"modified":"2026-04-30T18:40:50","modified_gmt":"2026-04-30T21:40:50","slug":"camara-homenageia-guardas-civis-municipais-com-diploma-honra-e-bravura","status":"publish","type":"post","link":"https:\/\/guialimeira.com.br\/news\/camara-homenageia-guardas-civis-municipais-com-diploma-honra-e-bravura\/","title":{"rendered":"C\u00e2mara homenageia guardas civis municipais com diploma \u201cHonra e Bravura\u201d"},"content":{"rendered":"<p>C\u00e2mara homenageia guardas civis municipais com diploma \u201cHonra e Bravura\u201d<\/p>\n<p>A C\u00e2mara Municipal realizou nesta quarta-feira, 29 de abril, uma sess\u00e3o solene para entrega do Diploma Honra e Bravura, homenageando integrantes da Guarda Civil Municipal (GCM) pelos servi\u00e7os prestados no Munic\u00edpio, nos termos da Resolu\u00e7\u00e3o N\u00b0 913\/2025. A honraria se d\u00e1 no m\u00eas de abril, conforme a Lei Ordin\u00e1ria n\u00ba 1.052\/1968, em comemora\u00e7\u00e3o \u00e0 cria\u00e7\u00e3o da GCM em Limeira. A solenidade ocorreu na Escola SENAI Luiz Varga e foi transmitida nos canais de comunica\u00e7\u00e3o da C\u00e2mara, o v\u00eddeo est\u00e1 dispon\u00edvel neste link.<\/p>\n<p>A composi\u00e7\u00e3o da mesa diretora contou com o presidente da C\u00e2mara Municipal, vereador Everton Ferreira (PSD); a presidente da comiss\u00e3o Diploma Honra e Bravura e vice-presidente da C\u00e2mara, vereadora Tatiane Lopes (Avante); o secret\u00e1rio municipal de Seguran\u00e7a P\u00fablica, Anderson Pereira, que representou o prefeito municipal Murilo F\u00e9lix (Podemos) e os vereadores da Casa.<\/p>\n<p>O presidente da C\u00e2mara, Everton Ferreira, ressaltou a import\u00e2ncia do diploma e agradeceu \u00e0 vereadora Tatiane por criar a medalha. \u201cObrigado pela presen\u00e7a de todos os homenageados, todos vereadores presentes j\u00e1 nomeados, todos familiares e amigos que est\u00e3o presentes. L\u00edderes da institui\u00e7\u00e3o, dessa honrosa institui\u00e7\u00e3o Guarda Municipal, honrosa farda azul marinho, todos do Pelot\u00e3o Ambiental presentes\u201d, pontuou o parlamentar.<\/p>\n<p>Confira a lista dos 20 profissionais e os respectivos vereadores que indicaram os nomes:<\/p>\n<p>GCM Adriano Paulo Oleg\u00e1rio \u2013 indicado pela vereadora Bruna Magalh\u00e3es (PRTB);<\/p>\n<p>Subinspetor Tiago da Silveira Lima \u2013 indicado pelo vereador Elias Barbosa (PRTB);<\/p>\n<p>Inspetor Jos\u00e9 Milton Coimbra \u2013 indicado pelo vereador Estev\u00e3o Nogueira (Avante);<\/p>\n<p>GCM Jilles Ragonha \u2013 indicado pelo vereador Everton Ferreira (PSD);<\/p>\n<p>Subinspetor Marcelo Bento Ribeiro &#8211; indicado pelo vereador Felipe Penedo (PL);<\/p>\n<p>Comandante Henrique Cassiano Paes &#8211; indicado pelo vereador Guilherme Guido (PL);<\/p>\n<p>Subinspetor William Fernando Schimidt &#8211; indicado pelo vereador Helder do T\u00e1xi (PSD);<\/p>\n<p>GCM Silvana Arado \u2013 indicada pela vereadora Isabelly de Carvalho (PT);<\/p>\n<p>Inspetora Geane Burin Oliveira \u2013 indicada pelo vereador Jo\u00e3o Antunes Bano (Solidariedade);<\/p>\n<p>GCM Raul Pereira da Silva &#8211; indicado pelo vereador Z\u00e9 da Farm\u00e1cia (Solidariedade);<\/p>\n<p>GCM Domingos Salvio dos Santos \u2013 indicado pelo vereador Carlinhos do Grotta (PL);<\/p>\n<p>GCM Danielle Rodrigues Vieira &#8211; indicada pela vereadora Lu Bogo (PL);<\/p>\n<p>GCM Jo\u00e3o Ferreira do Nascimento \u2013 indicado pela vereadora Mara Isa Mattos Silveira (PL);<\/p>\n<p>Subcomandante Andr\u00e9 Em\u00edlio Maezi Hailer &#8211; indicado pelo vereador Dr. Marcelo Rossi (MDB);<\/p>\n<p>Inspetor Mizael do Carmo da Silva &#8211; indicado pelo vereador M\u00e1rcio do Estacionamento (DC);<\/p>\n<p>GCM Luciane Barbosa de Oliveira &#8211; indicada pela vereadora Mariana Calsa (PSB);<\/p>\n<p>GCM Regiane Janu\u00e1rio Alves &#8211; indicada pelo vereador Nilton Santos (Republicanos);<\/p>\n<p>Subinspetor Renato Barbosa dos Santos &#8211; indicado pela vereadora Tatiane Lopes (Avante);<\/p>\n<p>Inspetor Andr\u00e9 Mois\u00e9s da Silva \u2013 indicado pelo vereador Costa Junior (Podemos);<\/p>\n<p>GCM Camilla Ramos Pari &#8211; indicada pelo vereador Waguinho da Santa Luzia (PP);<\/p>\n<hr>\n<p><em>Fonte: <a href=\"https:\/\/www.limeira.sp.leg.br\/noticias\/view\/2026-04-30_camara-homenageia-guardas-civis-municipais-com-diploma-honra-e-bravura\" target=\"_blank\" rel=\"noopener\">C\u00e2mara Municipal de Limeira<\/a><\/em><\/p>\n","protected":false},"excerpt":{"rendered":"<p>C\u00e2mara homenageia guardas civis municipais com diploma \u201cHonra e Bravura\u201d<\/p>\n<p>A C\u00e2mara Municipal realizou nesta quarta-feira, 29 de abril, uma sess\u00e3o solene para entrega do Diploma Honra e Bravura, homenageando integrantes da Guarda Civil Municipal (GCM) pelos servi\u00e7os prestados no Munic\u00edpio, nos termos<\/p>\n","protected":false},"author":4,"featured_media":63700,"comment_status":"","ping_status":"open","sticky":false,"template":"","format":"standard","meta":{"_jetpack_newsletter_access":"","_jetpack_dont_email_post_to_subs":false,"_jetpack_newsletter_tier_id":0,"_jetpack_memberships_contains_paywalled_content":false,"_mbp_banners":[],"_jetpack_feature_clip_id":0,"_jetpack_memberships_contains_paid_content":false,"footnotes":"","jetpack_publicize_message":"","jetpack_publicize_feature_enabled":true,"jetpack_social_post_already_shared":true,"jetpack_social_options":{"image_generator_settings":{"template":"highway","default_image_id":0,"font":"","enabled":false},"version":2},"jetpack_post_was_ever_published":false},"categories":[19],"tags":[],"class_list":["post-63701","post","type-post","status-publish","format-standard","has-post-thumbnail","category-politica"],"jetpack_publicize_connections":[],"jetpack-related-posts":[],"jetpack_shortlink":"https:\/\/wp.me\/p7Eq1F-gzr","jetpack_sharing_enabled":true,"jetpack_featured_media_url":"https:\/\/i0.wp.com\/guialimeira.com.br\/news\/wp-content\/uploads\/2026\/04\/noticia-camara-148.jpg?fit=1280%2C640&ssl=1","_links":{"self":[{"href":"https:\/\/guialimeira.com.br\/news\/wp-json\/wp\/v2\/posts\/63701","targetHints":{"allow":["GET"]}}],"collection":[{"href":"https:\/\/guialimeira.com.br\/news\/wp-json\/wp\/v2\/posts"}],"about":[{"href":"https:\/\/guialimeira.com.br\/news\/wp-json\/wp\/v2\/types\/post"}],"author":[{"embeddable":true,"href":"https:\/\/guialimeira.com.br\/news\/wp-json\/wp\/v2\/users\/4"}],"replies":[{"embeddable":true,"href":"https:\/\/guialimeira.com.br\/news\/wp-json\/wp\/v2\/comments?post=63701"}],"version-history":[{"count":0,"href":"https:\/\/guialimeira.com.br\/news\/wp-json\/wp\/v2\/posts\/63701\/revisions"}],"wp:featuredmedia":[{"embeddable":true,"href":"https:\/\/guialimeira.com.br\/news\/wp-json\/wp\/v2\/media\/63700"}],"wp:attachment":[{"href":"https:\/\/guialimeira.com.br\/news\/wp-json\/wp\/v2\/media?parent=63701"}],"wp:term":[{"taxonomy":"category","embeddable":true,"href":"https:\/\/guialimeira.com.br\/news\/wp-json\/wp\/v2\/categories?post=63701"},{"taxonomy":"post_tag","embeddable":true,"href":"https:\/\/guialimeira.com.br\/news\/wp-json\/wp\/v2\/tags?post=63701"}],"curies":[{"name":"wp","href":"https:\/\/api.w.org\/{rel}","templated":true}]}}