{"id":63699,"date":"2026-04-30T18:35:54","date_gmt":"2026-04-30T21:35:54","guid":{"rendered":"https:\/\/guialimeira.com.br\/ubs-do-cecap-e-vistoriada-pela-comissao-de-saude-da-camara\/"},"modified":"2026-04-30T18:35:54","modified_gmt":"2026-04-30T21:35:54","slug":"ubs-do-cecap-e-vistoriada-pela-comissao-de-saude-da-camara","status":"publish","type":"post","link":"https:\/\/guialimeira.com.br\/news\/ubs-do-cecap-e-vistoriada-pela-comissao-de-saude-da-camara\/","title":{"rendered":"UBS do Cecap \u00e9 vistoriada pela Comiss\u00e3o de Sa\u00fade da C\u00e2mara"},"content":{"rendered":"<p>UBS do Cecap \u00e9 vistoriada pela Comiss\u00e3o de Sa\u00fade da C\u00e2mara<\/p>\n<p>A Comiss\u00e3o de Sa\u00fade da C\u00e2mara realizou uma vistoria na Unidade B\u00e1sica de Sa\u00fade (UBS) Cecap na manh\u00e3 desta quinta-feira, 30 de abril. O objetivo foi conferir se demandas anteriores por melhorias foram sanadas e verificar novas necessidades da unidade.<\/p>\n<p>Os membros da Comiss\u00e3o, vereadores Dr. Marcelo Rossi (MDB), presidente; Z\u00e9 da Farm\u00e1cia (Solidariedade), vice-presidente, e Elias Barbosa (PRTB), secret\u00e1rio; foram recebidos pela coordenadora da UBS, Dayane Ferreira.<\/p>\n<p>No local ela mostrou ao colegiado que os problemas com o ar-condicionado, telhado, ventiladores, geladeira da sala de vacinas e o vidro da sala de curativos j\u00e1 foram resolvidos.<\/p>\n<p>Novas demandas<\/p>\n<p>Em busca de aprimorar ainda mais o atendimento da unidade para os mun\u00edcipes, os vereadores questionaram se h\u00e1 melhorias ainda a serem feitas para que possam colaborar com indica\u00e7\u00f5es \u00e0 Secretaria de Sa\u00fade para solucion\u00e1-las.<\/p>\n<p>A coordenadora informou que \u00e9 preciso realizar a manuten\u00e7\u00e3o e limpeza da calha,\u00a0 consertar os aparelhos de ar condicionado da farm\u00e1cia e da sala 5, reparar janelas emperradas e portas sem travas. Disse ainda que \u00e9 preciso realizar melhorias na acessibilidade e instalar barras de seguran\u00e7a para guiar idosos. Dayane tamb\u00e9m explicou que a equipe est\u00e1 defasada.<\/p>\n<p>Em rela\u00e7\u00e3o \u00e0s a\u00e7\u00f5es em andamento, a coordenadora relatou que j\u00e1 foram realizados or\u00e7amentos para cerca el\u00e9trica e monitoramento de seguran\u00e7a, mas que a UBS precisa de um vigia noturno.<\/p>\n<p>A Comiss\u00e3o de Sa\u00fade \u00e9 respons\u00e1vel por tratar e fiscalizar todos os assuntos relacionados a hospitais p\u00fablicos e privados que atendem pacientes do SUS, bem como manifestar-se sobre assuntos ligados \u00e0 vigil\u00e2ncia sanit\u00e1ria, epidemiol\u00f3gica e nutricional, al\u00e9m de elaborar campanhas e a\u00e7\u00f5es preventivas sobre sa\u00fade e controle de epidemias.<\/p>\n<hr>\n<p><em>Fonte: <a href=\"https:\/\/www.limeira.sp.leg.br\/noticias\/view\/2026-04-30_ubs-do-cecap-e-vistoriada-pela-comissao-de-saude-da-camara\" target=\"_blank\" rel=\"noopener\">C\u00e2mara Municipal de Limeira<\/a><\/em><\/p>\n","protected":false},"excerpt":{"rendered":"<p>UBS do Cecap \u00e9 vistoriada pela Comiss\u00e3o de Sa\u00fade da C\u00e2mara<\/p>\n<p>A Comiss\u00e3o de Sa\u00fade da C\u00e2mara realizou uma vistoria na Unidade B\u00e1sica de Sa\u00fade (UBS) Cecap na manh\u00e3 desta quinta-feira, 30 de abril. O objetivo foi conferir se demandas anteriores por melhorias foram sanadas e verificar novas necessidades d<\/p>\n","protected":false},"author":4,"featured_media":63698,"comment_status":"","ping_status":"open","sticky":false,"template":"","format":"standard","meta":{"_jetpack_newsletter_access":"","_jetpack_dont_email_post_to_subs":false,"_jetpack_newsletter_tier_id":0,"_jetpack_memberships_contains_paywalled_content":false,"_mbp_banners":[],"_jetpack_feature_clip_id":0,"_jetpack_memberships_contains_paid_content":false,"footnotes":"","jetpack_publicize_message":"","jetpack_publicize_feature_enabled":true,"jetpack_social_post_already_shared":true,"jetpack_social_options":{"image_generator_settings":{"template":"highway","default_image_id":0,"font":"","enabled":false},"version":2},"jetpack_post_was_ever_published":false},"categories":[19],"tags":[],"class_list":["post-63699","post","type-post","status-publish","format-standard","has-post-thumbnail","category-politica"],"jetpack_publicize_connections":[],"jetpack-related-posts":[],"jetpack_shortlink":"https:\/\/wp.me\/p7Eq1F-gzp","jetpack_sharing_enabled":true,"jetpack_featured_media_url":"https:\/\/i0.wp.com\/guialimeira.com.br\/news\/wp-content\/uploads\/2026\/04\/noticia-camara-147.jpg?fit=1280%2C640&ssl=1","_links":{"self":[{"href":"https:\/\/guialimeira.com.br\/news\/wp-json\/wp\/v2\/posts\/63699","targetHints":{"allow":["GET"]}}],"collection":[{"href":"https:\/\/guialimeira.com.br\/news\/wp-json\/wp\/v2\/posts"}],"about":[{"href":"https:\/\/guialimeira.com.br\/news\/wp-json\/wp\/v2\/types\/post"}],"author":[{"embeddable":true,"href":"https:\/\/guialimeira.com.br\/news\/wp-json\/wp\/v2\/users\/4"}],"replies":[{"embeddable":true,"href":"https:\/\/guialimeira.com.br\/news\/wp-json\/wp\/v2\/comments?post=63699"}],"version-history":[{"count":0,"href":"https:\/\/guialimeira.com.br\/news\/wp-json\/wp\/v2\/posts\/63699\/revisions"}],"wp:featuredmedia":[{"embeddable":true,"href":"https:\/\/guialimeira.com.br\/news\/wp-json\/wp\/v2\/media\/63698"}],"wp:attachment":[{"href":"https:\/\/guialimeira.com.br\/news\/wp-json\/wp\/v2\/media?parent=63699"}],"wp:term":[{"taxonomy":"category","embeddable":true,"href":"https:\/\/guialimeira.com.br\/news\/wp-json\/wp\/v2\/categories?post=63699"},{"taxonomy":"post_tag","embeddable":true,"href":"https:\/\/guialimeira.com.br\/news\/wp-json\/wp\/v2\/tags?post=63699"}],"curies":[{"name":"wp","href":"https:\/\/api.w.org\/{rel}","templated":true}]}}