{"id":63695,"date":"2026-04-30T18:30:58","date_gmt":"2026-04-30T21:30:58","guid":{"rendered":"https:\/\/guialimeira.com.br\/acidentes-de-transito-seguranca-viaria-e-discutida-em-reuniao-na-camara\/"},"modified":"2026-04-30T18:30:58","modified_gmt":"2026-04-30T21:30:58","slug":"acidentes-de-transito-seguranca-viaria-e-discutida-em-reuniao-na-camara","status":"publish","type":"post","link":"https:\/\/guialimeira.com.br\/news\/acidentes-de-transito-seguranca-viaria-e-discutida-em-reuniao-na-camara\/","title":{"rendered":"Acidentes de tr\u00e2nsito: seguran\u00e7a vi\u00e1ria \u00e9 discutida em reuni\u00e3o na C\u00e2mara"},"content":{"rendered":"<p>Acidentes de tr\u00e2nsito: seguran\u00e7a vi\u00e1ria \u00e9 discutida em reuni\u00e3o na C\u00e2mara<\/p>\n<p>A seguran\u00e7a vi\u00e1ria de Limeira foi o tema abordado pela Comiss\u00e3o de Seguran\u00e7a P\u00fablica da C\u00e2mara em reuni\u00e3o com o secret\u00e1rio de Mobilidade Urbana, Walter Veneciano, e o comandante da Guarda Civil Municipal (GCM), Henrique Cassiano Paes, nesta quinta-feira, 30 de abril. A reuni\u00e3o foi motivada pelo n\u00famero de acidentes com v\u00edtimas ocorridos desde o in\u00edcio do ano. Os trabalhos foram transmitidos ao vivo e o v\u00eddeo pode ser conferido neste link.<\/p>\n<p>Abrindo a reuni\u00e3o, o presidente do colegiado, vereador Costa Junior (Podemos), informou que o objetivo do encontro foi discutir tecnicamente o \u00edndice de acidentes em vias de alto fluxo e entroncamentos perigosos da cidade. \u201cQueremos entender mais as medidas de seguran\u00e7a no tr\u00e2nsito e se est\u00e3o sendo realizadas as devidas fiscaliza\u00e7\u00f5es e a\u00e7\u00f5es\u201d, destacou.<\/p>\n<p>De acordo com o secret\u00e1rio de Mobilidade Urbana, a Prefeitura est\u00e1 preocupada com o n\u00famero de \u00f3bitos em acidentes de tr\u00e2nsito ocorridos de janeiro a 31 de mar\u00e7o, 11 no total. Ele destacou que a cidade n\u00e3o est\u00e1 preparada para o crescimento no n\u00famero de ve\u00edculos ocorrido nos \u00faltimos cinco anos, principalmente em rela\u00e7\u00e3o \u00e0s motocicletas.<\/p>\n<p>Fiscaliza\u00e7\u00e3o<\/p>\n<p>Em rela\u00e7\u00e3o \u00e0s fiscaliza\u00e7\u00f5es, disse que nos tr\u00eas primeiros meses do ano foram realizadas 1.900 ocorr\u00eancias pelos agentes de tr\u00e2nsito e que neste total n\u00e3o est\u00e3o inclu\u00eddas as realizadas pela GCM e pela Pol\u00edcia Militar.<\/p>\n<p>Disse tamb\u00e9m que a partir de 1\u00ba de maio come\u00e7a a campanha Maio Amarelo de Seguran\u00e7a no Tr\u00e2nsito, na qual est\u00e3o previstas a\u00e7\u00f5es tanto de educa\u00e7\u00e3o no tr\u00e2nsito, como de fiscaliza\u00e7\u00e3o.<\/p>\n<p>O avan\u00e7o do sinal vermelho nos sem\u00e1foros foi apontado pelo secret\u00e1rio como um dos principais causadores de acidentes de tr\u00e2nsito. Diante disso, informou que a Prefeitura est\u00e1 programando instalar quatro novos radares de avan\u00e7o de sinal no pr\u00f3ximo semestre. Outra medida tomada pela pasta para melhorar a seguran\u00e7a no tr\u00e2nsito \u00e9 o investimento em troca de placas e fia\u00e7\u00f5es do sistema semaf\u00f3rico central.<\/p>\n<p>Declarou ainda que a seguran\u00e7a do tr\u00e2nsito no entorno de escolas est\u00e1 sendo refor\u00e7ada com opera\u00e7\u00f5es di\u00e1rias de fiscaliza\u00e7\u00e3o nos hor\u00e1rios de pico, al\u00e9m da mudan\u00e7a de fluxo de dire\u00e7\u00e3o e da cria\u00e7\u00e3o de vagas para carga e descarga.<\/p>\n<p>Mapeamento de acidentes<\/p>\n<p>Questionado se a Secretaria de Mobilidade Urbana ou a GCM faz mapeamento dos acidentes de tr\u00e2nsito. Walter explicou que ambos os \u00f3rg\u00e3os s\u00e3o obrigados a lan\u00e7ar todos os acidentes ocorridos na cidade no site Infosiga, portal do Governo do Estado de S\u00e3o Paulo que divulga dados sobre acidentes de tr\u00e2nsito. De acordo com ele, as fiscaliza\u00e7\u00f5es e verifica\u00e7\u00f5es do que precisa ser melhorado no tr\u00e2nsito s\u00e3o baseadas neste sistema.<\/p>\n<p>A Comiss\u00e3o<\/p>\n<p>A Comiss\u00e3o de Seguran\u00e7a P\u00fablica da C\u00e2mara \u00e9 composta pelos vereadores Costa J\u00fanior (Podemos), presidente; Felipe Penedo (PL), vice-presidente, e Carlinhos do Grotta (PL), secret\u00e1rio.<\/p>\n<p>S\u00e3o responsabilidades deste colegiado opinar sobre proposituras relativas \u00e0 \u00e1rea, bem como promover estudos e reuni\u00f5es sobre a criminalidade, a viol\u00eancia e a seguran\u00e7a p\u00fablica, propondo medidas necess\u00e1rias \u00e0 melhoria da preven\u00e7\u00e3o e prote\u00e7\u00e3o da comunidade; atuar junto \u00e0s esferas governamentais a fim de implementar pol\u00edticas de seguran\u00e7a p\u00fablica no Munic\u00edpio; e apresentar sugest\u00f5es para o aperfei\u00e7oamento da legisla\u00e7\u00e3o municipal pertinente \u00e0 seguran\u00e7a p\u00fablica. As delibera\u00e7\u00f5es podem ser conferidas em ata.<\/p>\n<hr>\n<p><em>Fonte: <a href=\"https:\/\/www.limeira.sp.leg.br\/noticias\/view\/2026-04-30_acidentes-de-transito-seguranca-viaria-e-discutida-em-reuniao-na-camara\" target=\"_blank\" rel=\"noopener\">C\u00e2mara Municipal de Limeira<\/a><\/em><\/p>\n","protected":false},"excerpt":{"rendered":"<p>Acidentes de tr\u00e2nsito: seguran\u00e7a vi\u00e1ria \u00e9 discutida em reuni\u00e3o na C\u00e2mara<\/p>\n<p>A seguran\u00e7a vi\u00e1ria de Limeira foi o tema abordado pela Comiss\u00e3o de Seguran\u00e7a P\u00fablica da C\u00e2mara em reuni\u00e3o com o secret\u00e1rio de Mobilidade Urbana, Walter Veneciano, e o comandante da Guarda Civil Municipal (GCM), Henrique Cassia<\/p>\n","protected":false},"author":4,"featured_media":63694,"comment_status":"","ping_status":"open","sticky":false,"template":"","format":"standard","meta":{"_jetpack_newsletter_access":"","_jetpack_dont_email_post_to_subs":false,"_jetpack_newsletter_tier_id":0,"_jetpack_memberships_contains_paywalled_content":false,"_mbp_banners":[],"_jetpack_feature_clip_id":0,"_jetpack_memberships_contains_paid_content":false,"footnotes":"","jetpack_publicize_message":"","jetpack_publicize_feature_enabled":true,"jetpack_social_post_already_shared":true,"jetpack_social_options":{"image_generator_settings":{"template":"highway","default_image_id":0,"font":"","enabled":false},"version":2},"jetpack_post_was_ever_published":false},"categories":[19],"tags":[],"class_list":["post-63695","post","type-post","status-publish","format-standard","has-post-thumbnail","category-politica"],"jetpack_publicize_connections":[],"jetpack-related-posts":[],"jetpack_shortlink":"https:\/\/wp.me\/p7Eq1F-gzl","jetpack_sharing_enabled":true,"jetpack_featured_media_url":"https:\/\/i0.wp.com\/guialimeira.com.br\/news\/wp-content\/uploads\/2026\/04\/noticia-camara-146.jpg?fit=1280%2C640&ssl=1","_links":{"self":[{"href":"https:\/\/guialimeira.com.br\/news\/wp-json\/wp\/v2\/posts\/63695","targetHints":{"allow":["GET"]}}],"collection":[{"href":"https:\/\/guialimeira.com.br\/news\/wp-json\/wp\/v2\/posts"}],"about":[{"href":"https:\/\/guialimeira.com.br\/news\/wp-json\/wp\/v2\/types\/post"}],"author":[{"embeddable":true,"href":"https:\/\/guialimeira.com.br\/news\/wp-json\/wp\/v2\/users\/4"}],"replies":[{"embeddable":true,"href":"https:\/\/guialimeira.com.br\/news\/wp-json\/wp\/v2\/comments?post=63695"}],"version-history":[{"count":0,"href":"https:\/\/guialimeira.com.br\/news\/wp-json\/wp\/v2\/posts\/63695\/revisions"}],"wp:featuredmedia":[{"embeddable":true,"href":"https:\/\/guialimeira.com.br\/news\/wp-json\/wp\/v2\/media\/63694"}],"wp:attachment":[{"href":"https:\/\/guialimeira.com.br\/news\/wp-json\/wp\/v2\/media?parent=63695"}],"wp:term":[{"taxonomy":"category","embeddable":true,"href":"https:\/\/guialimeira.com.br\/news\/wp-json\/wp\/v2\/categories?post=63695"},{"taxonomy":"post_tag","embeddable":true,"href":"https:\/\/guialimeira.com.br\/news\/wp-json\/wp\/v2\/tags?post=63695"}],"curies":[{"name":"wp","href":"https:\/\/api.w.org\/{rel}","templated":true}]}}