{"id":63646,"date":"2026-04-30T13:25:48","date_gmt":"2026-04-30T16:25:48","guid":{"rendered":"https:\/\/guialimeira.com.br\/bruna-magalhaes-cobra-solucao-para-apagoes-no-nobreville-por-meio-de-requerimento\/"},"modified":"2026-04-30T13:25:48","modified_gmt":"2026-04-30T16:25:48","slug":"bruna-magalhaes-cobra-solucao-para-apagoes-no-nobreville-por-meio-de-requerimento","status":"publish","type":"post","link":"https:\/\/guialimeira.com.br\/news\/bruna-magalhaes-cobra-solucao-para-apagoes-no-nobreville-por-meio-de-requerimento\/","title":{"rendered":"Bruna Magalh\u00e3es cobra solu\u00e7\u00e3o para apag\u00f5es no Nobreville por meio de requerimento"},"content":{"rendered":"<p>Bruna Magalh\u00e3es cobra solu\u00e7\u00e3o para apag\u00f5es no Nobreville por meio de requerimento<\/p>\n<p>Diante das constantes interrup\u00e7\u00f5es no fornecimento de energia el\u00e9trica no bairro Nobreville, em Limeira, a vereadora Bruna Magalh\u00e3es (PRTB) apresentou nesta quinta-feira, 30 de abril, o Requerimento n\u00ba 376\/2026 solicitando esclarecimentos e provid\u00eancias por parte da Prefeitura.<\/p>\n<p>Segundo relatos dos mun\u00edcipes, nos \u00faltimos dias eles enfrentam sucessivos apag\u00f5es, com registros de falta de energia por diversos dias consecutivos, o que tem causado preju\u00edzos, inseguran\u00e7a e impactos diretos na rotina das fam\u00edlias. A vereadora disse que j\u00e1 iniciou tratativas junto \u00e0 concession\u00e1ria respons\u00e1vel pelo servi\u00e7o, buscando solu\u00e7\u00f5es efetivas para o problema, incluindo a revis\u00e3o da rede el\u00e9trica que atende a regi\u00e3o.<\/p>\n<p>Por meio do requerimento, a parlamentar solicita informa\u00e7\u00f5es detalhadas sobre as causas das falhas, as medidas adotadas pelo Munic\u00edpio junto \u00e0 concession\u00e1ria e a previs\u00e3o de a\u00e7\u00f5es estruturais para evitar novas ocorr\u00eancias. \u201cO fornecimento de energia \u00e9 um servi\u00e7o essencial. N\u00e3o podemos aceitar que moradores fiquem dias seguidos enfrentando instabilidade sem respostas concretas. Estamos cobrando provid\u00eancias e uma solu\u00e7\u00e3o definitiva\u201d, destacou.<\/p>\n<p>Bruna Magalh\u00e3es ressaltou que a iniciativa refor\u00e7a seu compromisso com a fiscaliza\u00e7\u00e3o dos servi\u00e7os p\u00fablicos e a defesa da qualidade de vida da popula\u00e7\u00e3o.<\/p>\n<p>Do Gabinete Parlamentar \u2013 Vereadora Bruna Magalh\u00e3es (PRTB)<\/p>\n<p>As mat\u00e9rias de origem dos Gabinetes Parlamentares s\u00e3o de inteira\u00a0 responsabilidade dos parlamentares e de suas assessorias. S\u00e3o devidamente assinadas e n\u00e3o refletem, necessariamente, a opini\u00e3o institucional da C\u00e2mara Municipal de Limeira.<\/p>\n<hr>\n<p><em>Fonte: <a href=\"https:\/\/www.limeira.sp.leg.br\/noticias\/view\/2026-04-30_bruna-magalhaes-cobra-solucao-para-apagoes-no-nobreville-por-meio-de-requerimento\" target=\"_blank\" rel=\"noopener\">C\u00e2mara Municipal de Limeira<\/a><\/em><\/p>\n","protected":false},"excerpt":{"rendered":"<p>Bruna Magalh\u00e3es cobra solu\u00e7\u00e3o para apag\u00f5es no Nobreville por meio de requerimento<\/p>\n<p>Diante das constantes interrup\u00e7\u00f5es no fornecimento de energia el\u00e9trica no bairro Nobreville, em Limeira, a vereadora Bruna Magalh\u00e3es (PRTB) apresentou nesta quinta-feira, 30 de abril, o Requerimento n\u00ba 376\/2026 solici<\/p>\n","protected":false},"author":4,"featured_media":63645,"comment_status":"","ping_status":"open","sticky":false,"template":"","format":"standard","meta":{"_jetpack_newsletter_access":"","_jetpack_dont_email_post_to_subs":false,"_jetpack_newsletter_tier_id":0,"_jetpack_memberships_contains_paywalled_content":false,"_mbp_banners":[],"_jetpack_feature_clip_id":0,"_jetpack_memberships_contains_paid_content":false,"footnotes":"","jetpack_publicize_message":"","jetpack_publicize_feature_enabled":true,"jetpack_social_post_already_shared":true,"jetpack_social_options":{"image_generator_settings":{"template":"highway","default_image_id":0,"font":"","enabled":false},"version":2},"jetpack_post_was_ever_published":false},"categories":[19],"tags":[],"class_list":["post-63646","post","type-post","status-publish","format-standard","has-post-thumbnail","category-politica"],"jetpack_publicize_connections":[],"jetpack-related-posts":[],"jetpack_shortlink":"https:\/\/wp.me\/p7Eq1F-gyy","jetpack_sharing_enabled":true,"jetpack_featured_media_url":"https:\/\/i0.wp.com\/guialimeira.com.br\/news\/wp-content\/uploads\/2026\/04\/noticia-camara-145.jpg?fit=1280%2C640&ssl=1","_links":{"self":[{"href":"https:\/\/guialimeira.com.br\/news\/wp-json\/wp\/v2\/posts\/63646","targetHints":{"allow":["GET"]}}],"collection":[{"href":"https:\/\/guialimeira.com.br\/news\/wp-json\/wp\/v2\/posts"}],"about":[{"href":"https:\/\/guialimeira.com.br\/news\/wp-json\/wp\/v2\/types\/post"}],"author":[{"embeddable":true,"href":"https:\/\/guialimeira.com.br\/news\/wp-json\/wp\/v2\/users\/4"}],"replies":[{"embeddable":true,"href":"https:\/\/guialimeira.com.br\/news\/wp-json\/wp\/v2\/comments?post=63646"}],"version-history":[{"count":0,"href":"https:\/\/guialimeira.com.br\/news\/wp-json\/wp\/v2\/posts\/63646\/revisions"}],"wp:featuredmedia":[{"embeddable":true,"href":"https:\/\/guialimeira.com.br\/news\/wp-json\/wp\/v2\/media\/63645"}],"wp:attachment":[{"href":"https:\/\/guialimeira.com.br\/news\/wp-json\/wp\/v2\/media?parent=63646"}],"wp:term":[{"taxonomy":"category","embeddable":true,"href":"https:\/\/guialimeira.com.br\/news\/wp-json\/wp\/v2\/categories?post=63646"},{"taxonomy":"post_tag","embeddable":true,"href":"https:\/\/guialimeira.com.br\/news\/wp-json\/wp\/v2\/tags?post=63646"}],"curies":[{"name":"wp","href":"https:\/\/api.w.org\/{rel}","templated":true}]}}