{"id":63634,"date":"2026-04-30T11:20:56","date_gmt":"2026-04-30T14:20:56","guid":{"rendered":"https:\/\/guialimeira.com.br\/comissao-de-saude-recebe-resposta-da-prefeitura-sobre-a-situacao-da-fila-de-espera-oftalmologica\/"},"modified":"2026-04-30T11:20:56","modified_gmt":"2026-04-30T14:20:56","slug":"comissao-de-saude-recebe-resposta-da-prefeitura-sobre-a-situacao-da-fila-de-espera-oftalmologica","status":"publish","type":"post","link":"https:\/\/guialimeira.com.br\/news\/comissao-de-saude-recebe-resposta-da-prefeitura-sobre-a-situacao-da-fila-de-espera-oftalmologica\/","title":{"rendered":"Comiss\u00e3o de Sa\u00fade recebe resposta da Prefeitura sobre a situa\u00e7\u00e3o da fila de espera oftalmol\u00f3gica"},"content":{"rendered":"<p>Comiss\u00e3o de Sa\u00fade recebe resposta da Prefeitura sobre a situa\u00e7\u00e3o da fila de espera oftalmol\u00f3gica<\/p>\n<p>O tempo m\u00e9dio para agendamento de consultas e cirurgias oftalmol\u00f3gicas no Munic\u00edpio \u00e9 de aproximadamente cinco meses, podendo variar conforme a gravidade do caso e o tipo de procedimento, sempre com base em crit\u00e9rios de prioridade cl\u00ednica. A informa\u00e7\u00e3o foi repassada pela Prefeitura \u00e0 Comiss\u00e3o de Sa\u00fade da C\u00e2mara Municipal nesta quinta-feira, 30 de abril, em resposta a questionamentos sobre a situa\u00e7\u00e3o da fila de espera.<\/p>\n<p>Os questionamentos foram encaminhados pela Comiss\u00e3o \u00e0 Secretaria de Sa\u00fade na reuni\u00e3o do dia 9 de abril. Em resposta, a Prefeitura informou que dentre a fila geral de espera por consultas, cerca de 20% s\u00e3o de oftalmologia. J\u00e1 em rela\u00e7\u00e3o aos procedimentos cir\u00fargicos, 17% da fila \u00e9 composta por cirurgias oftalmol\u00f3gicas.<\/p>\n<p>Al\u00e9m disso, no texto do of\u00edcio \u00e9 destacado que no momento n\u00e3o h\u00e1 previs\u00e3o de mutir\u00f5es, mas que a gest\u00e3o municipal realiza avalia\u00e7\u00e3o cont\u00ednua de estrat\u00e9gias para ampliar o acesso e reduzir o tempo de espera, incluindo ades\u00e3o a servi\u00e7os regionalizados, como o Hospital Regional e o Hospital S\u00e3o Leopoldo Mandic, em Araras, e a amplia\u00e7\u00e3o de procedimentos em parceria com a Humanit\u00e1ria.<\/p>\n<p>\u201cEsclarecemos, ainda, que o atendimento em oftalmologia tem in\u00edcio nas Unidades B\u00e1sicas de Sa\u00fade (UBS), onde o paciente \u00e9 inicialmente avaliado e, quando necess\u00e1rio, direcionado para a especialidade. A inclus\u00e3o na fila de espera e a prioriza\u00e7\u00e3o dos atendimentos seguem crit\u00e9rios cl\u00ednicos, garantindo maior certeza aos casos de maior gravidade\u201d, justificou o Executivo.<\/p>\n<p>Uma reuni\u00e3o na Secretaria de Sa\u00fade ser\u00e1 agendada pelo colegiado para obter informa\u00e7\u00f5es mais detalhadas sobre a resposta.<\/p>\n<p>A Comiss\u00e3o<\/p>\n<p>A Comiss\u00e3o de Sa\u00fade \u00e9 respons\u00e1vel por tratar e fiscalizar todos os assuntos relacionados a hospitais p\u00fablicos e privados que atendem pacientes do SUS, bem como manifestar-se sobre assuntos ligados \u00e0 vigil\u00e2ncia sanit\u00e1ria, epidemiol\u00f3gica e nutricional, al\u00e9m de elaborar campanhas e a\u00e7\u00f5es preventivas sobre sa\u00fade e controle de epidemias.<\/p>\n<p>O colegiado \u00e9 formado pelos vereadores Dr. Marcelo Rossi (MDB), presidente; Z\u00e9 da Farm\u00e1cia (Solidariedade), vice-presidente, e Elias Barbosa (PRTB), secret\u00e1rio. Eles se re\u00fanem ordinariamente \u00e0s quintas-feiras, a partir das 10h. Todas as delibera\u00e7\u00f5es s\u00e3o registradas em ata.<\/p>\n<hr>\n<p><em>Fonte: <a href=\"https:\/\/www.limeira.sp.leg.br\/noticias\/view\/2026-04-30_comissao-de-saude-recebe-resposta-da-prefeitura-sobre-a-situacao-da-fila-de-espera-oftalmologica\" target=\"_blank\" rel=\"noopener\">C\u00e2mara Municipal de Limeira<\/a><\/em><\/p>\n","protected":false},"excerpt":{"rendered":"<p>Comiss\u00e3o de Sa\u00fade recebe resposta da Prefeitura sobre a situa\u00e7\u00e3o da fila de espera oftalmol\u00f3gica<\/p>\n<p>O tempo m\u00e9dio para agendamento de consultas e cirurgias oftalmol\u00f3gicas no Munic\u00edpio \u00e9 de aproximadamente cinco meses, podendo variar conforme a gravidade do caso e o tipo de procedimento, sempre com bas<\/p>\n","protected":false},"author":4,"featured_media":63633,"comment_status":"","ping_status":"open","sticky":false,"template":"","format":"standard","meta":{"_jetpack_newsletter_access":"","_jetpack_dont_email_post_to_subs":false,"_jetpack_newsletter_tier_id":0,"_jetpack_memberships_contains_paywalled_content":false,"_mbp_banners":[],"_jetpack_feature_clip_id":0,"_jetpack_memberships_contains_paid_content":false,"footnotes":"","jetpack_publicize_message":"","jetpack_publicize_feature_enabled":true,"jetpack_social_post_already_shared":true,"jetpack_social_options":{"image_generator_settings":{"template":"highway","default_image_id":0,"font":"","enabled":false},"version":2},"jetpack_post_was_ever_published":false},"categories":[19],"tags":[],"class_list":["post-63634","post","type-post","status-publish","format-standard","has-post-thumbnail","category-politica"],"jetpack_publicize_connections":[],"jetpack-related-posts":[],"jetpack_shortlink":"https:\/\/wp.me\/p7Eq1F-gym","jetpack_sharing_enabled":true,"jetpack_featured_media_url":"https:\/\/i0.wp.com\/guialimeira.com.br\/news\/wp-content\/uploads\/2026\/04\/noticia-camara-144.jpg?fit=1280%2C640&ssl=1","_links":{"self":[{"href":"https:\/\/guialimeira.com.br\/news\/wp-json\/wp\/v2\/posts\/63634","targetHints":{"allow":["GET"]}}],"collection":[{"href":"https:\/\/guialimeira.com.br\/news\/wp-json\/wp\/v2\/posts"}],"about":[{"href":"https:\/\/guialimeira.com.br\/news\/wp-json\/wp\/v2\/types\/post"}],"author":[{"embeddable":true,"href":"https:\/\/guialimeira.com.br\/news\/wp-json\/wp\/v2\/users\/4"}],"replies":[{"embeddable":true,"href":"https:\/\/guialimeira.com.br\/news\/wp-json\/wp\/v2\/comments?post=63634"}],"version-history":[{"count":0,"href":"https:\/\/guialimeira.com.br\/news\/wp-json\/wp\/v2\/posts\/63634\/revisions"}],"wp:featuredmedia":[{"embeddable":true,"href":"https:\/\/guialimeira.com.br\/news\/wp-json\/wp\/v2\/media\/63633"}],"wp:attachment":[{"href":"https:\/\/guialimeira.com.br\/news\/wp-json\/wp\/v2\/media?parent=63634"}],"wp:term":[{"taxonomy":"category","embeddable":true,"href":"https:\/\/guialimeira.com.br\/news\/wp-json\/wp\/v2\/categories?post=63634"},{"taxonomy":"post_tag","embeddable":true,"href":"https:\/\/guialimeira.com.br\/news\/wp-json\/wp\/v2\/tags?post=63634"}],"curies":[{"name":"wp","href":"https:\/\/api.w.org\/{rel}","templated":true}]}}