{"id":63560,"date":"2026-04-29T17:29:22","date_gmt":"2026-04-29T20:29:22","guid":{"rendered":"https:\/\/guialimeira.com.br\/?p=63560"},"modified":"2026-04-29T17:29:22","modified_gmt":"2026-04-29T20:29:22","slug":"aniversario-de-cordeiropolis-tera-shows-nacionais-e-transmissao-do-1o-jogo-do-brasil-na-copa-prefeitura-municipal-de-cordeiropolis","status":"publish","type":"post","link":"https:\/\/guialimeira.com.br\/news\/aniversario-de-cordeiropolis-tera-shows-nacionais-e-transmissao-do-1o-jogo-do-brasil-na-copa-prefeitura-municipal-de-cordeiropolis\/","title":{"rendered":"Anivers\u00e1rio de Cordeir\u00f3polis ter\u00e1 shows nacionais e transmiss\u00e3o do 1\u00ba jogo do Brasil na Copa \u2013 Prefeitura Municipal de Cordeir\u00f3polis"},"content":{"rendered":"<p> <br \/>\n<\/p>\n<div>\n<p>S\u00f3 Pra Contrariar, Ultraje a Rigor, Colo de Deus e Cordeiro In Canto s\u00e3o as principais atra\u00e7\u00f5es da comemora\u00e7\u00e3o dos 78 anos de Cordeir\u00f3polis. A programa\u00e7\u00e3o acontece de 11 a 14 de junho, em dois palcos na Pra\u00e7a Central \u201cComendador Jamil Abrah\u00e3o Saad\u201d. O primeiro jogo do Brasil na Copa do Mundo ser\u00e1 transmitido em um tel\u00e3o na pra\u00e7a.<\/p>\n<p>Uma das novidades deste ano \u00e9 a estrutura com dois palcos simult\u00e2neos, cada um com identidade pr\u00f3pria e homenagem a personalidades que marcaram a hist\u00f3ria da cidade. O Palco L\u00e9o Batista presta tributo ao jornalista cordeiropolense e concentrar\u00e1 a transmiss\u00e3o e apresenta\u00e7\u00f5es musicais. J\u00e1 o Palco Jo\u00e3o Pac\u00edfico homenageia o compositor de Cordeir\u00f3polis e ser\u00e1 o espa\u00e7o principal dos grandes shows.<\/p>\n<p>\u201cToda a programa\u00e7\u00e3o foi pensada para enaltecer Cordeir\u00f3polis, trazer nossas ra\u00edzes e levar muito entretenimento \u00e0 popula\u00e7\u00e3o, que merece muito celebrar esses 78 anos\u201d, afirmou a prefeita Cristina Saad. \u201cEstamos organizando tudo com muito carinho, todos os detalhes planejados para ser uma grande festa\u201d, destacou o secret\u00e1rio de Cultura, Turismo e Eventos, Alex Olivato.<\/p>\n<p><strong>Programa\u00e7\u00e3o<\/strong><\/p>\n<p>A programa\u00e7\u00e3o come\u00e7a na quinta-feira (11), \u00e0s 20h30, com o show da Comunidade Cat\u00f3lica Colo de Deus, no Palco Jo\u00e3o Pac\u00edfico. Na sexta (12), \u00e0s 19h, sobe ao palco principal Lucas Carneiro. \u00c0s 20h30, tem apresenta\u00e7\u00e3o especial da banda Cordeiro In Canto, formada exclusivamente para o anivers\u00e1rio da cidade e que re\u00fane artistas locais que ir\u00e3o se revezar no palco acompanhados por m\u00fasicos convidados.<\/p>\n<p>No s\u00e1bado (13), anivers\u00e1rio da cidade, a programa\u00e7\u00e3o inclui a transmiss\u00e3o do primeiro jogo do Brasil na Copa do Mundo, \u00e0s 19h, no Palco L\u00e9o Batista, onde ser\u00e1 instalado um tel\u00e3o para a popula\u00e7\u00e3o assistir \u00e0 partida. A sele\u00e7\u00e3o brasileira enfrenta o Marrocos na estreia do mundial. Na sequ\u00eancia, no Palco Jo\u00e3o Pac\u00edfico, tem o show do grupo S\u00f3 Pra Contrariar.<\/p>\n<p>No \u00faltimo dia da programa\u00e7\u00e3o cultural, domingo (14), as atra\u00e7\u00f5es come\u00e7am pela manh\u00e3, \u00e0s 10h, com a Orquestra de Violeiros Trevisani Nel Mondo, seguida pelo show de Marcos Violeiro &amp; Baltazar, \u00e0s 11h30 \u2013 ambas no Palco L\u00e9o Batista. \u00c0 noite, a Banda Vinil se apresenta \u00e0s 19h no Palco L\u00e9o Batista. O encerramento fica por conta do show do Ultraje a Rigor, \u00e0s 21h, no Palco Jo\u00e3o Pac\u00edfico.<\/p>\n<p><strong>Cordeiro In Canto<\/strong><\/p>\n<p>A banda que celebra os 78 anos de Cordeir\u00f3polis, Cordeiro In Canto, \u00e9 formada pelos artistas: Ana Bacocina, Danilo &amp; Cristiano, D\u00e9bora Vidoretti, Ellem Rodrigues, Enoch &amp; Rog\u00e9rio, Jo\u00e3o M\u00fasico &amp; Antonella, Maria Eduarda, Marquinho Rampo, Suca &amp; Cristal, T\u00eaniel Satler, Tina &amp; T\u00e2nia, Z\u00e9 Carlos &amp; J Bim, e Kl\u00e9ber Branco &amp; Fabiano.<\/p>\n<p>Eles v\u00e3o se revezar no palco no dia 12 ao lado dos m\u00fasicos cordeiropolenses Emanuel Massaro, Ant\u00f4nio Lug\u00e3o, Everto Nardini, Luis Guilherme Rampo e Samuel Jamobel. \u201cS\u00e3o m\u00fasicos de Cordeir\u00f3polis que, inclusive, j\u00e1 tocaram com grandes nomes da m\u00fasica brasileira e v\u00e3o abrilhantar ainda mais essa festa\u201d, pontuou Olivato.<\/p>\n<p>\u201cA ideia de criar uma banda que leva o nome da cidade \u00e9 a valoriza\u00e7\u00e3o dos artistas da nossa terra, que aqui trabalham e aqui levam cultura \u00e0 nossa popula\u00e7\u00e3o. Eles v\u00e3o tocar no palco que leva o nome de outro grande talento de Cordeir\u00f3polis, Jo\u00e3o Pac\u00edfico, uma refer\u00eancia para todas as gera\u00e7\u00f5es\u201d, enfatizou a prefeita Cristina Saad.<\/p>\n<figure class=\"wp-block-gallery has-nested-images columns-default is-cropped wp-block-gallery-1 is-layout-flex wp-block-gallery-is-layout-flex\">\n<figure class=\"wp-block-image\"><\/figure>\n<figure class=\"wp-block-image\"><img data-recalc-dims=\"1\" decoding=\"async\" loading=\"lazy\" width=\"696\" height=\"531\" data-id=\"32562\" src=\"https:\/\/i0.wp.com\/guialimeira.com.br\/wp-content\/uploads\/2026\/04\/Aniversario-de-Cordeiropolis-tera-shows-nacionais-e-transmissao-do-1o.jpeg?resize=696%2C531&#038;ssl=1\" alt=\"\" class=\"wp-image-32562\" \/><\/figure>\n<\/figure><\/div>\n<p><br \/>\n<br \/><a href=\"https:\/\/www.cordeiropolis.sp.gov.br\/aniversario-de-cordeiropolis-tera-shows-nacionais-e-transmissao-do-1o-jogo-do-brasil-na-copa\/\" rel=\"noopener\">Informa\u00e7\u00f5es Cordeir\u00f3polis <\/a><\/p>\n","protected":false},"excerpt":{"rendered":"<p>S\u00f3 Pra Contrariar, Ultraje a Rigor, Colo de Deus e Cordeiro In Canto s\u00e3o as principais atra\u00e7\u00f5es da comemora\u00e7\u00e3o dos 78 anos de Cordeir\u00f3polis. A programa\u00e7\u00e3o acontece de 11 a 14 de junho, em dois palcos na Pra\u00e7a Central \u201cComendador Jamil Abrah\u00e3o Saad\u201d. O primeiro jogo do Brasil na Copa do Mundo ser\u00e1 transmitido em [&hellip;]<\/p>\n","protected":false},"author":1,"featured_media":63561,"comment_status":"closed","ping_status":"open","sticky":false,"template":"","format":"standard","meta":{"_jetpack_newsletter_access":"","_jetpack_dont_email_post_to_subs":false,"_jetpack_newsletter_tier_id":0,"_jetpack_memberships_contains_paywalled_content":false,"_mbp_banners":[],"_jetpack_feature_clip_id":0,"_jetpack_memberships_contains_paid_content":false,"footnotes":"","jetpack_publicize_message":"","jetpack_publicize_feature_enabled":true,"jetpack_social_post_already_shared":true,"jetpack_social_options":{"image_generator_settings":{"template":"highway","default_image_id":0,"font":"","enabled":false},"version":2},"jetpack_post_was_ever_published":false},"categories":[20],"tags":[],"class_list":["post-63560","post","type-post","status-publish","format-standard","has-post-thumbnail","category-regiao"],"jetpack_publicize_connections":[],"jetpack-related-posts":[],"jetpack_shortlink":"https:\/\/wp.me\/p7Eq1F-gxa","jetpack_sharing_enabled":true,"jetpack_featured_media_url":"https:\/\/i0.wp.com\/guialimeira.com.br\/news\/wp-content\/uploads\/2026\/04\/Aniversario-de-Cordeiropolis-tera-shows-nacionais-e-transmissao-do-1o.jpg?fit=2560%2C1707&ssl=1","_links":{"self":[{"href":"https:\/\/guialimeira.com.br\/news\/wp-json\/wp\/v2\/posts\/63560","targetHints":{"allow":["GET"]}}],"collection":[{"href":"https:\/\/guialimeira.com.br\/news\/wp-json\/wp\/v2\/posts"}],"about":[{"href":"https:\/\/guialimeira.com.br\/news\/wp-json\/wp\/v2\/types\/post"}],"author":[{"embeddable":true,"href":"https:\/\/guialimeira.com.br\/news\/wp-json\/wp\/v2\/users\/1"}],"replies":[{"embeddable":true,"href":"https:\/\/guialimeira.com.br\/news\/wp-json\/wp\/v2\/comments?post=63560"}],"version-history":[{"count":1,"href":"https:\/\/guialimeira.com.br\/news\/wp-json\/wp\/v2\/posts\/63560\/revisions"}],"predecessor-version":[{"id":63562,"href":"https:\/\/guialimeira.com.br\/news\/wp-json\/wp\/v2\/posts\/63560\/revisions\/63562"}],"wp:featuredmedia":[{"embeddable":true,"href":"https:\/\/guialimeira.com.br\/news\/wp-json\/wp\/v2\/media\/63561"}],"wp:attachment":[{"href":"https:\/\/guialimeira.com.br\/news\/wp-json\/wp\/v2\/media?parent=63560"}],"wp:term":[{"taxonomy":"category","embeddable":true,"href":"https:\/\/guialimeira.com.br\/news\/wp-json\/wp\/v2\/categories?post=63560"},{"taxonomy":"post_tag","embeddable":true,"href":"https:\/\/guialimeira.com.br\/news\/wp-json\/wp\/v2\/tags?post=63560"}],"curies":[{"name":"wp","href":"https:\/\/api.w.org\/{rel}","templated":true}]}}