{"id":63548,"date":"2026-04-29T16:50:50","date_gmt":"2026-04-29T19:50:50","guid":{"rendered":"https:\/\/guialimeira.com.br\/contratacao-de-merendeiras-e-manutencao-de-escolas-sao-pautadas-em-reuniao-entre-montesano-e-comissao-de-educacao\/"},"modified":"2026-04-29T16:50:50","modified_gmt":"2026-04-29T19:50:50","slug":"contratacao-de-merendeiras-e-manutencao-de-escolas-sao-pautadas-em-reuniao-entre-montesano-e-comissao-de-educacao","status":"publish","type":"post","link":"https:\/\/guialimeira.com.br\/news\/contratacao-de-merendeiras-e-manutencao-de-escolas-sao-pautadas-em-reuniao-entre-montesano-e-comissao-de-educacao\/","title":{"rendered":"Contrata\u00e7\u00e3o de merendeiras e manuten\u00e7\u00e3o de escolas s\u00e3o pautadas em reuni\u00e3o entre Montesano e Comiss\u00e3o de Educa\u00e7\u00e3o"},"content":{"rendered":"<p>Contrata\u00e7\u00e3o de merendeiras e manuten\u00e7\u00e3o de escolas s\u00e3o pautadas em reuni\u00e3o entre Montesano e Comiss\u00e3o de Educa\u00e7\u00e3o<\/p>\n<p>O secret\u00e1rio Municipal de Educa\u00e7\u00e3o, Ant\u00f4nio Montesano Neto, prestou contas sobre as a\u00e7\u00f5es da pasta \u00e0 Comiss\u00e3o de Educa\u00e7\u00e3o e Ci\u00eancias da C\u00e2mara nesta quarta-feira, 29 de abril. Concurso p\u00fablico para contrata\u00e7\u00e3o de merendeiras,\u00a0 manuten\u00e7\u00e3o de escolas e conv\u00eanio com o Estado para o transporte escolar foram pautas abordadas. Os trabalhos foram transmitidos ao vivo e o v\u00eddeo pode ser conferido na \u00edntegra neste link.<\/p>\n<p>Convidado para falar sobre a intersetorialidade, o representante da Comiss\u00e3o que discute o assunto na Secretaria n\u00e3o compareceu. Uma nova reuni\u00e3o foi agendada para a pr\u00f3xima semana para tratar do tema.<\/p>\n<p>Contrata\u00e7\u00e3o de merendeiras<\/p>\n<p>O titular da pasta de Educa\u00e7\u00e3o foi questionado pela Comiss\u00e3o sobre a contrata\u00e7\u00e3o de merendeiras. De acordo com Montesano, a Prefeitura j\u00e1 contratou a empresa que ser\u00e1 respons\u00e1vel pela elabora\u00e7\u00e3o de um concurso p\u00fablico no qual o cargo est\u00e1 contemplado. Para a Secretaria de Educa\u00e7\u00e3o os cargos ser\u00e3o de agente de desenvolvimento educacional, diretor de escola, assistente social, assistente administrativo, secret\u00e1rio de escola, merendeira, auxiliar geral, professor de educa\u00e7\u00e3o especial e professor de educa\u00e7\u00e3o infantil. Em rela\u00e7\u00e3o ao cargo de monitores, o secret\u00e1rio informou que foram chamados 122 aprovados no concurso vigente e deste total 93 j\u00e1 assumiram.<\/p>\n<p>Manuten\u00e7\u00f5es e reformas<\/p>\n<p>Os vereadores tamb\u00e9m perguntaram se h\u00e1 planejamento de manuten\u00e7\u00f5es e reformas nas escolas da rede at\u00e9 o final do mandato. Montesano relatou que at\u00e9 o fim da semana a Secretaria ter\u00e1 uma ata para esta finalidade. Ele explicou que neste primeiro momento n\u00e3o ser\u00e1 poss\u00edvel fazer grandes reformas, mas muitas unidades ser\u00e3o atendidas no que h\u00e1 de mais emergencial.<\/p>\n<p>Montesano tamb\u00e9m esclareceu d\u00favidas dos vereadores sobre as obras da creche do Jardim Residencial Roseira e do Centro Infantil (CI) Murilo Lemos. Sobre a creche, o secret\u00e1rio disse que houve novo recurso contra a licita\u00e7\u00e3o e que aguarda defini\u00e7\u00e3o para in\u00edcio das obras. J\u00e1 em rela\u00e7\u00e3o ao CI Murilo Lemos, informou que ainda n\u00e3o tem confirma\u00e7\u00e3o sobre o prazo de conclus\u00e3o.<\/p>\n<p>Transporte Escolar<\/p>\n<p>Segundo Montesano, o prefeito Murilo F\u00e9lix (Podemos) j\u00e1 assinou o conv\u00eanio com o Estado para a realiza\u00e7\u00e3o do transporte escolar de forma conjunta (alunos da rede municipal e da rede estadual). Ele informou que o edital j\u00e1 foi elaborado e aguarda parecer jur\u00eddico. \u201cDepois desse parecer vai para publica\u00e7\u00e3o e j\u00e1 se marca a data. Eu entendo que em maio a gente j\u00e1 tenha este preg\u00e3o. Mas deixando claro que \u00e9 para o segundo semestre do ano letivo\u201d.<\/p>\n<p>Delibera\u00e7\u00f5es<\/p>\n<p>Convidado para participar da reuni\u00e3o, o representante da Comiss\u00e3o que discute a intersetorialidade na Secretaria de Educa\u00e7\u00e3o n\u00e3o compareceu. Em virtude disso, a Comiss\u00e3o de Educa\u00e7\u00e3o reiterou o convite para que ele participe da pr\u00f3xima reuni\u00e3o do colegiado no dia 6 de maio, \u00e0s 14h. Montesano tamb\u00e9m foi convidado para retornar na mesma data para tratar deste tema.<\/p>\n<p>A Comiss\u00e3o<\/p>\n<p>A Comiss\u00e3o de Educa\u00e7\u00e3o e Ci\u00eancias \u00e9 composta pelos vereadores Mariana Calsa (PSB), presidente; Nilton Santos (Republicanos), vice-presidente; e Waguinho de Santa Luzia (PP), secret\u00e1rio; tendo como compet\u00eancia a fiscaliza\u00e7\u00e3o de assuntos relacionados \u00e0 educa\u00e7\u00e3o e ao ensino.<\/p>\n<p>Os membros tamb\u00e9m s\u00e3o respons\u00e1veis por abordar a pol\u00edtica e sistema educacional nos aspectos institucionais, estruturais, funcionais e legais, al\u00e9m de opinarem acerca de projetos da rede municipal de ensino, programas e pol\u00edticas p\u00fablicas que tratem do ambiente escolar, dos professores e estudantes, bem como servidores da rede de ensino, servi\u00e7os, equipamentos e programas educacionais.<\/p>\n<p>As delibera\u00e7\u00f5es s\u00e3o registradas em ata.<\/p>\n<hr>\n<p><em>Fonte: <a href=\"https:\/\/www.limeira.sp.leg.br\/noticias\/view\/2026-04-29_contratacao-de-merendeiras-e-manutencao-de-escolas-sao-pautadas-em-reuniao-entre-montesano-e-comissao-de-educacao\" target=\"_blank\" rel=\"noopener\">C\u00e2mara Municipal de Limeira<\/a><\/em><\/p>\n","protected":false},"excerpt":{"rendered":"<p>Contrata\u00e7\u00e3o de merendeiras e manuten\u00e7\u00e3o de escolas s\u00e3o pautadas em reuni\u00e3o entre Montesano e Comiss\u00e3o de Educa\u00e7\u00e3o<\/p>\n<p>O secret\u00e1rio Municipal de Educa\u00e7\u00e3o, Ant\u00f4nio Montesano Neto, prestou contas sobre as a\u00e7\u00f5es da pasta \u00e0 Comiss\u00e3o de Educa\u00e7\u00e3o e Ci\u00eancias da C\u00e2mara nesta quarta-feira, 29 de abril. Concurso <\/p>\n","protected":false},"author":4,"featured_media":63547,"comment_status":"","ping_status":"open","sticky":false,"template":"","format":"standard","meta":{"_jetpack_newsletter_access":"","_jetpack_dont_email_post_to_subs":false,"_jetpack_newsletter_tier_id":0,"_jetpack_memberships_contains_paywalled_content":false,"_mbp_banners":[],"_jetpack_feature_clip_id":0,"_jetpack_memberships_contains_paid_content":false,"footnotes":"","jetpack_publicize_message":"","jetpack_publicize_feature_enabled":true,"jetpack_social_post_already_shared":true,"jetpack_social_options":{"image_generator_settings":{"template":"highway","default_image_id":0,"font":"","enabled":false},"version":2},"jetpack_post_was_ever_published":false},"categories":[19],"tags":[],"class_list":["post-63548","post","type-post","status-publish","format-standard","has-post-thumbnail","category-politica"],"jetpack_publicize_connections":[],"jetpack-related-posts":[],"jetpack_shortlink":"https:\/\/wp.me\/p7Eq1F-gwY","jetpack_sharing_enabled":true,"jetpack_featured_media_url":"https:\/\/i0.wp.com\/guialimeira.com.br\/news\/wp-content\/uploads\/2026\/04\/noticia-camara-143.jpg?fit=1280%2C640&ssl=1","_links":{"self":[{"href":"https:\/\/guialimeira.com.br\/news\/wp-json\/wp\/v2\/posts\/63548","targetHints":{"allow":["GET"]}}],"collection":[{"href":"https:\/\/guialimeira.com.br\/news\/wp-json\/wp\/v2\/posts"}],"about":[{"href":"https:\/\/guialimeira.com.br\/news\/wp-json\/wp\/v2\/types\/post"}],"author":[{"embeddable":true,"href":"https:\/\/guialimeira.com.br\/news\/wp-json\/wp\/v2\/users\/4"}],"replies":[{"embeddable":true,"href":"https:\/\/guialimeira.com.br\/news\/wp-json\/wp\/v2\/comments?post=63548"}],"version-history":[{"count":0,"href":"https:\/\/guialimeira.com.br\/news\/wp-json\/wp\/v2\/posts\/63548\/revisions"}],"wp:featuredmedia":[{"embeddable":true,"href":"https:\/\/guialimeira.com.br\/news\/wp-json\/wp\/v2\/media\/63547"}],"wp:attachment":[{"href":"https:\/\/guialimeira.com.br\/news\/wp-json\/wp\/v2\/media?parent=63548"}],"wp:term":[{"taxonomy":"category","embeddable":true,"href":"https:\/\/guialimeira.com.br\/news\/wp-json\/wp\/v2\/categories?post=63548"},{"taxonomy":"post_tag","embeddable":true,"href":"https:\/\/guialimeira.com.br\/news\/wp-json\/wp\/v2\/tags?post=63548"}],"curies":[{"name":"wp","href":"https:\/\/api.w.org\/{rel}","templated":true}]}}