{"id":63546,"date":"2026-04-29T16:45:59","date_gmt":"2026-04-29T19:45:59","guid":{"rendered":"https:\/\/guialimeira.com.br\/com-articulacao-do-dr-marcelo-rossi-moacyr-franco-fara-show-em-limeira\/"},"modified":"2026-04-29T16:45:59","modified_gmt":"2026-04-29T19:45:59","slug":"com-articulacao-do-dr-marcelo-rossi-moacyr-franco-fara-show-em-limeira","status":"publish","type":"post","link":"https:\/\/guialimeira.com.br\/news\/com-articulacao-do-dr-marcelo-rossi-moacyr-franco-fara-show-em-limeira\/","title":{"rendered":"Com articula\u00e7\u00e3o do Dr. Marcelo Rossi, Moacyr Franco far\u00e1 show em Limeira"},"content":{"rendered":"<p>Com articula\u00e7\u00e3o do Dr. Marcelo Rossi, Moacyr Franco far\u00e1 show em Limeira<\/p>\n<p>Al\u00e9m da Emenda N\u00ba 253 ao Projeto de Lei N\u00ba 241\/2025 (Lei Or\u00e7ament\u00e1ria Anual &#8211; LOA) de R$ 892 mil destinados a zerar a fila de 500 pacientes que aguardavam h\u00e1 um ano por aparelhos auditivos, o vereador Dr. Marcelo Rossi (MDB) protocolou a Emenda N\u00ba 254 ao Projeto de Lei N\u00ba 241\/2025 em outubro de 2025, direcionando o valor de R$ 200 mil para outras atividades focadas na terceira idade em 2026.<\/p>\n<p>Uma delas \u00e9 a vinda do cantor Moacyr Franco a Limeira no pr\u00f3ximo dia 9, no Parque Cidade, em comemora\u00e7\u00e3o ao Dia das M\u00e3es, segundo o vereador. O artista subir\u00e1 ao palco \u00e0s 19h30 e comp\u00f5e a programa\u00e7\u00e3o especial da Prefeitura, por meio da Secretaria de Turismo e Eventos, com in\u00edcio \u00e0s 16h.<\/p>\n<p>Dr. Marcelo enfatizou que trabalha para o idoso sair da invisibilidade social em todos os aspectos e, mesmo priorizando a sa\u00fade, quer que a terceira idade seja lembrada em todas as outras \u00e1reas da administra\u00e7\u00e3o p\u00fablica. \u201c\u00c9 justo e necess\u00e1rio termos eventos para crian\u00e7as, jovens e adultos. Mas os idosos n\u00e3o podem ser exclu\u00eddos de nenhum calend\u00e1rio\u201d, destacou.<\/p>\n<p>Ap\u00f3s reuni\u00e3o com o ex-secret\u00e1rio de Turismo e Eventos, Silvio Brito, e posteriormente com o atual titular da pasta, Thiago Martins, a articula\u00e7\u00e3o foi concretizada. \u201cSomos um pa\u00eds que cultua a juventude e nada mais justo que homenagear, em maio, todas as m\u00e3es em nome das m\u00e3es idosas, que muitas vezes s\u00e3o esquecidas nesta e em outras datas\u201d, argumentou o vereador.<\/p>\n<p>No pr\u00f3ximo semestre, outro evento para a terceira idade ser\u00e1 viabilizado por meio de emenda do parlamentar.<\/p>\n<p>Do Gabinete Parlamentar \u2013 Vereador Dr. Marcelo Rossi (MDB)<\/p>\n<p>Fotos do Gabinete Parlamentar<\/p>\n<p>As mat\u00e9rias de origem dos Gabinetes Parlamentares s\u00e3o de inteira\u00a0 responsabilidade dos parlamentares e de suas assessorias. S\u00e3o devidamente assinadas e n\u00e3o refletem, necessariamente, a opini\u00e3o institucional da C\u00e2mara Municipal de Limeira.<\/p>\n<hr>\n<p><em>Fonte: <a href=\"https:\/\/www.limeira.sp.leg.br\/noticias\/view\/2026-04-29_com-articulacao-do-dr-marcelo-rossi-moacyr-franco-fara-show-em-limeira\" target=\"_blank\" rel=\"noopener\">C\u00e2mara Municipal de Limeira<\/a><\/em><\/p>\n","protected":false},"excerpt":{"rendered":"<p>Com articula\u00e7\u00e3o do Dr. Marcelo Rossi, Moacyr Franco far\u00e1 show em Limeira<\/p>\n<p>Al\u00e9m da Emenda N\u00ba 253 ao Projeto de Lei N\u00ba 241\/2025 (Lei Or\u00e7ament\u00e1ria Anual &#8211; LOA) de R$ 892 mil destinados a zerar a fila de 500 pacientes que aguardavam h\u00e1 um ano por aparelhos auditivos, o vereador Dr. Marcelo Rossi (MDB) p<\/p>\n","protected":false},"author":4,"featured_media":63545,"comment_status":"","ping_status":"open","sticky":false,"template":"","format":"standard","meta":{"_jetpack_newsletter_access":"","_jetpack_dont_email_post_to_subs":false,"_jetpack_newsletter_tier_id":0,"_jetpack_memberships_contains_paywalled_content":false,"_mbp_banners":[],"_jetpack_feature_clip_id":0,"_jetpack_memberships_contains_paid_content":false,"footnotes":"","jetpack_publicize_message":"","jetpack_publicize_feature_enabled":true,"jetpack_social_post_already_shared":true,"jetpack_social_options":{"image_generator_settings":{"template":"highway","default_image_id":0,"font":"","enabled":false},"version":2},"jetpack_post_was_ever_published":false},"categories":[19],"tags":[],"class_list":["post-63546","post","type-post","status-publish","format-standard","has-post-thumbnail","category-politica"],"jetpack_publicize_connections":[],"jetpack-related-posts":[],"jetpack_shortlink":"https:\/\/wp.me\/p7Eq1F-gwW","jetpack_sharing_enabled":true,"jetpack_featured_media_url":"https:\/\/i0.wp.com\/guialimeira.com.br\/news\/wp-content\/uploads\/2026\/04\/noticia-camara-142.jpg?fit=1280%2C640&ssl=1","_links":{"self":[{"href":"https:\/\/guialimeira.com.br\/news\/wp-json\/wp\/v2\/posts\/63546","targetHints":{"allow":["GET"]}}],"collection":[{"href":"https:\/\/guialimeira.com.br\/news\/wp-json\/wp\/v2\/posts"}],"about":[{"href":"https:\/\/guialimeira.com.br\/news\/wp-json\/wp\/v2\/types\/post"}],"author":[{"embeddable":true,"href":"https:\/\/guialimeira.com.br\/news\/wp-json\/wp\/v2\/users\/4"}],"replies":[{"embeddable":true,"href":"https:\/\/guialimeira.com.br\/news\/wp-json\/wp\/v2\/comments?post=63546"}],"version-history":[{"count":0,"href":"https:\/\/guialimeira.com.br\/news\/wp-json\/wp\/v2\/posts\/63546\/revisions"}],"wp:featuredmedia":[{"embeddable":true,"href":"https:\/\/guialimeira.com.br\/news\/wp-json\/wp\/v2\/media\/63545"}],"wp:attachment":[{"href":"https:\/\/guialimeira.com.br\/news\/wp-json\/wp\/v2\/media?parent=63546"}],"wp:term":[{"taxonomy":"category","embeddable":true,"href":"https:\/\/guialimeira.com.br\/news\/wp-json\/wp\/v2\/categories?post=63546"},{"taxonomy":"post_tag","embeddable":true,"href":"https:\/\/guialimeira.com.br\/news\/wp-json\/wp\/v2\/tags?post=63546"}],"curies":[{"name":"wp","href":"https:\/\/api.w.org\/{rel}","templated":true}]}}