{"id":63509,"date":"2026-04-29T10:50:52","date_gmt":"2026-04-29T13:50:52","guid":{"rendered":"https:\/\/guialimeira.com.br\/camara-realiza-palestra-sobre-a-importancia-dos-documentos-pessoais-no-exercicio-da-cidadania\/"},"modified":"2026-04-29T10:50:52","modified_gmt":"2026-04-29T13:50:52","slug":"camara-realiza-palestra-sobre-a-importancia-dos-documentos-pessoais-no-exercicio-da-cidadania","status":"publish","type":"post","link":"https:\/\/guialimeira.com.br\/news\/camara-realiza-palestra-sobre-a-importancia-dos-documentos-pessoais-no-exercicio-da-cidadania\/","title":{"rendered":"C\u00e2mara realiza palestra sobre a import\u00e2ncia dos documentos pessoais no exerc\u00edcio da cidadania"},"content":{"rendered":"<p>C\u00e2mara realiza palestra sobre a import\u00e2ncia dos documentos pessoais no exerc\u00edcio da cidadania<\/p>\n<p>Com o objetivo de aproximar os estudantes de temas essenciais para a vida em sociedade, a C\u00e2mara Municipal, por meio da Escola Legislativa Paulo Freire, realizou uma palestra nesta ter\u00e7a-feira, 28 de abril, sobre a import\u00e2ncia dos documentos pessoais no exerc\u00edcio da cidadania. A atividade foi ministrada pelo advogado Valdir dos Santos Pio e reuniu alunos do 2\u00ba e 3\u00ba ano da Escola Estadual Prof. William Silva.<\/p>\n<p>O evento foi realizado para duas turmas e contou ao todo com 54 alunos, sendo 33 do 2\u00ba ano e 21 do 3\u00ba ano. A proposta foi explicar a import\u00e2ncia dos documentos pessoais para o exerc\u00edcio da cidadania, pois representam a forma como o Estado confirma a exist\u00eancia do indiv\u00edduo, bem como reconhece a pessoa com identidade legal, podendo acessar direitos b\u00e1sicos como sa\u00fade, educa\u00e7\u00e3o, trabalho, servi\u00e7os banc\u00e1rios e participa\u00e7\u00e3o pol\u00edtica.<\/p>\n<p>Durante a a\u00e7\u00e3o, Valdir tamb\u00e9m abordou que a identidade envolve dimens\u00f5es pessoais, civis e pol\u00edticas, sendo essencial para a constru\u00e7\u00e3o do sujeito de direito e deveres perante a sociedade. Al\u00e9m de ressaltar os avan\u00e7os recentes, como a nova Carteira de Identidade Nacional (CIN), que utiliza o CPF como n\u00famero \u00fanico e integra dados digitais, o acesso \u00e0 identifica\u00e7\u00e3o se torna mais seguro e pr\u00e1tico, refor\u00e7ando o papel dos documentos como base para a cidadania.<\/p>\n<p>Sobre o palestrante<\/p>\n<p>O palestrante, Valdir dos Santos Pio, \u00e9 advogado e atua como assessor jur\u00eddico t\u00e9cnico legislativo na C\u00e2mara Municipal de Limeira. Possui gradua\u00e7\u00e3o e mestrado em direito pelo Centro Universit\u00e1rio Fieo (Unifieo), al\u00e9m de especializa\u00e7\u00e3o em direito processual civil pela Pontif\u00edcia Universidade Cat\u00f3lica de S\u00e3o Paulo (PUC-SP).<\/p>\n<p>Tamb\u00e9m conta com forma\u00e7\u00e3o complementar em pol\u00edticas p\u00fablicas municipais pela Universidade Federal de S\u00e3o Paulo (Unifesp), extens\u00e3o em psican\u00e1lise e psicologia econ\u00f4mica pela PUC-SP e atua\u00e7\u00e3o em direito tribut\u00e1rio pelo Instituto Brasileiro de Direito Tribut\u00e1rio (IBDT) e Universidade de S\u00e3o Paulo USP.<\/p>\n<hr>\n<p><em>Fonte: <a href=\"https:\/\/www.limeira.sp.leg.br\/noticias\/view\/2026-04-29_camara-realiza-palestra-sobre-a-importancia-dos-documentos-pessoais-no-exercicio-da-cidadania\" target=\"_blank\" rel=\"noopener\">C\u00e2mara Municipal de Limeira<\/a><\/em><\/p>\n","protected":false},"excerpt":{"rendered":"<p>C\u00e2mara realiza palestra sobre a import\u00e2ncia dos documentos pessoais no exerc\u00edcio da cidadania<\/p>\n<p>Com o objetivo de aproximar os estudantes de temas essenciais para a vida em sociedade, a C\u00e2mara Municipal, por meio da Escola Legislativa Paulo Freire, realizou uma palestra nesta ter\u00e7a-feira, 28 de abril<\/p>\n","protected":false},"author":4,"featured_media":63508,"comment_status":"","ping_status":"open","sticky":false,"template":"","format":"standard","meta":{"_jetpack_newsletter_access":"","_jetpack_dont_email_post_to_subs":false,"_jetpack_newsletter_tier_id":0,"_jetpack_memberships_contains_paywalled_content":false,"_mbp_banners":[],"_jetpack_feature_clip_id":0,"_jetpack_memberships_contains_paid_content":false,"footnotes":"","jetpack_publicize_message":"","jetpack_publicize_feature_enabled":true,"jetpack_social_post_already_shared":true,"jetpack_social_options":{"image_generator_settings":{"template":"highway","default_image_id":0,"font":"","enabled":false},"version":2},"jetpack_post_was_ever_published":false},"categories":[19],"tags":[],"class_list":["post-63509","post","type-post","status-publish","format-standard","has-post-thumbnail","category-politica"],"jetpack_publicize_connections":[],"jetpack-related-posts":[],"jetpack_shortlink":"https:\/\/wp.me\/p7Eq1F-gwl","jetpack_sharing_enabled":true,"jetpack_featured_media_url":"https:\/\/i0.wp.com\/guialimeira.com.br\/news\/wp-content\/uploads\/2026\/04\/noticia-camara-141.jpg?fit=1280%2C640&ssl=1","_links":{"self":[{"href":"https:\/\/guialimeira.com.br\/news\/wp-json\/wp\/v2\/posts\/63509","targetHints":{"allow":["GET"]}}],"collection":[{"href":"https:\/\/guialimeira.com.br\/news\/wp-json\/wp\/v2\/posts"}],"about":[{"href":"https:\/\/guialimeira.com.br\/news\/wp-json\/wp\/v2\/types\/post"}],"author":[{"embeddable":true,"href":"https:\/\/guialimeira.com.br\/news\/wp-json\/wp\/v2\/users\/4"}],"replies":[{"embeddable":true,"href":"https:\/\/guialimeira.com.br\/news\/wp-json\/wp\/v2\/comments?post=63509"}],"version-history":[{"count":0,"href":"https:\/\/guialimeira.com.br\/news\/wp-json\/wp\/v2\/posts\/63509\/revisions"}],"wp:featuredmedia":[{"embeddable":true,"href":"https:\/\/guialimeira.com.br\/news\/wp-json\/wp\/v2\/media\/63508"}],"wp:attachment":[{"href":"https:\/\/guialimeira.com.br\/news\/wp-json\/wp\/v2\/media?parent=63509"}],"wp:term":[{"taxonomy":"category","embeddable":true,"href":"https:\/\/guialimeira.com.br\/news\/wp-json\/wp\/v2\/categories?post=63509"},{"taxonomy":"post_tag","embeddable":true,"href":"https:\/\/guialimeira.com.br\/news\/wp-json\/wp\/v2\/tags?post=63509"}],"curies":[{"name":"wp","href":"https:\/\/api.w.org\/{rel}","templated":true}]}}