{"id":63502,"date":"2026-04-29T10:05:55","date_gmt":"2026-04-29T13:05:55","guid":{"rendered":"https:\/\/guialimeira.com.br\/helder-do-taxi-realiza-vistoria-em-estradas-rurais-e-cobra-manutencao\/"},"modified":"2026-04-29T10:05:55","modified_gmt":"2026-04-29T13:05:55","slug":"helder-do-taxi-realiza-vistoria-em-estradas-rurais-e-cobra-manutencao","status":"publish","type":"post","link":"https:\/\/guialimeira.com.br\/news\/helder-do-taxi-realiza-vistoria-em-estradas-rurais-e-cobra-manutencao\/","title":{"rendered":"Helder do T\u00e1xi realiza vistoria em estradas rurais e cobra manuten\u00e7\u00e3o"},"content":{"rendered":"<p>Helder do T\u00e1xi realiza vistoria em estradas rurais e cobra manuten\u00e7\u00e3o<\/p>\n<p>Na tarde desta ter\u00e7a-feira, 28 de abril, o vereador Helder do T\u00e1xi (PSD) realizou uma vistoria nas estradas rurais de Limeira e percorreu vias utilizadas diariamente pela popula\u00e7\u00e3o. O trajeto incluiu as estradas LIM 137, LIM 344, LIM 454, Servid\u00e3o do Ganso, LIM 462, LIM 463, LIM 464, LIM 375, LIM 457, LIM 340, LIM 346, LIM 377, LIM 134, LIM 387, al\u00e9m de trechos adjacentes.<\/p>\n<p>De acordo com Helder, durante a vistoria o parlamentar foi surpreendido por uma forte chuva, o que evidenciou ainda mais as dificuldades enfrentadas pelos moradores da zona rural. \u201cEm diversos pontos, foram constatados grandes buracos, valetas e trechos com falta de manuten\u00e7\u00e3o, como na LIM 377, situa\u00e7\u00e3o que compromete diretamente a trafegabilidade e aumenta os riscos de acidentes\u201d, relatou.<\/p>\n<p>O vereador destacou que, em per\u00edodos chuvosos, as condi\u00e7\u00f5es dessas estradas se agravam significativamente, tornando o deslocamento ainda mais perigoso. \u201cEstamos falando de vias essenciais, por onde passam diariamente \u00f4nibus escolares, transporte coletivo, ambul\u00e2ncias e produtores rurais. Essas estradas precisam estar em condi\u00e7\u00f5es seguras para garantir o direito de ir e vir da popula\u00e7\u00e3o\u201d, afirmou.<\/p>\n<p>Al\u00e9m da mobilidade da popula\u00e7\u00e3o, Helder do T\u00e1xi tamb\u00e9m ressaltou a import\u00e2ncia dessas estradas para o escoamento da produ\u00e7\u00e3o agr\u00edcola, sendo fundamentais para o fortalecimento do agroneg\u00f3cio local, que depende diretamente de vias adequadas para transporte de insumos e mercadorias.<\/p>\n<p>Durante o percurso, o vereador tamb\u00e9m vistoriou pontes rurais existentes nas estradas visitadas e identificou problemas estruturais, como t\u00e1buas soltas e desgastadas, que necessitam de reparos urgentes para evitar acidentes e garantir a seguran\u00e7a dos usu\u00e1rios. Diante das constata\u00e7\u00f5es, o parlamentar j\u00e1 protocolou as indica\u00e7\u00f5es N\u00ba 665\/2026, 733\/2026, 803\/2026 e 1044\/2026, solicitando \u00e0 Prefeitura\u00a0 a realiza\u00e7\u00e3o de servi\u00e7os de manuten\u00e7\u00e3o, nivelamento, cascalhamento e reparos necess\u00e1rios nas vias rurais mencionadas.<\/p>\n<p>Helder do T\u00e1xi refor\u00e7ou a necessidade de a\u00e7\u00f5es imediatas por parte da Prefeitura. \u201cSeguiremos cobrando provid\u00eancias para que essas melhorias sejam executadas com urg\u00eancia. A popula\u00e7\u00e3o da zona rural merece respeito, seguran\u00e7a e dignidade\u201d, frisou. \u201cReafirmo meu compromisso com a fiscaliza\u00e7\u00e3o e a busca por solu\u00e7\u00f5es que atendam \u00e0s demandas da popula\u00e7\u00e3o, trabalhando por uma Limeira melhor para todos\u201d.<\/p>\n<p>Do Gabinete Parlamentar \u2013 Vereador Helder do T\u00e1xi (PSD)<\/p>\n<p>Fotos do Gabinete Parlamentar<\/p>\n<p>As mat\u00e9rias de origem dos Gabinetes Parlamentares s\u00e3o de inteira\u00a0 responsabilidade dos parlamentares e de suas assessorias. S\u00e3o devidamente assinadas e n\u00e3o refletem, necessariamente, a opini\u00e3o institucional da C\u00e2mara Municipal de Limeira.<\/p>\n<hr>\n<p><em>Fonte: <a href=\"https:\/\/www.limeira.sp.leg.br\/noticias\/view\/2026-04-29_helder-do-taxi-realiza-vistoria-em-estradas-rurais-e-cobra-manutencao\" target=\"_blank\" rel=\"noopener\">C\u00e2mara Municipal de Limeira<\/a><\/em><\/p>\n","protected":false},"excerpt":{"rendered":"<p>Helder do T\u00e1xi realiza vistoria em estradas rurais e cobra manuten\u00e7\u00e3o<\/p>\n<p>Na tarde desta ter\u00e7a-feira, 28 de abril, o vereador Helder do T\u00e1xi (PSD) realizou uma vistoria nas estradas rurais de Limeira e percorreu vias utilizadas diariamente pela popula\u00e7\u00e3o. O trajeto incluiu as estradas LIM 137, LIM 344,<\/p>\n","protected":false},"author":4,"featured_media":63501,"comment_status":"","ping_status":"open","sticky":false,"template":"","format":"standard","meta":{"_jetpack_newsletter_access":"","_jetpack_dont_email_post_to_subs":false,"_jetpack_newsletter_tier_id":0,"_jetpack_memberships_contains_paywalled_content":false,"_mbp_banners":[],"_jetpack_feature_clip_id":0,"_jetpack_memberships_contains_paid_content":false,"footnotes":"","jetpack_publicize_message":"","jetpack_publicize_feature_enabled":true,"jetpack_social_post_already_shared":true,"jetpack_social_options":{"image_generator_settings":{"template":"highway","default_image_id":0,"font":"","enabled":false},"version":2},"jetpack_post_was_ever_published":false},"categories":[19],"tags":[],"class_list":["post-63502","post","type-post","status-publish","format-standard","has-post-thumbnail","category-politica"],"jetpack_publicize_connections":[],"jetpack-related-posts":[],"jetpack_shortlink":"https:\/\/wp.me\/p7Eq1F-gwe","jetpack_sharing_enabled":true,"jetpack_featured_media_url":"https:\/\/i0.wp.com\/guialimeira.com.br\/news\/wp-content\/uploads\/2026\/04\/noticia-camara-140.jpg?fit=1280%2C640&ssl=1","_links":{"self":[{"href":"https:\/\/guialimeira.com.br\/news\/wp-json\/wp\/v2\/posts\/63502","targetHints":{"allow":["GET"]}}],"collection":[{"href":"https:\/\/guialimeira.com.br\/news\/wp-json\/wp\/v2\/posts"}],"about":[{"href":"https:\/\/guialimeira.com.br\/news\/wp-json\/wp\/v2\/types\/post"}],"author":[{"embeddable":true,"href":"https:\/\/guialimeira.com.br\/news\/wp-json\/wp\/v2\/users\/4"}],"replies":[{"embeddable":true,"href":"https:\/\/guialimeira.com.br\/news\/wp-json\/wp\/v2\/comments?post=63502"}],"version-history":[{"count":0,"href":"https:\/\/guialimeira.com.br\/news\/wp-json\/wp\/v2\/posts\/63502\/revisions"}],"wp:featuredmedia":[{"embeddable":true,"href":"https:\/\/guialimeira.com.br\/news\/wp-json\/wp\/v2\/media\/63501"}],"wp:attachment":[{"href":"https:\/\/guialimeira.com.br\/news\/wp-json\/wp\/v2\/media?parent=63502"}],"wp:term":[{"taxonomy":"category","embeddable":true,"href":"https:\/\/guialimeira.com.br\/news\/wp-json\/wp\/v2\/categories?post=63502"},{"taxonomy":"post_tag","embeddable":true,"href":"https:\/\/guialimeira.com.br\/news\/wp-json\/wp\/v2\/tags?post=63502"}],"curies":[{"name":"wp","href":"https:\/\/api.w.org\/{rel}","templated":true}]}}