{"id":63431,"date":"2026-04-29T01:38:59","date_gmt":"2026-04-29T04:38:59","guid":{"rendered":"https:\/\/guialimeira.com.br\/?p=63431"},"modified":"2026-04-29T01:38:59","modified_gmt":"2026-04-29T04:38:59","slug":"fala-de-bella-campos-sobre-bastidores-reacende-debate-sobre-limites-no-ambiente-profissional","status":"publish","type":"post","link":"https:\/\/guialimeira.com.br\/news\/fala-de-bella-campos-sobre-bastidores-reacende-debate-sobre-limites-no-ambiente-profissional\/","title":{"rendered":"Fala de Bella Campos sobre bastidores reacende debate sobre limites no ambiente profissional"},"content":{"rendered":"\n<p class=\"wp-block-paragraph\">A recente declara\u00e7\u00e3o de Bella Campos sobre uma experi\u00eancia nos bastidores de uma novela reacendeu discuss\u00f5es importantes sobre limites e respeito no ambiente profissional art\u00edstico.<\/p>\n\n\n\n<p class=\"wp-block-paragraph\">Ao relatar o epis\u00f3dio, a atriz trouxe \u00e0 tona reflex\u00f5es sobre o que pode ser considerado apropriado em intera\u00e7\u00f5es entre colegas de trabalho, especialmente em produ\u00e7\u00f5es de grande visibilidade.<\/p>\n\n\n\n<p class=\"wp-block-paragraph\">O tema dividiu opini\u00f5es nas redes sociais. Enquanto alguns internautas defenderam a atriz e destacaram a import\u00e2ncia de expor situa\u00e7\u00f5es desconfort\u00e1veis, outros minimizaram o ocorrido, tratando como algo comum no cotidiano dos bastidores.<\/p>\n\n\n\n<p class=\"wp-block-paragraph\">Especialistas apontam que casos como esse refor\u00e7am a necessidade de ambientes mais conscientes e respeitosos, independentemente do setor.<\/p>\n\n\n\n<p class=\"wp-block-paragraph\">A repercuss\u00e3o segue ativa, com possibilidade de novos desdobramentos conforme o assunto continua sendo debatido.<\/p>\n","protected":false},"excerpt":{"rendered":"<p>A recente declara\u00e7\u00e3o de Bella Campos sobre uma experi\u00eancia nos bastidores de uma novela reacendeu discuss\u00f5es importantes sobre limites e respeito no ambiente profissional art\u00edstico. Ao relatar o epis\u00f3dio, a atriz trouxe \u00e0 tona reflex\u00f5es sobre o que pode ser considerado apropriado em intera\u00e7\u00f5es entre colegas de trabalho, especialmente em produ\u00e7\u00f5es de grande visibilidade. O \u2026<\/p>\n","protected":false},"author":5,"featured_media":63430,"comment_status":"closed","ping_status":"open","sticky":false,"template":"","format":"standard","meta":{"_jetpack_newsletter_access":"","_jetpack_dont_email_post_to_subs":false,"_jetpack_newsletter_tier_id":0,"_jetpack_memberships_contains_paywalled_content":false,"_mbp_banners":[],"_jetpack_feature_clip_id":0,"_jetpack_memberships_contains_paid_content":false,"footnotes":"","jetpack_publicize_message":"","jetpack_publicize_feature_enabled":true,"jetpack_social_post_already_shared":true,"jetpack_social_options":{"image_generator_settings":{"template":"highway","default_image_id":0,"font":"","enabled":false},"version":2},"jetpack_post_was_ever_published":false},"categories":[1],"tags":[],"class_list":["post-63431","post","type-post","status-publish","format-standard","has-post-thumbnail","category-geral"],"jetpack_publicize_connections":[],"jetpack-related-posts":[],"jetpack_shortlink":"https:\/\/wp.me\/p7Eq1F-gv5","jetpack_sharing_enabled":true,"jetpack_featured_media_url":"https:\/\/i0.wp.com\/guialimeira.com.br\/news\/wp-content\/uploads\/2026\/04\/39b8ecd3-c296-4c81-bda4-7d9f12c12437.jpg?fit=1182%2C882&ssl=1","_links":{"self":[{"href":"https:\/\/guialimeira.com.br\/news\/wp-json\/wp\/v2\/posts\/63431","targetHints":{"allow":["GET"]}}],"collection":[{"href":"https:\/\/guialimeira.com.br\/news\/wp-json\/wp\/v2\/posts"}],"about":[{"href":"https:\/\/guialimeira.com.br\/news\/wp-json\/wp\/v2\/types\/post"}],"author":[{"embeddable":true,"href":"https:\/\/guialimeira.com.br\/news\/wp-json\/wp\/v2\/users\/5"}],"replies":[{"embeddable":true,"href":"https:\/\/guialimeira.com.br\/news\/wp-json\/wp\/v2\/comments?post=63431"}],"version-history":[{"count":1,"href":"https:\/\/guialimeira.com.br\/news\/wp-json\/wp\/v2\/posts\/63431\/revisions"}],"predecessor-version":[{"id":63432,"href":"https:\/\/guialimeira.com.br\/news\/wp-json\/wp\/v2\/posts\/63431\/revisions\/63432"}],"wp:featuredmedia":[{"embeddable":true,"href":"https:\/\/guialimeira.com.br\/news\/wp-json\/wp\/v2\/media\/63430"}],"wp:attachment":[{"href":"https:\/\/guialimeira.com.br\/news\/wp-json\/wp\/v2\/media?parent=63431"}],"wp:term":[{"taxonomy":"category","embeddable":true,"href":"https:\/\/guialimeira.com.br\/news\/wp-json\/wp\/v2\/categories?post=63431"},{"taxonomy":"post_tag","embeddable":true,"href":"https:\/\/guialimeira.com.br\/news\/wp-json\/wp\/v2\/tags?post=63431"}],"curies":[{"name":"wp","href":"https:\/\/api.w.org\/{rel}","templated":true}]}}