{"id":63352,"date":"2026-04-28T17:20:53","date_gmt":"2026-04-28T20:20:53","guid":{"rendered":"https:\/\/guialimeira.com.br\/felipe-penedo-visita-alicc-e-reforca-busca-por-recursos-para-apoio-a-pacientes-com-cancer\/"},"modified":"2026-04-28T17:20:53","modified_gmt":"2026-04-28T20:20:53","slug":"felipe-penedo-visita-alicc-e-reforca-busca-por-recursos-para-apoio-a-pacientes-com-cancer","status":"publish","type":"post","link":"https:\/\/guialimeira.com.br\/news\/felipe-penedo-visita-alicc-e-reforca-busca-por-recursos-para-apoio-a-pacientes-com-cancer\/","title":{"rendered":"Felipe Penedo visita Alicc e refor\u00e7a busca por recursos para apoio a pacientes com c\u00e2ncer"},"content":{"rendered":"<p>Felipe Penedo visita Alicc e refor\u00e7a busca por recursos para apoio a pacientes com c\u00e2ncer<\/p>\n<p>O vereador Felipe Penedo (PL) realizou, nesta ter\u00e7a-feira, 28 de abril, uma visita \u00e0 sede da Associa\u00e7\u00e3o Limeirense de Cuidado e Carinho (Alicc), entidade que, segundo o parlamentar, h\u00e1 d\u00e9cadas desenvolve um trabalho essencial no Munic\u00edpio, oferecendo suporte a pacientes em tratamento contra o c\u00e2ncer. No local, Felipe foi recepcionado pela presidente da entidade, Fernanda Nolasco Lopes Varga, e pelo gerente, Robson Zanini.<\/p>\n<p>Recentemente, em agenda oficial na Assembleia Legislativa do Estado de S\u00e3o Paulo (Alesp), o vereador protocolou pedidos de recursos no valor de R$ 200 mil a serem destinados \u00e0 associa\u00e7\u00e3o. As solicita\u00e7\u00f5es foram entregues diretamente a cinco parlamentares: o presidente da Alesp, Andr\u00e9 do Prado; al\u00e9m dos deputados estaduais, Danilo Balas, Thiago Auricchio, Tenente Coimbra e Val\u00e9ria Bolsonaro, todos do PL.<\/p>\n<p>De acordo com Felipe Penedo, a iniciativa tem como objetivo garantir o fortalecimento das atividades desenvolvidas pela Alicc, ampliando a capacidade de atendimento e assegurando a continuidade de um trabalho reconhecido pela relev\u00e2ncia social em Limeira.<\/p>\n<p>O parlamentar ressaltou que a institui\u00e7\u00e3o atua com a\u00e7\u00f5es voltadas ao acolhimento, orienta\u00e7\u00e3o, assist\u00eancia e acompanhamento terap\u00eautico, proporcionando mais qualidade de vida e apoio \u00e0s fam\u00edlias durante um momento delicado. Atualmente, s\u00e3o 460 pessoas assistidas mensalmente \u2013 sendo o principal p\u00fablico formado por mulheres (70%).<\/p>\n<p>\u201cEssa visita refor\u00e7a meu compromisso com as entidades assistenciais do Munic\u00edpio e com a busca por investimentos que impactem diretamente a vida da popula\u00e7\u00e3o\u201d, afirmou Felipe.<\/p>\n<p>Do Gabinete Parlamentar \u2013 Vereador Felipe Penedo (PL)<\/p>\n<p>*Foto do Gabinete Parlamentar<\/p>\n<p>As mat\u00e9rias de origem dos Gabinetes Parlamentares s\u00e3o de inteira\u00a0 responsabilidade dos parlamentares e de suas assessorias. S\u00e3o devidamente assinadas e n\u00e3o refletem, necessariamente, a opini\u00e3o institucional da C\u00e2mara Municipal de Limeira.<\/p>\n<hr>\n<p><em>Fonte: <a href=\"https:\/\/www.limeira.sp.leg.br\/noticias\/view\/2026-04-28_felipe-penedo-visita-alicc-e-reforca-busca-por-recursos-para-apoio-a-pacientes-com-cancer\" target=\"_blank\" rel=\"noopener\">C\u00e2mara Municipal de Limeira<\/a><\/em><\/p>\n","protected":false},"excerpt":{"rendered":"<p>Felipe Penedo visita Alicc e refor\u00e7a busca por recursos para apoio a pacientes com c\u00e2ncer<\/p>\n<p>O vereador Felipe Penedo (PL) realizou, nesta ter\u00e7a-feira, 28 de abril, uma visita \u00e0 sede da Associa\u00e7\u00e3o Limeirense de Cuidado e Carinho (Alicc), entidade que, segundo o parlamentar, h\u00e1 d\u00e9cadas desenvolve um tr<\/p>\n","protected":false},"author":4,"featured_media":63351,"comment_status":"","ping_status":"open","sticky":false,"template":"","format":"standard","meta":{"_jetpack_newsletter_access":"","_jetpack_dont_email_post_to_subs":false,"_jetpack_newsletter_tier_id":0,"_jetpack_memberships_contains_paywalled_content":false,"_mbp_banners":[],"_jetpack_feature_clip_id":0,"_jetpack_memberships_contains_paid_content":false,"footnotes":"","jetpack_publicize_message":"","jetpack_publicize_feature_enabled":true,"jetpack_social_post_already_shared":true,"jetpack_social_options":{"image_generator_settings":{"template":"highway","default_image_id":0,"font":"","enabled":false},"version":2},"jetpack_post_was_ever_published":false},"categories":[19],"tags":[],"class_list":["post-63352","post","type-post","status-publish","format-standard","has-post-thumbnail","category-politica"],"jetpack_publicize_connections":[],"jetpack-related-posts":[],"jetpack_shortlink":"https:\/\/wp.me\/p7Eq1F-gtO","jetpack_sharing_enabled":true,"jetpack_featured_media_url":"https:\/\/i0.wp.com\/guialimeira.com.br\/news\/wp-content\/uploads\/2026\/04\/noticia-camara-139.jpg?fit=1280%2C640&ssl=1","_links":{"self":[{"href":"https:\/\/guialimeira.com.br\/news\/wp-json\/wp\/v2\/posts\/63352","targetHints":{"allow":["GET"]}}],"collection":[{"href":"https:\/\/guialimeira.com.br\/news\/wp-json\/wp\/v2\/posts"}],"about":[{"href":"https:\/\/guialimeira.com.br\/news\/wp-json\/wp\/v2\/types\/post"}],"author":[{"embeddable":true,"href":"https:\/\/guialimeira.com.br\/news\/wp-json\/wp\/v2\/users\/4"}],"replies":[{"embeddable":true,"href":"https:\/\/guialimeira.com.br\/news\/wp-json\/wp\/v2\/comments?post=63352"}],"version-history":[{"count":0,"href":"https:\/\/guialimeira.com.br\/news\/wp-json\/wp\/v2\/posts\/63352\/revisions"}],"wp:featuredmedia":[{"embeddable":true,"href":"https:\/\/guialimeira.com.br\/news\/wp-json\/wp\/v2\/media\/63351"}],"wp:attachment":[{"href":"https:\/\/guialimeira.com.br\/news\/wp-json\/wp\/v2\/media?parent=63352"}],"wp:term":[{"taxonomy":"category","embeddable":true,"href":"https:\/\/guialimeira.com.br\/news\/wp-json\/wp\/v2\/categories?post=63352"},{"taxonomy":"post_tag","embeddable":true,"href":"https:\/\/guialimeira.com.br\/news\/wp-json\/wp\/v2\/tags?post=63352"}],"curies":[{"name":"wp","href":"https:\/\/api.w.org\/{rel}","templated":true}]}}