{"id":63350,"date":"2026-04-28T17:15:52","date_gmt":"2026-04-28T20:15:52","guid":{"rendered":"https:\/\/guialimeira.com.br\/emenda-de-costa-junior-viabiliza-625-placas-de-tatame-para-projetos-sociais-e-escolas-de-limeira\/"},"modified":"2026-04-28T17:15:52","modified_gmt":"2026-04-28T20:15:52","slug":"emenda-de-costa-junior-viabiliza-625-placas-de-tatame-para-projetos-sociais-e-escolas-de-limeira","status":"publish","type":"post","link":"https:\/\/guialimeira.com.br\/news\/emenda-de-costa-junior-viabiliza-625-placas-de-tatame-para-projetos-sociais-e-escolas-de-limeira\/","title":{"rendered":"Emenda de Costa J\u00fanior viabiliza 625 placas de tatame para projetos sociais e escolas de Limeira"},"content":{"rendered":"<p>Emenda de Costa J\u00fanior viabiliza 625 placas de tatame para projetos sociais e escolas de Limeira<\/p>\n<p>O vereador Costa J\u00fanior (Podemos) oficializou nesta ter\u00e7a-feira, 28 de abril, a entrega de um lote de materiais esportivos que, segundo o parlamentar, ir\u00e1 transformar a pr\u00e1tica de artes marciais em diversos pontos de Limeira. Ao todo, foram adquiridas 625 placas de tatame, viabilizadas por meio de emenda impositiva de sua autoria.<\/p>\n<p>O recurso foi destinado \u00e0 associa\u00e7\u00e3o \u201cCrescendo Para o Futuro\u201d, que coordenar\u00e1 a distribui\u00e7\u00e3o dos materiais. De acordo com Costa J\u00fanior, o objetivo \u00e9 equipar projetos sociais, centros comunit\u00e1rios e unidades escolares, garantindo estrutura profissional e segura para crian\u00e7as e jovens em modalidades como jiu-jitsu, jud\u00f4 e capoeira.<\/p>\n<p>O parlamentar ressaltou a import\u00e2ncia da colabora\u00e7\u00e3o do Poder Executivo para que o benef\u00edcio chegasse \u00e0 ponta. Costa J\u00fanior agradeceu publicamente \u00e0 Prefeitura pelo empenho de todas as secretarias envolvidas no processo, desde a tramita\u00e7\u00e3o t\u00e9cnica at\u00e9 a destina\u00e7\u00e3o e o pagamento da emenda impositiva. &#8220;Ningu\u00e9m faz nada sozinho. Esse resultado \u00e9 fruto de um trabalho conjunto entre o Legislativo e a Prefeitura, que n\u00e3o mediu esfor\u00e7os para agilizar os processos administrativos, garantindo que o recurso fosse aplicado corretamente em prol da nossa popula\u00e7\u00e3o&#8221;, afirmou.<\/p>\n<p>Fortalecimento do CEU Geada e Projeto Ramatiz<\/p>\n<p>Costa J\u00fanior explicou que o Centro de Artes e Esportes Unificados (CEU) no bairro Geada \u00e9 um dos n\u00facleos beneficiados, que recebeu 50 tatames nesta ter\u00e7a-feira, 28 de abril, fortalecendo a parceria entre a Secretaria de Esportes e o projeto Ramatiz. A entrega\u00a0 contou com a presen\u00e7a da coordenadora do Ramatiz, Tatiana Lucca, do assessor da Secretaria de Esportes, Adrien Domingues, do secret\u00e1rio de Esportes, Dimas Peruzza, do coordenador do CEU, Arthur J\u00fanior dos Santos, e do instrutor Paulo Henrique de Oliveira.<\/p>\n<p>O projeto no CEU Geada atende mais de 50 crian\u00e7as e adolescentes (de 6 a 15 anos), com aulas de segunda a sexta-feira, a partir das 18h30.<\/p>\n<p>Do Gabinete Parlamentar \u2013 Vereador Costa J\u00fanior (Podemos)<\/p>\n<p>*Foto do Gabinete Parlamentar<\/p>\n<p>As mat\u00e9rias de origem dos Gabinetes Parlamentares s\u00e3o de inteira\u00a0 responsabilidade dos parlamentares e de suas assessorias. S\u00e3o devidamente assinadas e n\u00e3o refletem, necessariamente, a opini\u00e3o institucional da C\u00e2mara Municipal de Limeira.<\/p>\n<hr>\n<p><em>Fonte: <a href=\"https:\/\/www.limeira.sp.leg.br\/noticias\/view\/2026-04-28_emenda-de-costa-junior-viabiliza-625-placas-de-tatame-para-projetos-sociais-e-escolas-de-limeira\" target=\"_blank\" rel=\"noopener\">C\u00e2mara Municipal de Limeira<\/a><\/em><\/p>\n","protected":false},"excerpt":{"rendered":"<p>Emenda de Costa J\u00fanior viabiliza 625 placas de tatame para projetos sociais e escolas de Limeira<\/p>\n<p>O vereador Costa J\u00fanior (Podemos) oficializou nesta ter\u00e7a-feira, 28 de abril, a entrega de um lote de materiais esportivos que, segundo o parlamentar, ir\u00e1 transformar a pr\u00e1tica de artes marciais em dive<\/p>\n","protected":false},"author":4,"featured_media":63349,"comment_status":"","ping_status":"open","sticky":false,"template":"","format":"standard","meta":{"_jetpack_newsletter_access":"","_jetpack_dont_email_post_to_subs":false,"_jetpack_newsletter_tier_id":0,"_jetpack_memberships_contains_paywalled_content":false,"_mbp_banners":[],"_jetpack_feature_clip_id":0,"_jetpack_memberships_contains_paid_content":false,"footnotes":"","jetpack_publicize_message":"","jetpack_publicize_feature_enabled":true,"jetpack_social_post_already_shared":true,"jetpack_social_options":{"image_generator_settings":{"template":"highway","default_image_id":0,"font":"","enabled":false},"version":2},"jetpack_post_was_ever_published":false},"categories":[19],"tags":[],"class_list":["post-63350","post","type-post","status-publish","format-standard","has-post-thumbnail","category-politica"],"jetpack_publicize_connections":[],"jetpack-related-posts":[],"jetpack_shortlink":"https:\/\/wp.me\/p7Eq1F-gtM","jetpack_sharing_enabled":true,"jetpack_featured_media_url":"https:\/\/i0.wp.com\/guialimeira.com.br\/news\/wp-content\/uploads\/2026\/04\/noticia-camara-138.jpg?fit=1280%2C640&ssl=1","_links":{"self":[{"href":"https:\/\/guialimeira.com.br\/news\/wp-json\/wp\/v2\/posts\/63350","targetHints":{"allow":["GET"]}}],"collection":[{"href":"https:\/\/guialimeira.com.br\/news\/wp-json\/wp\/v2\/posts"}],"about":[{"href":"https:\/\/guialimeira.com.br\/news\/wp-json\/wp\/v2\/types\/post"}],"author":[{"embeddable":true,"href":"https:\/\/guialimeira.com.br\/news\/wp-json\/wp\/v2\/users\/4"}],"replies":[{"embeddable":true,"href":"https:\/\/guialimeira.com.br\/news\/wp-json\/wp\/v2\/comments?post=63350"}],"version-history":[{"count":0,"href":"https:\/\/guialimeira.com.br\/news\/wp-json\/wp\/v2\/posts\/63350\/revisions"}],"wp:featuredmedia":[{"embeddable":true,"href":"https:\/\/guialimeira.com.br\/news\/wp-json\/wp\/v2\/media\/63349"}],"wp:attachment":[{"href":"https:\/\/guialimeira.com.br\/news\/wp-json\/wp\/v2\/media?parent=63350"}],"wp:term":[{"taxonomy":"category","embeddable":true,"href":"https:\/\/guialimeira.com.br\/news\/wp-json\/wp\/v2\/categories?post=63350"},{"taxonomy":"post_tag","embeddable":true,"href":"https:\/\/guialimeira.com.br\/news\/wp-json\/wp\/v2\/tags?post=63350"}],"curies":[{"name":"wp","href":"https:\/\/api.w.org\/{rel}","templated":true}]}}