{"id":63334,"date":"2026-04-28T15:20:55","date_gmt":"2026-04-28T18:20:55","guid":{"rendered":"https:\/\/guialimeira.com.br\/isabelly-carvalho-solicita-informacoes-sobre-atendimento-oftalmologico-em-limeira\/"},"modified":"2026-04-28T15:20:55","modified_gmt":"2026-04-28T18:20:55","slug":"isabelly-carvalho-solicita-informacoes-sobre-atendimento-oftalmologico-em-limeira","status":"publish","type":"post","link":"https:\/\/guialimeira.com.br\/news\/isabelly-carvalho-solicita-informacoes-sobre-atendimento-oftalmologico-em-limeira\/","title":{"rendered":"Isabelly Carvalho solicita informa\u00e7\u00f5es sobre atendimento oftalmol\u00f3gico em Limeira"},"content":{"rendered":"<p>Isabelly Carvalho solicita informa\u00e7\u00f5es sobre atendimento oftalmol\u00f3gico em Limeira<\/p>\n<p>A vereadora Isabelly Carvalho (PT) protocolou o Requerimento N\u00ba 373\/2026 nesta ter\u00e7a-feira, 28 de abril, solicitando informa\u00e7\u00f5es detalhadas \u00e0 Prefeitura sobre a oferta de servi\u00e7os de oftalmologia no Munic\u00edpio. De acordo com a parlamentar, a iniciativa busca ampliar a transpar\u00eancia e compreender a real situa\u00e7\u00e3o da rede p\u00fablica diante da crescente demanda por consultas, exames e cirurgias oftalmol\u00f3gicas.<\/p>\n<p>No documento, a parlamentar questiona o n\u00famero atual de pacientes na fila de espera, a capacidade mensal de atendimento da rede municipal, a quantidade de m\u00e9dicos oftalmologistas em atua\u00e7\u00e3o, tanto na rede pr\u00f3pria quanto conveniada, e a exist\u00eancia de mutir\u00f5es ou outras estrat\u00e9gias para reduzir a demanda reprimida.<\/p>\n<p>O requerimento tamb\u00e9m pede esclarecimentos sobre a utiliza\u00e7\u00e3o de recursos estaduais e federais voltados \u00e0 \u00e1rea, al\u00e9m dos crit\u00e9rios adotados para prioriza\u00e7\u00e3o de cirurgias de maior complexidade, como as de catarata.<\/p>\n<p>Segundo a vereadora, o objetivo \u00e9 garantir um diagn\u00f3stico preciso da situa\u00e7\u00e3o e contribuir para o aprimoramento dos servi\u00e7os oferecidos \u00e0 popula\u00e7\u00e3o. \u201cA demora no acesso ao atendimento oftalmol\u00f3gico pode agravar quadros de sa\u00fade e comprometer a qualidade de vida das pessoas, inclusive com risco de perda de vis\u00e3o. Precisamos entender a dimens\u00e3o dessa fila e quais medidas est\u00e3o sendo adotadas para enfrent\u00e1-la\u201d, destacou.<\/p>\n<p>Isabelly Carvalho ressaltou que a iniciativa refor\u00e7a o papel de fiscaliza\u00e7\u00e3o do Legislativo e busca assegurar que o acesso \u00e0 sa\u00fade ocular no Munic\u00edpio ocorra de forma mais \u00e1gil, eficiente e justa.<\/p>\n<p>Do Gabinete Parlamentar \u2013 Vereadora Isabelly Carvalho (PT)<\/p>\n<p>*Foto do Gabinete Parlamentar<\/p>\n<p>As mat\u00e9rias de origem dos Gabinetes Parlamentares s\u00e3o de inteira\u00a0 responsabilidade dos parlamentares e de suas assessorias. S\u00e3o devidamente assinadas e n\u00e3o refletem, necessariamente, a opini\u00e3o institucional da C\u00e2mara Municipal de Limeira.<\/p>\n<hr>\n<p><em>Fonte: <a href=\"https:\/\/www.limeira.sp.leg.br\/noticias\/view\/2026-04-28_isabelly-carvalho-solicita-informacoes-sobre-atendimento-oftalmologico-em-limeira\" target=\"_blank\" rel=\"noopener\">C\u00e2mara Municipal de Limeira<\/a><\/em><\/p>\n","protected":false},"excerpt":{"rendered":"<p>Isabelly Carvalho solicita informa\u00e7\u00f5es sobre atendimento oftalmol\u00f3gico em Limeira<\/p>\n<p>A vereadora Isabelly Carvalho (PT) protocolou o Requerimento N\u00ba 373\/2026 nesta ter\u00e7a-feira, 28 de abril, solicitando informa\u00e7\u00f5es detalhadas \u00e0 Prefeitura sobre a oferta de servi\u00e7os de oftalmologia no Munic\u00edpio. De acor<\/p>\n","protected":false},"author":4,"featured_media":63333,"comment_status":"","ping_status":"open","sticky":false,"template":"","format":"standard","meta":{"_jetpack_newsletter_access":"","_jetpack_dont_email_post_to_subs":false,"_jetpack_newsletter_tier_id":0,"_jetpack_memberships_contains_paywalled_content":false,"_mbp_banners":[],"_jetpack_feature_clip_id":0,"_jetpack_memberships_contains_paid_content":false,"footnotes":"","jetpack_publicize_message":"","jetpack_publicize_feature_enabled":true,"jetpack_social_post_already_shared":true,"jetpack_social_options":{"image_generator_settings":{"template":"highway","default_image_id":0,"font":"","enabled":false},"version":2},"jetpack_post_was_ever_published":false},"categories":[19],"tags":[],"class_list":["post-63334","post","type-post","status-publish","format-standard","has-post-thumbnail","category-politica"],"jetpack_publicize_connections":[],"jetpack-related-posts":[],"jetpack_shortlink":"https:\/\/wp.me\/p7Eq1F-gtw","jetpack_sharing_enabled":true,"jetpack_featured_media_url":"https:\/\/i0.wp.com\/guialimeira.com.br\/news\/wp-content\/uploads\/2026\/04\/noticia-camara-136.jpg?fit=1280%2C640&ssl=1","_links":{"self":[{"href":"https:\/\/guialimeira.com.br\/news\/wp-json\/wp\/v2\/posts\/63334","targetHints":{"allow":["GET"]}}],"collection":[{"href":"https:\/\/guialimeira.com.br\/news\/wp-json\/wp\/v2\/posts"}],"about":[{"href":"https:\/\/guialimeira.com.br\/news\/wp-json\/wp\/v2\/types\/post"}],"author":[{"embeddable":true,"href":"https:\/\/guialimeira.com.br\/news\/wp-json\/wp\/v2\/users\/4"}],"replies":[{"embeddable":true,"href":"https:\/\/guialimeira.com.br\/news\/wp-json\/wp\/v2\/comments?post=63334"}],"version-history":[{"count":0,"href":"https:\/\/guialimeira.com.br\/news\/wp-json\/wp\/v2\/posts\/63334\/revisions"}],"wp:featuredmedia":[{"embeddable":true,"href":"https:\/\/guialimeira.com.br\/news\/wp-json\/wp\/v2\/media\/63333"}],"wp:attachment":[{"href":"https:\/\/guialimeira.com.br\/news\/wp-json\/wp\/v2\/media?parent=63334"}],"wp:term":[{"taxonomy":"category","embeddable":true,"href":"https:\/\/guialimeira.com.br\/news\/wp-json\/wp\/v2\/categories?post=63334"},{"taxonomy":"post_tag","embeddable":true,"href":"https:\/\/guialimeira.com.br\/news\/wp-json\/wp\/v2\/tags?post=63334"}],"curies":[{"name":"wp","href":"https:\/\/api.w.org\/{rel}","templated":true}]}}