{"id":6333,"date":"2024-05-24T19:06:43","date_gmt":"2024-05-24T22:06:43","guid":{"rendered":"https:\/\/guialimeira.com.br\/2024\/05\/24\/aberto-prazo-de-recebimento-de-propostas-para-plenaria-de-saude\/"},"modified":"2024-05-24T19:06:43","modified_gmt":"2024-05-24T22:06:43","slug":"aberto-prazo-de-recebimento-de-propostas-para-plenaria-de-saude","status":"publish","type":"post","link":"https:\/\/guialimeira.com.br\/news\/aberto-prazo-de-recebimento-de-propostas-para-plenaria-de-saude\/","title":{"rendered":"Aberto prazo de recebimento de propostas para Plen\u00e1ria de Sa\u00fade"},"content":{"rendered":"<p> <br \/>\n<\/p>\n<div>\n            <main class=\"\">&#13;<br \/>\n                &#13;<br \/>\n&#13;<br \/>\n&#13;<br \/>\n&#13;<br \/>\n    <img data-recalc-dims=\"1\" decoding=\"async\" src=\"https:\/\/i0.wp.com\/ecrie.com.br\/sistema\/conteudos\/imagem\/m_137_0_1_24052024164724.jpeg?w=696&#038;ssl=1\" alt=\"Aberto prazo de recebimento de propostas para Plen\u00e1ria de Sa\u00fade\"\/>&#13;<br \/>\n&#13;<\/p>\n<p>O Conselho de Sa\u00fade de Limeira abriu o prazo de recebimento das propostas para a Plen\u00e1ria Municipal da 4\u00aa Confer\u00eancia Estadual de Gest\u00e3o do Trabalho e Educa\u00e7\u00e3o na Sa\u00fade do Estado de S\u00e3o Paulo. Neste ano, o tema a ser abordado \u00e9 \u201cDemocracia, Trabalho e Educa\u00e7\u00e3o na Sa\u00fade para o Desenvolvimento: Gente que faz o SUS acontecer\u201d.<\/p>\n<p>&#13;<\/p>\n<p>O tema da Confer\u00eancia est\u00e1 desmembrado em tr\u00eas eixos:<\/p>\n<p>&#13;<\/p>\n<ul>&#13;<\/p>\n<li>Democracia, controle social e o desafio da equidade na gest\u00e3o participativa do trabalho e da educa\u00e7\u00e3o em sa\u00fade;<\/li>\n<p>&#13;<\/p>\n<li>Trabalho digno, decente, seguro, humanizado, equ\u00e2nime e democr\u00e1tico no SUS: uma agenda estrat\u00e9gica para o futuro do Brasil;<\/li>\n<p>&#13;<\/p>\n<li>Educa\u00e7\u00e3o para o desenvolvimento do trabalho na produ\u00e7\u00e3o da sa\u00fade e do cuidado das pessoas que fazem o SUS acontecer: a sa\u00fade da democracia para a democracia.<\/li>\n<p>&#13;\n<\/ul>\n<p>&#13;<\/p>\n<p>As propostas devem ser elaboradas tendo em vista os \u00e2mbitos estadual e federal, conter o nome completo do autor e o eixo ao qual se referem. N\u00e3o est\u00e1 estipulado o tamanho m\u00ednimo ou m\u00e1ximo das propostas. Por\u00e9m, recomenda-se que elas sejam redigidas com objetividade e clareza. O recebimento ser\u00e1 pelo e-mail <a href=\"https:\/\/limeira.sp.gov.br\/cdn-cgi\/l\/email-protection\" class=\"__cf_email__\" data-cfemail=\"394a584c5d5c175a544a795550545c504b58174a49175e564f175b4b\" rel=\"noopener\">[email\u00a0protected]<\/a>. O prazo final para o envio das propostas \u00e9 dia 7 de junho, at\u00e9 as 17h.<\/p>\n<p>&#13;<\/p>\n<p>A plen\u00e1ria municipal est\u00e1 marcada para o dia 11 de junho, na sala de reuni\u00e3o do Gabinete do Prefeito, no Pa\u00e7o Municipal (Edif\u00edcio Prada). O credenciamento ser\u00e1 nesse mesmo dia, das 18h \u00e0s 18h30. Na ocasi\u00e3o, ser\u00e3o apresentadas as diretrizes propostas para a pol\u00edtica estadual e nacional. A participa\u00e7\u00e3o \u00e9 aberta a movimentos sociais, organiza\u00e7\u00f5es n\u00e3o governamentais, estudantes, conselhos locais, entidades de classe e cidad\u00e3os interessados no tema. Al\u00e9m da participa\u00e7\u00e3o presencial, o Conselho de Sa\u00fade ir\u00e1 disponibilizar, pelo hotsite da plen\u00e1ria (ver abaixo), um link para o acompanhamento on-line do evento.<\/p>\n<p>&#13;<\/p>\n<p>Mais informa\u00e7\u00f5es sobre a plen\u00e1ria podem ser obtidas pelo telefone 3404-9676 ou pelo hotsite: <a href=\"https:\/\/www.limeira.sp.gov.br\/plenariasaude\" rel=\"noopener\"><u>www.limeira.sp.gov.br\/plenariasaude<\/u><\/a><\/p>\n<p>&#13;<\/p>\n<p>\u00a0<\/p>\n<p>&#13;<br \/>\n&#13;<br \/>\n&#13;<br \/>\n&#13;<\/p>\n<aside class=\"list-related no-print\">&#13;<br \/>\n        &#13;<br \/>\n&#13;<\/p>\n<article class=\"list-item noticias \">&#13;<br \/>\n                    <a class=\"list-item__img\" href=\"https:\/\/limeira.sp.gov.br\/imprensa\/noticias\/saude\/limeira-inicia-campanha-de-vacinacao-contra-poliomielite-na-segunda-27\" tabindex=\"-1\" aria-hidden=\"true\" rel=\"noopener\">&#13;<br \/>\n                        <img data-recalc-dims=\"1\" decoding=\"async\" src=\"https:\/\/i0.wp.com\/ecrie.com.br\/sistema\/conteudos\/imagem\/m_137_0_1_20092023112446.jpg?w=696&#038;ssl=1\" alt=\"Limeira inicia campanha de vacina\u00e7\u00e3o contra poliomielite na segunda (27)\"\/>&#13;<br \/>\n                    <\/a>&#13;<br \/>\n&#13;<br \/>\n                &#13;<br \/>\n            <\/article>\n<p>&#13;<\/p>\n<article class=\"list-item noticias \">&#13;<br \/>\n                    <a class=\"list-item__img\" href=\"https:\/\/limeira.sp.gov.br\/imprensa\/noticias\/saude\/novo-plantao-de-vacinacao-acontece-neste-sabado-25-em-limeira\" tabindex=\"-1\" aria-hidden=\"true\" rel=\"noopener\">&#13;<br \/>\n                        <img data-recalc-dims=\"1\" decoding=\"async\" src=\"https:\/\/i0.wp.com\/ecrie.com.br\/sistema\/conteudos\/imagem\/m_137_1_7_20032023161715.jpg?w=696&#038;ssl=1\" alt=\"Novo plant\u00e3o de vacina\u00e7\u00e3o acontece neste s\u00e1bado (25) em Limeira\"\/>&#13;<br \/>\n                    <\/a>&#13;<br \/>\n&#13;<br \/>\n                &#13;<br \/>\n            <\/article>\n<p>&#13;<\/p>\n<article class=\"list-item noticias \">&#13;<br \/>\n                    <a class=\"list-item__img\" href=\"https:\/\/limeira.sp.gov.br\/imprensa\/noticias\/saude\/limeira-tera-novo-plantao-de-vacinacao-neste-sabado-18\" tabindex=\"-1\" aria-hidden=\"true\" rel=\"noopener\">&#13;<br \/>\n                        <img data-recalc-dims=\"1\" decoding=\"async\" src=\"https:\/\/i0.wp.com\/ecrie.com.br\/sistema\/conteudos\/imagem\/m_137_0_1_25042024153346.jpg?w=696&#038;ssl=1\" alt=\"Limeira ter\u00e1 novo plant\u00e3o de vacina\u00e7\u00e3o neste s\u00e1bado (18)\"\/>&#13;<br \/>\n                    <\/a>&#13;<br \/>\n&#13;<br \/>\n                &#13;<br \/>\n            <\/article>\n<p>&#13;<br \/>\n    <\/aside>\n<p>&#13;<br \/>\n&#13;<br \/>\n            <\/main><\/p><\/div>\n<p><br \/>\n<br \/><a href=\"https:\/\/limeira.sp.gov.br\/aberto-prazo-de-recebimento-de-propostas-para-plenaria-de-saude\" rel=\"noopener\">Informa\u00e7\u00f5es da PML <\/a><\/p>\n","protected":false},"excerpt":{"rendered":"<p>&#13; &#13; &#13; &#13; &#13; &#13; &#13; O Conselho de Sa\u00fade de Limeira abriu o prazo de recebimento das propostas para a Plen\u00e1ria Municipal da 4\u00aa Confer\u00eancia Estadual de Gest\u00e3o do Trabalho e Educa\u00e7\u00e3o na Sa\u00fade do Estado de S\u00e3o Paulo. Neste ano, o tema a ser abordado \u00e9 \u201cDemocracia, Trabalho e Educa\u00e7\u00e3o na Sa\u00fade [&hellip;]<\/p>\n","protected":false},"author":1,"featured_media":6334,"comment_status":"open","ping_status":"open","sticky":false,"template":"","format":"standard","meta":{"_jetpack_newsletter_access":"","_jetpack_dont_email_post_to_subs":false,"_jetpack_newsletter_tier_id":0,"_jetpack_memberships_contains_paywalled_content":false,"_mbp_banners":[],"_jetpack_feature_clip_id":0,"_jetpack_memberships_contains_paid_content":false,"footnotes":"","jetpack_publicize_message":"","jetpack_publicize_feature_enabled":true,"jetpack_social_post_already_shared":true,"jetpack_social_options":{"image_generator_settings":{"template":"highway","default_image_id":0,"font":"","enabled":false},"version":2},"jetpack_post_was_ever_published":false},"categories":[16],"tags":[],"class_list":["post-6333","post","type-post","status-publish","format-standard","has-post-thumbnail","category-local"],"jetpack_publicize_connections":[],"jetpack-related-posts":[],"jetpack_shortlink":"https:\/\/wp.me\/p7Eq1F-1E9","jetpack_sharing_enabled":true,"jetpack_featured_media_url":"https:\/\/i0.wp.com\/guialimeira.com.br\/news\/wp-content\/uploads\/2024\/05\/m_137_0_1_24052024164724.jpeg?fit=360%2C240&ssl=1","_links":{"self":[{"href":"https:\/\/guialimeira.com.br\/news\/wp-json\/wp\/v2\/posts\/6333","targetHints":{"allow":["GET"]}}],"collection":[{"href":"https:\/\/guialimeira.com.br\/news\/wp-json\/wp\/v2\/posts"}],"about":[{"href":"https:\/\/guialimeira.com.br\/news\/wp-json\/wp\/v2\/types\/post"}],"author":[{"embeddable":true,"href":"https:\/\/guialimeira.com.br\/news\/wp-json\/wp\/v2\/users\/1"}],"replies":[{"embeddable":true,"href":"https:\/\/guialimeira.com.br\/news\/wp-json\/wp\/v2\/comments?post=6333"}],"version-history":[{"count":0,"href":"https:\/\/guialimeira.com.br\/news\/wp-json\/wp\/v2\/posts\/6333\/revisions"}],"wp:featuredmedia":[{"embeddable":true,"href":"https:\/\/guialimeira.com.br\/news\/wp-json\/wp\/v2\/media\/6334"}],"wp:attachment":[{"href":"https:\/\/guialimeira.com.br\/news\/wp-json\/wp\/v2\/media?parent=6333"}],"wp:term":[{"taxonomy":"category","embeddable":true,"href":"https:\/\/guialimeira.com.br\/news\/wp-json\/wp\/v2\/categories?post=6333"},{"taxonomy":"post_tag","embeddable":true,"href":"https:\/\/guialimeira.com.br\/news\/wp-json\/wp\/v2\/tags?post=6333"}],"curies":[{"name":"wp","href":"https:\/\/api.w.org\/{rel}","templated":true}]}}