{"id":63311,"date":"2026-04-28T12:35:57","date_gmt":"2026-04-28T15:35:57","guid":{"rendered":"https:\/\/guialimeira.com.br\/marcio-do-estacionamento-questiona-a-prefeitura-sobre-aplicacao-de-nova-lei-que-autoriza-corte-de-arvores\/"},"modified":"2026-04-28T12:35:57","modified_gmt":"2026-04-28T15:35:57","slug":"marcio-do-estacionamento-questiona-a-prefeitura-sobre-aplicacao-de-nova-lei-que-autoriza-corte-de-arvores","status":"publish","type":"post","link":"https:\/\/guialimeira.com.br\/news\/marcio-do-estacionamento-questiona-a-prefeitura-sobre-aplicacao-de-nova-lei-que-autoriza-corte-de-arvores\/","title":{"rendered":"M\u00e1rcio do Estacionamento questiona a Prefeitura sobre aplica\u00e7\u00e3o de nova lei que autoriza corte de \u00e1rvores"},"content":{"rendered":"<p>M\u00e1rcio do Estacionamento questiona a Prefeitura sobre aplica\u00e7\u00e3o de nova lei que autoriza corte de \u00e1rvores<\/p>\n<p>O vereador M\u00e1rcio do Estacionamento (DC) protocolou na \u00faltima quinta-feira, 23 de abril, o Requerimento N\u00ba 351\/2026 solicitando esclarecimentos da Prefeitura sobre o cumprimento e a aplica\u00e7\u00e3o da Lei Federal N\u00ba 15.299\/2025 que estabelece que a poda ou o corte de \u00e1rvores em locais p\u00fablicos ou privados n\u00e3o configura crime caso o \u00f3rg\u00e3o ambiental ignore um pedido de supress\u00e3o motivado por risco de acidentes, autorizando o cidad\u00e3o a contratar um profissional habilitado para realizar o servi\u00e7o por conta pr\u00f3pria nessas situa\u00e7\u00f5es de omiss\u00e3o estatal.<\/p>\n<p>Ele citou a import\u00e2ncia da adequa\u00e7\u00e3o \u00e0 lei. \u201cCom a nova regra federal, o propriet\u00e1rio que agir ap\u00f3s o prazo legal e respaldado por um laudo t\u00e9cnico fica expressamente eximido de crime ambiental\u201d, ressaltou o vereador.<\/p>\n<p>O objetivo do requerimento, segundo o parlamentar, \u00e9 entender como a administra\u00e7\u00e3o municipal est\u00e1 se estruturando para cumprir os prazos e orientar a popula\u00e7\u00e3o. &#8220;Todos sabemos que o manejo de \u00e1rvores em \u00e1reas urbanas \u00e9 um tema sens\u00edvel. Por anos, vimos moradores angustiados com \u00e1rvores condenadas, esperando meses por uma resposta da Prefeitura enquanto enfrentavam tempestades e o medo de uma trag\u00e9dia. A Lei Federal veio para acabar com essa agonia&#8221;, destacou M\u00e1rcio do Estacionamento.<\/p>\n<p>Do Gabinete Parlamentar &#8211; Vereador M\u00e1rcio do Estacionamento (DC)<\/p>\n<p>*Fotos do Gabinete Parlamentar<\/p>\n<p>As mat\u00e9rias de origem dos Gabinetes Parlamentares s\u00e3o de inteira\u00a0 responsabilidade dos parlamentares e de suas assessorias. S\u00e3o devidamente assinadas e n\u00e3o refletem, necessariamente, a opini\u00e3o institucional da C\u00e2mara Municipal de Limeira.<\/p>\n<hr>\n<p><em>Fonte: <a href=\"https:\/\/www.limeira.sp.leg.br\/noticias\/view\/2026-04-28_marcio-do-estacionamento-questiona-a-prefeitura-sobre-aplicacao-de-nova-lei-que-autoriza-corte-de-arvores\" target=\"_blank\" rel=\"noopener\">C\u00e2mara Municipal de Limeira<\/a><\/em><\/p>\n","protected":false},"excerpt":{"rendered":"<p>M\u00e1rcio do Estacionamento questiona a Prefeitura sobre aplica\u00e7\u00e3o de nova lei que autoriza corte de \u00e1rvores<\/p>\n<p>O vereador M\u00e1rcio do Estacionamento (DC) protocolou na \u00faltima quinta-feira, 23 de abril, o Requerimento N\u00ba 351\/2026 solicitando esclarecimentos da Prefeitura sobre o cumprimento e a aplica\u00e7\u00e3o d<\/p>\n","protected":false},"author":4,"featured_media":63310,"comment_status":"","ping_status":"open","sticky":false,"template":"","format":"standard","meta":{"_jetpack_newsletter_access":"","_jetpack_dont_email_post_to_subs":false,"_jetpack_newsletter_tier_id":0,"_jetpack_memberships_contains_paywalled_content":false,"_mbp_banners":[],"_jetpack_feature_clip_id":0,"_jetpack_memberships_contains_paid_content":false,"footnotes":"","jetpack_publicize_message":"","jetpack_publicize_feature_enabled":true,"jetpack_social_post_already_shared":true,"jetpack_social_options":{"image_generator_settings":{"template":"highway","default_image_id":0,"font":"","enabled":false},"version":2},"jetpack_post_was_ever_published":false},"categories":[19],"tags":[],"class_list":["post-63311","post","type-post","status-publish","format-standard","has-post-thumbnail","category-politica"],"jetpack_publicize_connections":[],"jetpack-related-posts":[],"jetpack_shortlink":"https:\/\/wp.me\/p7Eq1F-gt9","jetpack_sharing_enabled":true,"jetpack_featured_media_url":"https:\/\/i0.wp.com\/guialimeira.com.br\/news\/wp-content\/uploads\/2026\/04\/noticia-camara-133.jpg?fit=1280%2C640&ssl=1","_links":{"self":[{"href":"https:\/\/guialimeira.com.br\/news\/wp-json\/wp\/v2\/posts\/63311","targetHints":{"allow":["GET"]}}],"collection":[{"href":"https:\/\/guialimeira.com.br\/news\/wp-json\/wp\/v2\/posts"}],"about":[{"href":"https:\/\/guialimeira.com.br\/news\/wp-json\/wp\/v2\/types\/post"}],"author":[{"embeddable":true,"href":"https:\/\/guialimeira.com.br\/news\/wp-json\/wp\/v2\/users\/4"}],"replies":[{"embeddable":true,"href":"https:\/\/guialimeira.com.br\/news\/wp-json\/wp\/v2\/comments?post=63311"}],"version-history":[{"count":0,"href":"https:\/\/guialimeira.com.br\/news\/wp-json\/wp\/v2\/posts\/63311\/revisions"}],"wp:featuredmedia":[{"embeddable":true,"href":"https:\/\/guialimeira.com.br\/news\/wp-json\/wp\/v2\/media\/63310"}],"wp:attachment":[{"href":"https:\/\/guialimeira.com.br\/news\/wp-json\/wp\/v2\/media?parent=63311"}],"wp:term":[{"taxonomy":"category","embeddable":true,"href":"https:\/\/guialimeira.com.br\/news\/wp-json\/wp\/v2\/categories?post=63311"},{"taxonomy":"post_tag","embeddable":true,"href":"https:\/\/guialimeira.com.br\/news\/wp-json\/wp\/v2\/tags?post=63311"}],"curies":[{"name":"wp","href":"https:\/\/api.w.org\/{rel}","templated":true}]}}