{"id":63288,"date":"2026-04-28T10:10:49","date_gmt":"2026-04-28T13:10:49","guid":{"rendered":"https:\/\/guialimeira.com.br\/homenagem-a-empresa-nf-etiquetas-e-aprovada-na-camara\/"},"modified":"2026-04-28T10:10:49","modified_gmt":"2026-04-28T13:10:49","slug":"homenagem-a-empresa-nf-etiquetas-e-aprovada-na-camara","status":"publish","type":"post","link":"https:\/\/guialimeira.com.br\/news\/homenagem-a-empresa-nf-etiquetas-e-aprovada-na-camara\/","title":{"rendered":"Homenagem \u00e0 empresa NF-Etiquetas \u00e9 aprovada na C\u00e2mara"},"content":{"rendered":"<p>Homenagem \u00e0 empresa NF-Etiquetas \u00e9 aprovada na C\u00e2mara<\/p>\n<p>O Projeto de Decreto Legislativo N\u00ba 49\/2025, de autoria do vereador Carlinhos do Grotta (PL), que concede o Diploma de Gratid\u00e3o e a Medalha de M\u00e9rito C\u00edvico 15 de setembro &#8211; Ordem Tatuibi \u00e0 NF-Etiquetas, pelos servi\u00e7os prestados a Limeira por meio de apresenta\u00e7\u00f5es culturais, foi aprovado durante a sess\u00e3o ordin\u00e1ria desta segunda-feira, 27 de abril, na C\u00e2mara Municipal.<\/p>\n<p>NF-Etiquetas<\/p>\n<p>Segundo o documento, a empresa foi fundada em 1997 por Nelson Cavalcante e Jos\u00e9 Freitas. Ambos tiveram a id\u00e9ia de fabricar etiquetas para brincos, an\u00e9is, correntes e rel\u00f3gios. Para iniciarem as produ\u00e7\u00f5es, adquiriram duas prensas com cinco ferramentas de corte e instalaram as m\u00e1quinas no fundo da casa de Nelson.<\/p>\n<p>Em 1998, conseguiram alugar um barrac\u00e3o para expandirem a institui\u00e7\u00e3o, que contava com tr\u00eas funcion\u00e1rios no momento. No ano seguinte, compraram o terreno onde fica a empresa at\u00e9 hoje e constru\u00edram um galp\u00e3o de 160 m\u00b2, mudando para o novo local em mar\u00e7o de 2000, saindo do aluguel e investindo em m\u00e1quinas para fabricar cartelas de joias.<\/p>\n<p>Em 2007 compraram uma f\u00e1brica de maletas e estojos, aumentando n\u00famero de funcion\u00e1rios, no ano de 2012 a equipe cresceu, totalizando 40 funcion\u00e1rios, constru\u00edram mais outro barrac\u00e3o e chegaram a 50 funcion\u00e1rios em 2019. Na pandemia, Nelson e Jos\u00e9 tiveram a ideia de come\u00e7ar a vender as etiquetas e cartelas pela internet e a produ\u00e7\u00e3o seguiu aumentando. Atualmente a empresa conta com 65 funcion\u00e1rios.<\/p>\n<p>Na justificativa da honraria, o vereador ressaltou o esfor\u00e7o dos empreendedores que acreditam na cidade, geram oportunidades de emprego e ajudam o Munic\u00edpio a crescer de forma pr\u00f3spera, moderna e humana, merecendo o reconhecimento da C\u00e2mara Municipal.<\/p>\n<hr>\n<p><em>Fonte: <a href=\"https:\/\/www.limeira.sp.leg.br\/noticias\/view\/2026-04-28_homenagem-a-empresa-nfetiquetas-e-aprovada-na-camara\" target=\"_blank\" rel=\"noopener\">C\u00e2mara Municipal de Limeira<\/a><\/em><\/p>\n","protected":false},"excerpt":{"rendered":"<p>Homenagem \u00e0 empresa NF-Etiquetas \u00e9 aprovada na C\u00e2mara<\/p>\n<p>O Projeto de Decreto Legislativo N\u00ba 49\/2025, de autoria do vereador Carlinhos do Grotta (PL), que concede o Diploma de Gratid\u00e3o e a Medalha de M\u00e9rito C\u00edvico 15 de setembro &#8211; Ordem Tatuibi \u00e0 NF-Etiquetas, pelos servi\u00e7os prestados a Limeira por me<\/p>\n","protected":false},"author":4,"featured_media":63287,"comment_status":"","ping_status":"open","sticky":false,"template":"","format":"standard","meta":{"_jetpack_newsletter_access":"","_jetpack_dont_email_post_to_subs":false,"_jetpack_newsletter_tier_id":0,"_jetpack_memberships_contains_paywalled_content":false,"_mbp_banners":[],"_jetpack_feature_clip_id":0,"_jetpack_memberships_contains_paid_content":false,"footnotes":"","jetpack_publicize_message":"","jetpack_publicize_feature_enabled":true,"jetpack_social_post_already_shared":true,"jetpack_social_options":{"image_generator_settings":{"template":"highway","default_image_id":0,"font":"","enabled":false},"version":2},"jetpack_post_was_ever_published":false},"categories":[19],"tags":[],"class_list":["post-63288","post","type-post","status-publish","format-standard","has-post-thumbnail","category-politica"],"jetpack_publicize_connections":[],"jetpack-related-posts":[],"jetpack_shortlink":"https:\/\/wp.me\/p7Eq1F-gsM","jetpack_sharing_enabled":true,"jetpack_featured_media_url":"https:\/\/i0.wp.com\/guialimeira.com.br\/news\/wp-content\/uploads\/2026\/04\/noticia-camara-132.jpg?fit=1280%2C640&ssl=1","_links":{"self":[{"href":"https:\/\/guialimeira.com.br\/news\/wp-json\/wp\/v2\/posts\/63288","targetHints":{"allow":["GET"]}}],"collection":[{"href":"https:\/\/guialimeira.com.br\/news\/wp-json\/wp\/v2\/posts"}],"about":[{"href":"https:\/\/guialimeira.com.br\/news\/wp-json\/wp\/v2\/types\/post"}],"author":[{"embeddable":true,"href":"https:\/\/guialimeira.com.br\/news\/wp-json\/wp\/v2\/users\/4"}],"replies":[{"embeddable":true,"href":"https:\/\/guialimeira.com.br\/news\/wp-json\/wp\/v2\/comments?post=63288"}],"version-history":[{"count":0,"href":"https:\/\/guialimeira.com.br\/news\/wp-json\/wp\/v2\/posts\/63288\/revisions"}],"wp:featuredmedia":[{"embeddable":true,"href":"https:\/\/guialimeira.com.br\/news\/wp-json\/wp\/v2\/media\/63287"}],"wp:attachment":[{"href":"https:\/\/guialimeira.com.br\/news\/wp-json\/wp\/v2\/media?parent=63288"}],"wp:term":[{"taxonomy":"category","embeddable":true,"href":"https:\/\/guialimeira.com.br\/news\/wp-json\/wp\/v2\/categories?post=63288"},{"taxonomy":"post_tag","embeddable":true,"href":"https:\/\/guialimeira.com.br\/news\/wp-json\/wp\/v2\/tags?post=63288"}],"curies":[{"name":"wp","href":"https:\/\/api.w.org\/{rel}","templated":true}]}}