{"id":63284,"date":"2026-04-28T10:00:58","date_gmt":"2026-04-28T13:00:58","guid":{"rendered":"https:\/\/guialimeira.com.br\/projeto-aprovado-reforca-a-transparencia-e-a-prestacao-de-contas-em-viagens-oficiais-da-camara\/"},"modified":"2026-04-28T10:00:58","modified_gmt":"2026-04-28T13:00:58","slug":"projeto-aprovado-reforca-a-transparencia-e-a-prestacao-de-contas-em-viagens-oficiais-da-camara","status":"publish","type":"post","link":"https:\/\/guialimeira.com.br\/news\/projeto-aprovado-reforca-a-transparencia-e-a-prestacao-de-contas-em-viagens-oficiais-da-camara\/","title":{"rendered":"Projeto aprovado refor\u00e7a a transpar\u00eancia e a presta\u00e7\u00e3o de contas em viagens oficiais da C\u00e2mara"},"content":{"rendered":"<p>Projeto aprovado refor\u00e7a a transpar\u00eancia e a presta\u00e7\u00e3o de contas em viagens oficiais da C\u00e2mara<\/p>\n<p>A C\u00e2mara Municipal de Limeira aprovou, na sess\u00e3o ordin\u00e1ria desta segunda-feira, 27 de abril, o Projeto de Resolu\u00e7\u00e3o N\u00ba 10\/2026, da Mesa Diretora 2025\/2026, que altera a reda\u00e7\u00e3o da Resolu\u00e7\u00e3o N\u00ba 592\/2014, que disp\u00f5e sobre as viagens para o atendimento dos interesses do Legislativo limeirense. A proposta modifica regras, crit\u00e9rios de justificativa e a divulga\u00e7\u00e3o de gastos no Portal da Transpar\u00eancia.<\/p>\n<p>A altera\u00e7\u00e3o indicada pelos parlamentares estabelece que, no requerimento de viagem dirigido ao presidente da C\u00e2mara Municipal, Everton Ferreira (PSD), dever\u00e1 constar uma justificativa para o comparecimento de vereador, de membros de comiss\u00e3o permanente ou de frente parlamentar ao evento, com indica\u00e7\u00e3o das datas, do local e da respectiva programa\u00e7\u00e3o.<\/p>\n<p>A proposta tamb\u00e9m exige que, ap\u00f3s a realiza\u00e7\u00e3o da viagem, o solicitante dever\u00e1 instruir o processo no prazo de at\u00e9 cinco dias \u00fateis, mediante a apresenta\u00e7\u00e3o de elementos que comprovem a atividade realizada, como registros fotogr\u00e1ficos, publica\u00e7\u00f5es, not\u00edcias ou c\u00f3pias de documentos e of\u00edcios protocolados.<\/p>\n<p>O texto determina ainda que o gasto total da viagem seja divulgado no Portal da Transpar\u00eancia da C\u00e2mara Municipal de Limeira, acompanhado da respectiva justificativa de interesse p\u00fablico.<\/p>\n<p>A Mesa Diretora da C\u00e2mara \u00e9 composta pelos vereadores Everton Ferreira (PSD), presidente, Tatiane Lopes (Avante), vice-presidente, Mara Isa Mattos Silveira (PL), primeira-secret\u00e1ria, e Costa J\u00fanior (Podemos), segundo-secret\u00e1rio.<\/p>\n<hr>\n<p><em>Fonte: <a href=\"https:\/\/www.limeira.sp.leg.br\/noticias\/view\/2026-04-28_projeto-aprovado-reforca-a-transparencia-e-a-prestacao-de-contas-em-viagens-oficiais-da-camara\" target=\"_blank\" rel=\"noopener\">C\u00e2mara Municipal de Limeira<\/a><\/em><\/p>\n","protected":false},"excerpt":{"rendered":"<p>Projeto aprovado refor\u00e7a a transpar\u00eancia e a presta\u00e7\u00e3o de contas em viagens oficiais da C\u00e2mara<\/p>\n<p>A C\u00e2mara Municipal de Limeira aprovou, na sess\u00e3o ordin\u00e1ria desta segunda-feira, 27 de abril, o Projeto de Resolu\u00e7\u00e3o N\u00ba 10\/2026, da Mesa Diretora 2025\/2026, que altera a reda\u00e7\u00e3o da Resolu\u00e7\u00e3o N\u00ba 592\/2014, q<\/p>\n","protected":false},"author":4,"featured_media":63283,"comment_status":"","ping_status":"open","sticky":false,"template":"","format":"standard","meta":{"_jetpack_newsletter_access":"","_jetpack_dont_email_post_to_subs":false,"_jetpack_newsletter_tier_id":0,"_jetpack_memberships_contains_paywalled_content":false,"_mbp_banners":[],"_jetpack_feature_clip_id":0,"_jetpack_memberships_contains_paid_content":false,"footnotes":"","jetpack_publicize_message":"","jetpack_publicize_feature_enabled":true,"jetpack_social_post_already_shared":true,"jetpack_social_options":{"image_generator_settings":{"template":"highway","default_image_id":0,"font":"","enabled":false},"version":2},"jetpack_post_was_ever_published":false},"categories":[19],"tags":[],"class_list":["post-63284","post","type-post","status-publish","format-standard","has-post-thumbnail","category-politica"],"jetpack_publicize_connections":[],"jetpack-related-posts":[],"jetpack_shortlink":"https:\/\/wp.me\/p7Eq1F-gsI","jetpack_sharing_enabled":true,"jetpack_featured_media_url":"https:\/\/i0.wp.com\/guialimeira.com.br\/news\/wp-content\/uploads\/2026\/04\/noticia-camara-130.jpg?fit=1280%2C640&ssl=1","_links":{"self":[{"href":"https:\/\/guialimeira.com.br\/news\/wp-json\/wp\/v2\/posts\/63284","targetHints":{"allow":["GET"]}}],"collection":[{"href":"https:\/\/guialimeira.com.br\/news\/wp-json\/wp\/v2\/posts"}],"about":[{"href":"https:\/\/guialimeira.com.br\/news\/wp-json\/wp\/v2\/types\/post"}],"author":[{"embeddable":true,"href":"https:\/\/guialimeira.com.br\/news\/wp-json\/wp\/v2\/users\/4"}],"replies":[{"embeddable":true,"href":"https:\/\/guialimeira.com.br\/news\/wp-json\/wp\/v2\/comments?post=63284"}],"version-history":[{"count":0,"href":"https:\/\/guialimeira.com.br\/news\/wp-json\/wp\/v2\/posts\/63284\/revisions"}],"wp:featuredmedia":[{"embeddable":true,"href":"https:\/\/guialimeira.com.br\/news\/wp-json\/wp\/v2\/media\/63283"}],"wp:attachment":[{"href":"https:\/\/guialimeira.com.br\/news\/wp-json\/wp\/v2\/media?parent=63284"}],"wp:term":[{"taxonomy":"category","embeddable":true,"href":"https:\/\/guialimeira.com.br\/news\/wp-json\/wp\/v2\/categories?post=63284"},{"taxonomy":"post_tag","embeddable":true,"href":"https:\/\/guialimeira.com.br\/news\/wp-json\/wp\/v2\/tags?post=63284"}],"curies":[{"name":"wp","href":"https:\/\/api.w.org\/{rel}","templated":true}]}}