{"id":6327,"date":"2024-05-24T18:53:43","date_gmt":"2024-05-24T21:53:43","guid":{"rendered":"https:\/\/guialimeira.com.br\/2024\/05\/24\/azul-e-gol-anunciam-acordo-para-compartilhar-voos-domesticos\/"},"modified":"2024-05-24T18:53:43","modified_gmt":"2024-05-24T21:53:43","slug":"azul-e-gol-anunciam-acordo-para-compartilhar-voos-domesticos","status":"publish","type":"post","link":"https:\/\/guialimeira.com.br\/news\/azul-e-gol-anunciam-acordo-para-compartilhar-voos-domesticos\/","title":{"rendered":"Azul e Gol anunciam acordo para compartilhar voos dom\u00e9sticos"},"content":{"rendered":"<p> <br \/>\n<\/p>\n<div>\n<p>A partir do fim de junho, os clientes da Azul e da Gol podem comprar passagens de uma companhia nos canais de venda de outra. As duas empresas anunciaram, nesta quinta-feira (23), um acordo de coopera\u00e7\u00e3o comercial por meio de <em>codeshare<\/em>, compartilhamento de c\u00f3digos em ingl\u00eas.<img data-recalc-dims=\"1\" decoding=\"async\" src=\"https:\/\/i0.wp.com\/agenciabrasil.ebc.com.br\/ebc.png?w=696&#038;ssl=1\" style=\"width:1px; height:1px; display:inline;\"\/><img data-recalc-dims=\"1\" decoding=\"async\" src=\"https:\/\/i0.wp.com\/agenciabrasil.ebc.com.br\/ebc.gif?w=696&#038;ssl=1\" style=\"width:1px; height:1px; display:inline;\"\/><\/p>\n<p>O acordo s\u00f3 valer\u00e1 para rotas dom\u00e9sticas exclusivamente operadas por uma das duas companhias. As rotas em que ambas as empresas concorrem diretamente est\u00e3o fora do <em>codeshare<\/em>.<\/p>\n<div class=\"dnd-widget-wrapper context-grande_6colunas type-image atom-align-right\">\n<div class=\"dnd-atom-rendered\"><!-- scald=295421:grande_6colunas {\"additionalClasses\":\"\"} --><\/p>\n<div class=\"shadow overflow-hidden rounded-lg d-block w-100\">\n            <img data-recalc-dims=\"1\" decoding=\"async\" src=\"https:\/\/i0.wp.com\/agenciabrasil.ebc.com.br\/sites\/default\/files\/thumbnails\/image\/loading_v2.gif?w=696&#038;ssl=1\" data-echo=\"https:\/\/imagens.ebc.com.br\/RAJdEwgSSM5oPRQaLuSICbdcbsE=\/463x0\/smart\/https:\/\/agenciabrasil.ebc.com.br\/sites\/default\/files\/thumbnails\/image\/avioes-aeroporto_mcamgo_abr_290720221818-8.jpg?itok=7uP2tpqW\" alt=\"Movimenta\u00e7\u00e3o de avi\u00f5es comerciais no aeroporto de Bras\u00edlia.\" title=\"Marcelo Camargo\/Ag\u00eancia Brasil\" class=\"flex-fill img-cover\"\/><br \/>\n        <img data-recalc-dims=\"1\" decoding=\"async\" src=\"https:\/\/i0.wp.com\/imagens.ebc.com.br\/RAJdEwgSSM5oPRQaLuSICbdcbsE%3D\/463x0\/smart\/https%3A\/\/agenciabrasil.ebc.com.br\/sites\/default\/files\/thumbnails\/image\/avioes-aeroporto_mcamgo_abr_290720221818-8.jpg?w=696&#038;ssl=1\" alt=\"Movimenta\u00e7\u00e3o de avi\u00f5es comerciais no aeroporto de Bras\u00edlia.\" title=\"Marcelo Camargo\/Ag\u00eancia Brasil\" class=\"flex-fill img-cover\"\/>\n    <\/div>\n<p><!-- END scald=295421 --><\/div>\n<div class=\"dnd-caption-wrapper\">\n<p>Avi\u00e3o da Azul\u00a0taxiando no aeroporto de Bras\u00edlia. &#8211; <strong>Marcelo Camargo\/Ag\u00eancia Brasil<\/strong><!--END copyright=295421--><\/p>\n<\/div>\n<\/div>\n<p>Por meio do <em>codeshare<\/em>, o passageiro utiliza os canais de pesquisa, de venda e os padr\u00f5es de servi\u00e7o de uma companhia para embarcar em outra. No entanto, o <em>check-in<\/em> dever\u00e1 ser feito nos guich\u00eas ou nos canais digitais da companhia que opera o voo. Nos voos com conex\u00e3o, o cliente far\u00e1 o check in na empresa que opera o primeiro trecho e automaticamente receber\u00e1 os cart\u00f5es de embarque de todos os voos.<\/p>\n<p>O despacho de bagagens seguir\u00e1 o mesmo procedimento, com o cliente despachando as malas na companhia que opera o voo ou o primeiro trecho, recebendo-as no destino final. Para remarcar ou cancelar a viagem, o passageiro deve procurar a companhia onde comprou a passagem.<\/p>\n<p>Em comunicado, as duas companhias esclareceram que o acordo tamb\u00e9m abrange os programas de fidelidade. Membros do Smiles (da Gol) e do Azul Fidelidade acumular\u00e3o pontos ou milhas no programa de sua escolha.<\/p>\n<p>A data exata para o in\u00edcio das vendas com <em>codeshare<\/em> n\u00e3o foi informada. As duas empresas informaram apenas que os canais come\u00e7ar\u00e3o a oferecer as rotas compartilhadas no fim do pr\u00f3ximo m\u00eas.<\/p>\n<h2>Monitoramento<\/h2>\n<p>Nas redes sociais, o ministro de Portos e Aeroportos, Silvio Costa Filho, destacou que esse tipo de parceria \u00e9 comum no setor a\u00e9reo em diversos pa\u00edses. Destacou que o minist\u00e9rio e a Ag\u00eancia Nacional de Avia\u00e7\u00e3o Civil (Anac) buscar\u00e3o preservar as melhores condi\u00e7\u00f5es para o consumidor brasileiro.<\/p>\n<div class=\"dnd-widget-wrapper context-grande_6colunas type-image atom-align-left\">\n<div class=\"dnd-atom-rendered\"><!-- scald=386310:grande_6colunas {\"additionalClasses\":\"\"} --><\/p>\n<div class=\"shadow overflow-hidden rounded-lg d-block w-100\">\n            <img data-recalc-dims=\"1\" decoding=\"async\" src=\"https:\/\/i0.wp.com\/agenciabrasil.ebc.com.br\/sites\/default\/files\/thumbnails\/image\/loading_v2.gif?w=696&#038;ssl=1\" data-echo=\"https:\/\/imagens.ebc.com.br\/BUKoPBRbtAVM9ztYb3NDcERFYuY=\/463x0\/smart\/https:\/\/agenciabrasil.ebc.com.br\/sites\/default\/files\/thumbnails\/image\/2024\/05\/22\/22052024-pzzb3518.jpg?itok=5j7M08No\" alt=\"Bras\u00edlia (DF) 22\/05\/2024 O ministro de Portos e Aeroportos, Silvio Costa Filho, d\u00e1 entrevista ao programa Bom Dia, Ministro&#13;&#10; Foto: Fabio Rodrigues-Pozzebom\/ Ag\u00eancia Brasil\" title=\"Fabio Rodrigues-Pozzebom\/ Ag\u00eancia Brasil\" class=\"flex-fill img-cover\"\/><br \/>\n        <img data-recalc-dims=\"1\" decoding=\"async\" src=\"https:\/\/i0.wp.com\/imagens.ebc.com.br\/BUKoPBRbtAVM9ztYb3NDcERFYuY%3D\/463x0\/smart\/https%3A\/\/agenciabrasil.ebc.com.br\/sites\/default\/files\/thumbnails\/image\/2024\/05\/22\/22052024-pzzb3518.jpg?w=696&#038;ssl=1\" alt=\"Bras\u00edlia (DF) 22\/05\/2024 O ministro de Portos e Aeroportos, Silvio Costa Filho, d\u00e1 entrevista ao programa Bom Dia, Ministro&#13;&#10; Foto: Fabio Rodrigues-Pozzebom\/ Ag\u00eancia Brasil\" title=\"Fabio Rodrigues-Pozzebom\/ Ag\u00eancia Brasil\" class=\"flex-fill img-cover\"\/>\n    <\/div>\n<p><!-- END scald=386310 --><\/div>\n<div class=\"dnd-caption-wrapper\">\n<p>O ministro de Portos e Aeroportos, Silvio Costa Filho. Foto:\u00a0<strong>Fabio Rodrigues-Pozzebom\/ Ag\u00eancia Brasil<\/strong><!--END copyright=386310--><\/p>\n<\/div>\n<\/div>\n<p>\u201cEsse tipo de acordo comercial j\u00e1 ocorre entre outras companhias a\u00e9reas nacionais e internacionais ao redor do mundo. N\u00f3s esperamos que possa ampliar a conectividade entre os diversos destinos brasileiros, gerando maior complementaridade na malha nacional, oferecendo mais op\u00e7\u00f5es de voos para os brasileiros\u201d, destacou Costa Filho.<\/p>\n<p>No fim de janeiro, a Gol entrou com <a href=\"https:\/\/agenciabrasil.ebc.com.br\/economia\/noticia\/2024-01\/gol-entra-com-pedido-de-recuperacao-judicial-nos-estados-unidos\" target=\"_blank\" rel=\"noopener\">pedido de recupera\u00e7\u00e3o judicial<\/a> nos Estados Unidos, para levantar capital e reestruturar as finan\u00e7as ap\u00f3s a pandemia de covid-19. A companhia informou que o pedido n\u00e3o afeta as opera\u00e7\u00f5es no Brasil. Na \u00e9poca, o governo informou que monitora os desdobramentos da <a href=\"https:\/\/agenciabrasil.ebc.com.br\/de\/node\/1578103\" target=\"_blank\" rel=\"noopener\">recupera\u00e7\u00e3o judicial<\/a>.<\/p>\n<\/p><\/div>\n<p><br \/>\n<br \/><a href=\"https:\/\/agenciabrasil.ebc.com.br\/economia\/noticia\/2024-05\/azul-e-gol-anunciam-acordo-para-compartilhar-voos-domesticos\" rel=\"noopener\">Ag\u00eancia Brasil<\/a><\/p>\n","protected":false},"excerpt":{"rendered":"<p>A partir do fim de junho, os clientes da Azul e da Gol podem comprar passagens de uma companhia nos canais de venda de outra. As duas empresas anunciaram, nesta quinta-feira (23), um acordo de coopera\u00e7\u00e3o comercial por meio de codeshare, compartilhamento de c\u00f3digos em ingl\u00eas. O acordo s\u00f3 valer\u00e1 para rotas dom\u00e9sticas exclusivamente operadas [&hellip;]<\/p>\n","protected":false},"author":1,"featured_media":6328,"comment_status":"open","ping_status":"open","sticky":false,"template":"","format":"standard","meta":{"_jetpack_newsletter_access":"","_jetpack_dont_email_post_to_subs":false,"_jetpack_newsletter_tier_id":0,"_jetpack_memberships_contains_paywalled_content":false,"_mbp_banners":[],"_jetpack_feature_clip_id":0,"_jetpack_memberships_contains_paid_content":false,"footnotes":"","jetpack_publicize_message":"","jetpack_publicize_feature_enabled":true,"jetpack_social_post_already_shared":true,"jetpack_social_options":{"image_generator_settings":{"template":"highway","default_image_id":0,"font":"","enabled":false},"version":2},"jetpack_post_was_ever_published":false},"categories":[24],"tags":[],"class_list":["post-6327","post","type-post","status-publish","format-standard","has-post-thumbnail","category-economia"],"jetpack_publicize_connections":[],"jetpack-related-posts":[],"jetpack_shortlink":"https:\/\/wp.me\/p7Eq1F-1E3","jetpack_sharing_enabled":true,"jetpack_featured_media_url":"https:\/\/i0.wp.com\/guialimeira.com.br\/news\/wp-content\/uploads\/2024\/05\/avioes-aeroporto_mcamgo_abr_290720221818-18.jpg?fit=1600%2C800&ssl=1","_links":{"self":[{"href":"https:\/\/guialimeira.com.br\/news\/wp-json\/wp\/v2\/posts\/6327","targetHints":{"allow":["GET"]}}],"collection":[{"href":"https:\/\/guialimeira.com.br\/news\/wp-json\/wp\/v2\/posts"}],"about":[{"href":"https:\/\/guialimeira.com.br\/news\/wp-json\/wp\/v2\/types\/post"}],"author":[{"embeddable":true,"href":"https:\/\/guialimeira.com.br\/news\/wp-json\/wp\/v2\/users\/1"}],"replies":[{"embeddable":true,"href":"https:\/\/guialimeira.com.br\/news\/wp-json\/wp\/v2\/comments?post=6327"}],"version-history":[{"count":0,"href":"https:\/\/guialimeira.com.br\/news\/wp-json\/wp\/v2\/posts\/6327\/revisions"}],"wp:featuredmedia":[{"embeddable":true,"href":"https:\/\/guialimeira.com.br\/news\/wp-json\/wp\/v2\/media\/6328"}],"wp:attachment":[{"href":"https:\/\/guialimeira.com.br\/news\/wp-json\/wp\/v2\/media?parent=6327"}],"wp:term":[{"taxonomy":"category","embeddable":true,"href":"https:\/\/guialimeira.com.br\/news\/wp-json\/wp\/v2\/categories?post=6327"},{"taxonomy":"post_tag","embeddable":true,"href":"https:\/\/guialimeira.com.br\/news\/wp-json\/wp\/v2\/tags?post=6327"}],"curies":[{"name":"wp","href":"https:\/\/api.w.org\/{rel}","templated":true}]}}