{"id":6319,"date":"2024-05-24T18:05:44","date_gmt":"2024-05-24T21:05:44","guid":{"rendered":"https:\/\/guialimeira.com.br\/2024\/05\/24\/limeira-inicia-campanha-de-vacinacao-contra-poliomielite-na-segunda-27\/"},"modified":"2024-05-24T18:05:44","modified_gmt":"2024-05-24T21:05:44","slug":"limeira-inicia-campanha-de-vacinacao-contra-poliomielite-na-segunda-27","status":"publish","type":"post","link":"https:\/\/guialimeira.com.br\/news\/limeira-inicia-campanha-de-vacinacao-contra-poliomielite-na-segunda-27\/","title":{"rendered":"Limeira inicia campanha de vacina\u00e7\u00e3o contra poliomielite na segunda (27)"},"content":{"rendered":"<p> <br \/>\n<\/p>\n<div>\n            <main class=\"\">&#13;<br \/>\n                &#13;<br \/>\n&#13;<br \/>\n&#13;<br \/>\n&#13;<br \/>\n    <img data-recalc-dims=\"1\" decoding=\"async\" src=\"https:\/\/i0.wp.com\/ecrie.com.br\/sistema\/conteudos\/imagem\/m_137_0_1_20092023112446.jpg?w=696&#038;ssl=1\" alt=\"Limeira inicia campanha de vacina\u00e7\u00e3o contra poliomielite na segunda (27)\"\/>&#13;<br \/>\n&#13;<\/p>\n<p style=\"text-align: justify;\" align=\"justify\">Come\u00e7a na segunda-feira (27), em Limeira, a Campanha de Vacina\u00e7\u00e3o contra a Poliomielite (paralisia infantil) para crian\u00e7as menores de 5 anos. A iniciativa vai at\u00e9 14 de junho. Segundo a Secretaria de Sa\u00fade, os pais devem lev\u00e1-las a uma Unidade B\u00e1sica de Sa\u00fade (UBS) com sala de imuniza\u00e7\u00e3o com a caderneta de vacina\u00e7\u00e3o.<\/p>\n<p>&#13;<\/p>\n<p style=\"text-align: justify;\" align=\"justify\">A poliomielite \u00e9 uma doen\u00e7a infectocontagiosa aguda, caracterizada pela contamina\u00e7\u00e3o pelo poliov\u00edrus que pode causar paralisia muscular dos membros inferiores, de forma assim\u00e9trica e irrevers\u00edvel. Em casos graves podendo evoluir a \u00f3bito, \u201cA vacina\u00e7\u00e3o \u00e9 a principal forma de preven\u00e7\u00e3o\u201d, afirma a diretora de Vigil\u00e2ncia em Sa\u00fade, Renata Martins.<\/p>\n<p>&#13;<\/p>\n<p style=\"text-align: justify;\" align=\"justify\">A vacina\u00e7\u00e3o est\u00e1 dispon\u00edvel de segunda a sexta-feira, das 8h \u00e0s 12h e das 13h \u00e0s 16h, nas UBSs: Ab\u00edlio Pedro, Aeroporto, Campo Belo, Cecap, Morro Azul, Dores 1, Dores 2, Nova Europa, Nova Limeira, Nova Su\u00ed\u00e7a, Novo Horizonte, Planalto, Hip\u00f3lito 1, Vista Alegre e Graminha, al\u00e9m do Ambulat\u00f3rio de Especialidades do Residencial Rubi.<\/p>\n<p>&#13;<br \/>\n&#13;<br \/>\n&#13;<br \/>\n&#13;<\/p>\n<aside class=\"list-related no-print\">&#13;<br \/>\n        &#13;<br \/>\n&#13;<\/p>\n<article class=\"list-item noticias \">&#13;<br \/>\n                    <a class=\"list-item__img\" href=\"https:\/\/limeira.sp.gov.br\/imprensa\/noticias\/saude\/aberto-prazo-de-recebimento-de-propostas-para-plenaria-de-saude\" tabindex=\"-1\" aria-hidden=\"true\" rel=\"noopener\">&#13;<br \/>\n                        <img data-recalc-dims=\"1\" decoding=\"async\" src=\"https:\/\/i0.wp.com\/ecrie.com.br\/sistema\/conteudos\/imagem\/m_137_0_1_24052024164724.jpeg?w=696&#038;ssl=1\" alt=\"Aberto prazo de recebimento de propostas para Plen\u00e1ria de Sa\u00fade\"\/>&#13;<br \/>\n                    <\/a>&#13;<br \/>\n&#13;<br \/>\n                &#13;<br \/>\n            <\/article>\n<p>&#13;<\/p>\n<article class=\"list-item noticias \">&#13;<br \/>\n                    <a class=\"list-item__img\" href=\"https:\/\/limeira.sp.gov.br\/imprensa\/noticias\/saude\/novo-plantao-de-vacinacao-acontece-neste-sabado-25-em-limeira\" tabindex=\"-1\" aria-hidden=\"true\" rel=\"noopener\">&#13;<br \/>\n                        <img data-recalc-dims=\"1\" decoding=\"async\" src=\"https:\/\/i0.wp.com\/ecrie.com.br\/sistema\/conteudos\/imagem\/m_137_1_7_20032023161715.jpg?w=696&#038;ssl=1\" alt=\"Novo plant\u00e3o de vacina\u00e7\u00e3o acontece neste s\u00e1bado (25) em Limeira\"\/>&#13;<br \/>\n                    <\/a>&#13;<br \/>\n&#13;<br \/>\n                &#13;<br \/>\n            <\/article>\n<p>&#13;<\/p>\n<article class=\"list-item noticias \">&#13;<br \/>\n                    <a class=\"list-item__img\" href=\"https:\/\/limeira.sp.gov.br\/imprensa\/noticias\/saude\/limeira-tera-novo-plantao-de-vacinacao-neste-sabado-18\" tabindex=\"-1\" aria-hidden=\"true\" rel=\"noopener\">&#13;<br \/>\n                        <img data-recalc-dims=\"1\" decoding=\"async\" src=\"https:\/\/i0.wp.com\/ecrie.com.br\/sistema\/conteudos\/imagem\/m_137_0_1_25042024153346.jpg?w=696&#038;ssl=1\" alt=\"Limeira ter\u00e1 novo plant\u00e3o de vacina\u00e7\u00e3o neste s\u00e1bado (18)\"\/>&#13;<br \/>\n                    <\/a>&#13;<br \/>\n&#13;<br \/>\n                &#13;<br \/>\n            <\/article>\n<p>&#13;<br \/>\n    <\/aside>\n<p>&#13;<br \/>\n&#13;<br \/>\n            <\/main><\/p><\/div>\n<p><br \/>\n<br \/><a href=\"https:\/\/limeira.sp.gov.br\/limeira-inicia-campanha-de-vacinacao-contra-poliomielite-na-segunda-27\" rel=\"noopener\">Informa\u00e7\u00f5es da PML <\/a><\/p>\n","protected":false},"excerpt":{"rendered":"<p>&#13; &#13; &#13; &#13; &#13; &#13; &#13; Come\u00e7a na segunda-feira (27), em Limeira, a Campanha de Vacina\u00e7\u00e3o contra a Poliomielite (paralisia infantil) para crian\u00e7as menores de 5 anos. A iniciativa vai at\u00e9 14 de junho. Segundo a Secretaria de Sa\u00fade, os pais devem lev\u00e1-las a uma Unidade B\u00e1sica de Sa\u00fade (UBS) com sala de imuniza\u00e7\u00e3o [&hellip;]<\/p>\n","protected":false},"author":1,"featured_media":6320,"comment_status":"open","ping_status":"open","sticky":false,"template":"","format":"standard","meta":{"_jetpack_newsletter_access":"","_jetpack_dont_email_post_to_subs":false,"_jetpack_newsletter_tier_id":0,"_jetpack_memberships_contains_paywalled_content":false,"_mbp_banners":[],"_jetpack_feature_clip_id":0,"_jetpack_memberships_contains_paid_content":false,"footnotes":"","jetpack_publicize_message":"","jetpack_publicize_feature_enabled":true,"jetpack_social_post_already_shared":true,"jetpack_social_options":{"image_generator_settings":{"template":"highway","default_image_id":0,"font":"","enabled":false},"version":2},"jetpack_post_was_ever_published":false},"categories":[16],"tags":[],"class_list":["post-6319","post","type-post","status-publish","format-standard","has-post-thumbnail","category-local"],"jetpack_publicize_connections":[],"jetpack-related-posts":[],"jetpack_shortlink":"https:\/\/wp.me\/p7Eq1F-1DV","jetpack_sharing_enabled":true,"jetpack_featured_media_url":"https:\/\/i0.wp.com\/guialimeira.com.br\/news\/wp-content\/uploads\/2024\/05\/m_137_0_1_20092023112446.jpg?fit=1280%2C852&ssl=1","_links":{"self":[{"href":"https:\/\/guialimeira.com.br\/news\/wp-json\/wp\/v2\/posts\/6319","targetHints":{"allow":["GET"]}}],"collection":[{"href":"https:\/\/guialimeira.com.br\/news\/wp-json\/wp\/v2\/posts"}],"about":[{"href":"https:\/\/guialimeira.com.br\/news\/wp-json\/wp\/v2\/types\/post"}],"author":[{"embeddable":true,"href":"https:\/\/guialimeira.com.br\/news\/wp-json\/wp\/v2\/users\/1"}],"replies":[{"embeddable":true,"href":"https:\/\/guialimeira.com.br\/news\/wp-json\/wp\/v2\/comments?post=6319"}],"version-history":[{"count":0,"href":"https:\/\/guialimeira.com.br\/news\/wp-json\/wp\/v2\/posts\/6319\/revisions"}],"wp:featuredmedia":[{"embeddable":true,"href":"https:\/\/guialimeira.com.br\/news\/wp-json\/wp\/v2\/media\/6320"}],"wp:attachment":[{"href":"https:\/\/guialimeira.com.br\/news\/wp-json\/wp\/v2\/media?parent=6319"}],"wp:term":[{"taxonomy":"category","embeddable":true,"href":"https:\/\/guialimeira.com.br\/news\/wp-json\/wp\/v2\/categories?post=6319"},{"taxonomy":"post_tag","embeddable":true,"href":"https:\/\/guialimeira.com.br\/news\/wp-json\/wp\/v2\/tags?post=6319"}],"curies":[{"name":"wp","href":"https:\/\/api.w.org\/{rel}","templated":true}]}}