{"id":63168,"date":"2026-04-27T14:40:50","date_gmt":"2026-04-27T17:40:50","guid":{"rendered":"https:\/\/guialimeira.com.br\/estevao-nogueira-requer-informacoes-a-prefeitura-sobre-a-qualidade-da-agua-em-limeira\/"},"modified":"2026-04-27T14:40:50","modified_gmt":"2026-04-27T17:40:50","slug":"estevao-nogueira-requer-informacoes-a-prefeitura-sobre-a-qualidade-da-agua-em-limeira","status":"publish","type":"post","link":"https:\/\/guialimeira.com.br\/news\/estevao-nogueira-requer-informacoes-a-prefeitura-sobre-a-qualidade-da-agua-em-limeira\/","title":{"rendered":"Estev\u00e3o Nogueira requer informa\u00e7\u00f5es \u00e0 Prefeitura sobre a qualidade da \u00e1gua em Limeira"},"content":{"rendered":"<p>Estev\u00e3o Nogueira requer informa\u00e7\u00f5es \u00e0 Prefeitura sobre a qualidade da \u00e1gua em Limeira<\/p>\n<p>Ap\u00f3s relatos recentes de mun\u00edcipes em r\u00e1dios locais e em redes sociais acerca de altera\u00e7\u00f5es no sabor e cheiro da \u00e1gua distribu\u00edda em Limeira, o vereador Estev\u00e3o Nogueira (Avante) protocolou na \u00faltima quarta-feira, 22 de abril, o Requerimento N\u00ba 350\/2026 solicitando informa\u00e7\u00f5es \u00e0 Prefeitura acerca do tema e da \u00e1gua fornecida pela empresa concession\u00e1ria BRK Ambiental.<\/p>\n<p>No requerimento, o vereador questionou se o Poder P\u00fablico registrou ou recebeu formalmente reclama\u00e7\u00f5es nos \u00faltimos 90 dias relativas ao odor e sabor da \u00e1gua distribu\u00edda no Munic\u00edpio, se a BRK apresentou um relat\u00f3rio t\u00e9cnico sobre poss\u00edveis causas, como manobras de rede, varia\u00e7\u00e3o de capta\u00e7\u00e3o, mudan\u00e7as no tratamento. Se sim, ele pede que encaminhe uma c\u00f3pia da s\u00edntese oficial com conclus\u00f5es e medidas corretivas. Al\u00e9m de informar a quantidade de reclama\u00e7\u00f5es, separadas por bairro e per\u00edodo (semanal ou mensal), bem como as provid\u00eancias adotadas pelo Munic\u00edpio exigidas da concession\u00e1ria para solucionar essas reclama\u00e7\u00f5es.<\/p>\n<p>Entre os questionamentos apresentados pelo autor no documento, destaca-se a verifica\u00e7\u00e3o sobre a realiza\u00e7\u00e3o de an\u00e1lises laboratoriais extraordin\u00e1rias, al\u00e9m das de rotina em decorr\u00eancia das reclama\u00e7\u00f5es. Em caso positivo, solicita a previs\u00e3o dos par\u00e2metros espec\u00edficos, a quantidade de pontos de coleta utilizados e o encaminhamento dos resultados consolidados do per\u00edodo, com indica\u00e7\u00e3o dos respectivos bairros e dados.<\/p>\n<p>Na sequ\u00eancia, Estev\u00e3o tamb\u00e9m pergunta sobre a exist\u00eancia de um canal espec\u00edfico de orienta\u00e7\u00e3o \u00e0 popula\u00e7\u00e3o para esse tipo de ocorr\u00eancia, incluindo a disponibiliza\u00e7\u00e3o de protocolo de atendimento, prazo de resposta e eventuais orienta\u00e7\u00f5es de medidas imediatas. Caso exista, ser\u00e1 necess\u00e1ria a identifica\u00e7\u00e3o do canal e as instru\u00e7\u00f5es de como o mun\u00edcipe deve proceder, bem como a informa\u00e7\u00e3o sobre o prazo m\u00e9dio de retorno aos cidad\u00e3os<\/p>\n<p>Por fim, o parlamentar ainda solicita informa\u00e7\u00f5es se em caso de identifica\u00e7\u00e3o de alguma n\u00e3o conformidade ou necessidade de corre\u00e7\u00e3o, houve aplica\u00e7\u00e3o de penalidade \u00e0 concession\u00e1ria ou abertura de tratativas formais no \u00e2mbito do contrato de concess\u00e3o, e, em caso positivo, Estev\u00e3o requer o detalhamento do ato, fundamento e o respectivo status (em apura\u00e7\u00e3o, conclu\u00edda ou em cumprimento).<\/p>\n<p>Do Gabinete Parlamentar \u2013 Vereador Estev\u00e3o Nogueira (Avante)<\/p>\n<p>As mat\u00e9rias de origem dos Gabinetes Parlamentares s\u00e3o de inteira\u00a0 responsabilidade dos parlamentares e de suas assessorias. S\u00e3o devidamente assinadas e n\u00e3o refletem, necessariamente, a opini\u00e3o institucional da C\u00e2mara Municipal de Limeira.<\/p>\n<hr>\n<p><em>Fonte: <a href=\"https:\/\/www.limeira.sp.leg.br\/noticias\/view\/2026-04-27_estevao-nogueira-requer-informacoes-a-prefeitura-sobre-a-qualidade-da-agua-em-limeira\" target=\"_blank\" rel=\"noopener\">C\u00e2mara Municipal de Limeira<\/a><\/em><\/p>\n","protected":false},"excerpt":{"rendered":"<p>Estev\u00e3o Nogueira requer informa\u00e7\u00f5es \u00e0 Prefeitura sobre a qualidade da \u00e1gua em Limeira<\/p>\n<p>Ap\u00f3s relatos recentes de mun\u00edcipes em r\u00e1dios locais e em redes sociais acerca de altera\u00e7\u00f5es no sabor e cheiro da \u00e1gua distribu\u00edda em Limeira, o vereador Estev\u00e3o Nogueira (Avante) protocolou na \u00faltima quarta-feira,<\/p>\n","protected":false},"author":4,"featured_media":63167,"comment_status":"","ping_status":"open","sticky":false,"template":"","format":"standard","meta":{"_jetpack_newsletter_access":"","_jetpack_dont_email_post_to_subs":false,"_jetpack_newsletter_tier_id":0,"_jetpack_memberships_contains_paywalled_content":false,"_mbp_banners":[],"_jetpack_feature_clip_id":0,"_jetpack_memberships_contains_paid_content":false,"footnotes":"","jetpack_publicize_message":"","jetpack_publicize_feature_enabled":true,"jetpack_social_post_already_shared":true,"jetpack_social_options":{"image_generator_settings":{"template":"highway","default_image_id":0,"font":"","enabled":false},"version":2},"jetpack_post_was_ever_published":false},"categories":[19],"tags":[],"class_list":["post-63168","post","type-post","status-publish","format-standard","has-post-thumbnail","category-politica"],"jetpack_publicize_connections":[],"jetpack-related-posts":[],"jetpack_shortlink":"https:\/\/wp.me\/p7Eq1F-gqQ","jetpack_sharing_enabled":true,"jetpack_featured_media_url":"https:\/\/i0.wp.com\/guialimeira.com.br\/news\/wp-content\/uploads\/2026\/04\/noticia-camara-128.jpg?fit=1280%2C640&ssl=1","_links":{"self":[{"href":"https:\/\/guialimeira.com.br\/news\/wp-json\/wp\/v2\/posts\/63168","targetHints":{"allow":["GET"]}}],"collection":[{"href":"https:\/\/guialimeira.com.br\/news\/wp-json\/wp\/v2\/posts"}],"about":[{"href":"https:\/\/guialimeira.com.br\/news\/wp-json\/wp\/v2\/types\/post"}],"author":[{"embeddable":true,"href":"https:\/\/guialimeira.com.br\/news\/wp-json\/wp\/v2\/users\/4"}],"replies":[{"embeddable":true,"href":"https:\/\/guialimeira.com.br\/news\/wp-json\/wp\/v2\/comments?post=63168"}],"version-history":[{"count":0,"href":"https:\/\/guialimeira.com.br\/news\/wp-json\/wp\/v2\/posts\/63168\/revisions"}],"wp:featuredmedia":[{"embeddable":true,"href":"https:\/\/guialimeira.com.br\/news\/wp-json\/wp\/v2\/media\/63167"}],"wp:attachment":[{"href":"https:\/\/guialimeira.com.br\/news\/wp-json\/wp\/v2\/media?parent=63168"}],"wp:term":[{"taxonomy":"category","embeddable":true,"href":"https:\/\/guialimeira.com.br\/news\/wp-json\/wp\/v2\/categories?post=63168"},{"taxonomy":"post_tag","embeddable":true,"href":"https:\/\/guialimeira.com.br\/news\/wp-json\/wp\/v2\/tags?post=63168"}],"curies":[{"name":"wp","href":"https:\/\/api.w.org\/{rel}","templated":true}]}}