{"id":63166,"date":"2026-04-27T14:35:53","date_gmt":"2026-04-27T17:35:53","guid":{"rendered":"https:\/\/guialimeira.com.br\/costa-junior-questiona-prefeitura-sobre-implantacao-de-kit-inclusivo-para-alunos-neurodivergentes\/"},"modified":"2026-04-27T14:35:53","modified_gmt":"2026-04-27T17:35:53","slug":"costa-junior-questiona-prefeitura-sobre-implantacao-de-kit-inclusivo-para-alunos-neurodivergentes","status":"publish","type":"post","link":"https:\/\/guialimeira.com.br\/news\/costa-junior-questiona-prefeitura-sobre-implantacao-de-kit-inclusivo-para-alunos-neurodivergentes\/","title":{"rendered":"Costa J\u00fanior questiona Prefeitura sobre\u00a0 implanta\u00e7\u00e3o de &quot;Kit Inclusivo&quot; para alunos neurodivergentes"},"content":{"rendered":"<p>Costa J\u00fanior questiona Prefeitura sobre\u00a0 implanta\u00e7\u00e3o de &#8220;Kit Inclusivo&#8221; para alunos neurodivergentes<\/p>\n<p>O vereador Costa J\u00fanior (Podemos) protocolou na sexta-feira, 24 de abril, o Requerimento N\u00ba 354\/2026, na C\u00e2mara Municipal, solicitando informa\u00e7\u00f5es \u00e0 Prefeitura sobre a viabilidade e o planejamento para a distribui\u00e7\u00e3o de um &#8220;Kit Inclusivo&#8221; na rede municipal de ensino. Segundo Costa J\u00fanior, o objetivo \u00e9 atender alunos com Transtorno do Espectro Autista (TEA), Transtorno do Processamento Sensorial e outras neurodiverg\u00eancias.<\/p>\n<p>Conforme o documento, o kit proposto consiste em ferramentas de tecnologia assistiva, como abafadores de ru\u00eddo e itens de estimula\u00e7\u00e3o t\u00e1til, que auxiliam na auto regula\u00e7\u00e3o sensorial dos estudantes. De acordo com o parlamentar, esses materiais s\u00e3o fundamentais para reduzir crises causadas por est\u00edmulos sonoros e garantir que o aprendizado ocorra de forma plena e equitativa.<\/p>\n<p>Transpar\u00eancia e Planejamento<\/p>\n<p>No requerimento, Costa J\u00fanior questiona a Secretaria Municipal de Educa\u00e7\u00e3o sobre a exist\u00eancia de estudos t\u00e9cnicos preliminares ou termos de refer\u00eancia para a aquisi\u00e7\u00e3o desses materiais. O vereador tamb\u00e9m busca esclarecimentos se h\u00e1 um comit\u00ea multidisciplinar formado por psic\u00f3logos e terapeutas ocupacionais para selecionar os itens e a exist\u00eancia de dota\u00e7\u00e3o espec\u00edfica para a compra dos kits no exerc\u00edcio financeiro atual ou previs\u00e3o para o pr\u00f3ximo ciclo escolar.<\/p>\n<p>A justificativa do parlamentar \u00e9 de refor\u00e7ar que a educa\u00e7\u00e3o inclusiva \u00e9 um direito constitucional. Para o vereador, a implementa\u00e7\u00e3o dessa pol\u00edtica p\u00fablica oferece suporte n\u00e3o apenas aos alunos, mas tamb\u00e9m aos educadores, facilitando o manejo em sala de aula e promovendo um ambiente escolar mais harmonioso. &#8220;O &#8216;Kit Inclusivo&#8217; n\u00e3o \u00e9 apenas material escolar; \u00e9 uma ferramenta de dignidade. Queremos garantir que nenhum aluno em Limeira seja deixado para tr\u00e1s por falta de recursos adaptativos b\u00e1sicos&#8221;, afirmou.<\/p>\n<p>O requerimento segue agora para leitura em Plen\u00e1rio, e ap\u00f3s, ser\u00e1 encaminhado ao Poder Executivo, que ter\u00e1 o prazo regimental para responder aos questionamentos.<\/p>\n<p>Do Gabinete Parlamentar \u2013 Vereador Costa J\u00fanior (Podemos)<\/p>\n<p>*Foto do Gabinete Parlamentar<\/p>\n<p>As mat\u00e9rias de origem dos Gabinetes Parlamentares s\u00e3o de inteira\u00a0 responsabilidade dos parlamentares e de suas assessorias. S\u00e3o devidamente assinadas e n\u00e3o refletem, necessariamente, a opini\u00e3o institucional da C\u00e2mara Municipal de Limeira.<\/p>\n<hr>\n<p><em>Fonte: <a href=\"https:\/\/www.limeira.sp.leg.br\/noticias\/view\/2026-04-27_costa-junior-questiona-prefeitura-sobre-implantacao-de-kit-inclusivo-para-alunos-neurodivergentes\" target=\"_blank\" rel=\"noopener\">C\u00e2mara Municipal de Limeira<\/a><\/em><\/p>\n","protected":false},"excerpt":{"rendered":"<p>Costa J\u00fanior questiona Prefeitura sobre\u00a0 implanta\u00e7\u00e3o de &#8220;Kit Inclusivo&#8221; para alunos neurodivergentes<\/p>\n<p>O vereador Costa J\u00fanior (Podemos) protocolou na sexta-feira, 24 de abril, o Requerimento N\u00ba 354\/2026, na C\u00e2mara Municipal, solicitando informa\u00e7\u00f5es \u00e0 Prefeitura sobre a viabilidade e o planejamento p<\/p>\n","protected":false},"author":4,"featured_media":63165,"comment_status":"","ping_status":"open","sticky":false,"template":"","format":"standard","meta":{"_jetpack_newsletter_access":"","_jetpack_dont_email_post_to_subs":false,"_jetpack_newsletter_tier_id":0,"_jetpack_memberships_contains_paywalled_content":false,"_mbp_banners":[],"_jetpack_feature_clip_id":0,"_jetpack_memberships_contains_paid_content":false,"footnotes":"","jetpack_publicize_message":"","jetpack_publicize_feature_enabled":true,"jetpack_social_post_already_shared":true,"jetpack_social_options":{"image_generator_settings":{"template":"highway","default_image_id":0,"font":"","enabled":false},"version":2},"jetpack_post_was_ever_published":false},"categories":[19],"tags":[],"class_list":["post-63166","post","type-post","status-publish","format-standard","has-post-thumbnail","category-politica"],"jetpack_publicize_connections":[],"jetpack-related-posts":[],"jetpack_shortlink":"https:\/\/wp.me\/p7Eq1F-gqO","jetpack_sharing_enabled":true,"jetpack_featured_media_url":"https:\/\/i0.wp.com\/guialimeira.com.br\/news\/wp-content\/uploads\/2026\/04\/noticia-camara-127.jpg?fit=1280%2C640&ssl=1","_links":{"self":[{"href":"https:\/\/guialimeira.com.br\/news\/wp-json\/wp\/v2\/posts\/63166","targetHints":{"allow":["GET"]}}],"collection":[{"href":"https:\/\/guialimeira.com.br\/news\/wp-json\/wp\/v2\/posts"}],"about":[{"href":"https:\/\/guialimeira.com.br\/news\/wp-json\/wp\/v2\/types\/post"}],"author":[{"embeddable":true,"href":"https:\/\/guialimeira.com.br\/news\/wp-json\/wp\/v2\/users\/4"}],"replies":[{"embeddable":true,"href":"https:\/\/guialimeira.com.br\/news\/wp-json\/wp\/v2\/comments?post=63166"}],"version-history":[{"count":0,"href":"https:\/\/guialimeira.com.br\/news\/wp-json\/wp\/v2\/posts\/63166\/revisions"}],"wp:featuredmedia":[{"embeddable":true,"href":"https:\/\/guialimeira.com.br\/news\/wp-json\/wp\/v2\/media\/63165"}],"wp:attachment":[{"href":"https:\/\/guialimeira.com.br\/news\/wp-json\/wp\/v2\/media?parent=63166"}],"wp:term":[{"taxonomy":"category","embeddable":true,"href":"https:\/\/guialimeira.com.br\/news\/wp-json\/wp\/v2\/categories?post=63166"},{"taxonomy":"post_tag","embeddable":true,"href":"https:\/\/guialimeira.com.br\/news\/wp-json\/wp\/v2\/tags?post=63166"}],"curies":[{"name":"wp","href":"https:\/\/api.w.org\/{rel}","templated":true}]}}