{"id":6311,"date":"2024-05-24T17:42:43","date_gmt":"2024-05-24T20:42:43","guid":{"rendered":"https:\/\/guialimeira.com.br\/2024\/05\/24\/presidente-da-camara-prestigia-5o-dia-da-industria-promovido-pelo-ciesp\/"},"modified":"2024-05-24T17:42:43","modified_gmt":"2024-05-24T20:42:43","slug":"presidente-da-camara-prestigia-5o-dia-da-industria-promovido-pelo-ciesp","status":"publish","type":"post","link":"https:\/\/guialimeira.com.br\/news\/presidente-da-camara-prestigia-5o-dia-da-industria-promovido-pelo-ciesp\/","title":{"rendered":"Presidente da C\u00e2mara prestigia 5\u00ba Dia da Ind\u00fastria, promovido pelo Ciesp"},"content":{"rendered":"<p> <br \/>\n<\/p>\n<div>\n<p>O presidente da C\u00e2mara Municipal de Limeira, Everton Ferreira (PSD), prestigiou o 5\u00ba Dia da Ind\u00fastria, promovido pelo Centro das Ind\u00fastrias do Estado de S\u00e3o Paulo (Ciesp Limeira), celebrado nesta sexta-feira, 24 de maio. O evento foi realizado na sede da Fazenda Quilombo, em Limeira.<\/p>\n<p>Tamb\u00e9m estiveram presentes o prefeito Mario Botion, a vice-prefeita Erika Tank (PL), o deputado federal Miguel Lombardi (PL-SP), o diretor-presidente do Ciesp Limeira, Renato Laranjeira, o secret\u00e1rio estadual de Desenvolvimento Econ\u00f4mico, Jorge Lima, o deputado estadual Alex Madureira (PL), secret\u00e1rios municipais e outras autoridades da regi\u00e3o.<\/p>\n<p>\u201cA ind\u00fastria \u00e9 o cora\u00e7\u00e3o de uma economia desenvolvida. Tudo passa pela ind\u00fastria, desde o cafezinho, \u00e0 roupa que vestimos\u201d, avaliou o presidente do Legislativo.<\/p>\n<p><i>*Com informa\u00e7\u00f5es da Secretaria de Comunica\u00e7\u00e3o<\/i><\/p>\n<p><i>**Foto: Adilson Silveira\/Prefeitura Municipal de Limeira<\/i><\/p>\n<\/p><\/div>\n<p><br \/>\n<br \/><a href=\"https:\/\/www.limeira.sp.leg.br\/noticias\/view\/2024-05-24_presidente-da-camara-prestigia-5-dia-da-industria-promovido-pelo-ciesp\" rel=\"noopener\">Informa\u00e7\u00f5es CML<\/a><\/p>\n","protected":false},"excerpt":{"rendered":"<p>O presidente da C\u00e2mara Municipal de Limeira, Everton Ferreira (PSD), prestigiou o 5\u00ba Dia da Ind\u00fastria, promovido pelo Centro das Ind\u00fastrias do Estado de S\u00e3o Paulo (Ciesp Limeira), celebrado nesta sexta-feira, 24 de maio. O evento foi realizado na sede da Fazenda Quilombo, em Limeira. Tamb\u00e9m estiveram presentes o prefeito Mario Botion, a vice-prefeita Erika [&hellip;]<\/p>\n","protected":false},"author":1,"featured_media":0,"comment_status":"open","ping_status":"open","sticky":false,"template":"","format":"standard","meta":{"_jetpack_newsletter_access":"","_jetpack_dont_email_post_to_subs":false,"_jetpack_newsletter_tier_id":0,"_jetpack_memberships_contains_paywalled_content":false,"_mbp_banners":[],"_jetpack_feature_clip_id":0,"_jetpack_memberships_contains_paid_content":false,"footnotes":"","jetpack_publicize_message":"","jetpack_publicize_feature_enabled":true,"jetpack_social_post_already_shared":true,"jetpack_social_options":{"image_generator_settings":{"template":"highway","default_image_id":0,"font":"","enabled":false},"version":2},"jetpack_post_was_ever_published":false},"categories":[19],"tags":[],"class_list":["post-6311","post","type-post","status-publish","format-standard","category-politica"],"jetpack_publicize_connections":[],"jetpack-related-posts":[],"jetpack_shortlink":"https:\/\/wp.me\/p7Eq1F-1DN","jetpack_sharing_enabled":true,"jetpack_featured_media_url":"","_links":{"self":[{"href":"https:\/\/guialimeira.com.br\/news\/wp-json\/wp\/v2\/posts\/6311","targetHints":{"allow":["GET"]}}],"collection":[{"href":"https:\/\/guialimeira.com.br\/news\/wp-json\/wp\/v2\/posts"}],"about":[{"href":"https:\/\/guialimeira.com.br\/news\/wp-json\/wp\/v2\/types\/post"}],"author":[{"embeddable":true,"href":"https:\/\/guialimeira.com.br\/news\/wp-json\/wp\/v2\/users\/1"}],"replies":[{"embeddable":true,"href":"https:\/\/guialimeira.com.br\/news\/wp-json\/wp\/v2\/comments?post=6311"}],"version-history":[{"count":0,"href":"https:\/\/guialimeira.com.br\/news\/wp-json\/wp\/v2\/posts\/6311\/revisions"}],"wp:attachment":[{"href":"https:\/\/guialimeira.com.br\/news\/wp-json\/wp\/v2\/media?parent=6311"}],"wp:term":[{"taxonomy":"category","embeddable":true,"href":"https:\/\/guialimeira.com.br\/news\/wp-json\/wp\/v2\/categories?post=6311"},{"taxonomy":"post_tag","embeddable":true,"href":"https:\/\/guialimeira.com.br\/news\/wp-json\/wp\/v2\/tags?post=6311"}],"curies":[{"name":"wp","href":"https:\/\/api.w.org\/{rel}","templated":true}]}}