{"id":6306,"date":"2024-05-24T17:04:47","date_gmt":"2024-05-24T20:04:47","guid":{"rendered":"https:\/\/guialimeira.com.br\/2024\/05\/24\/evento-celebra-5o-dia-da-industria-em-limeira\/"},"modified":"2024-05-24T17:04:47","modified_gmt":"2024-05-24T20:04:47","slug":"evento-celebra-5o-dia-da-industria-em-limeira","status":"publish","type":"post","link":"https:\/\/guialimeira.com.br\/news\/evento-celebra-5o-dia-da-industria-em-limeira\/","title":{"rendered":"Evento celebra 5\u00ba Dia da Ind\u00fastria em Limeira"},"content":{"rendered":"<p> <br \/>\n<\/p>\n<div>\n            <main class=\"\">&#13;<br \/>\n                &#13;<br \/>\n&#13;<br \/>\n&#13;<br \/>\n&#13;<br \/>\n    <img data-recalc-dims=\"1\" decoding=\"async\" src=\"https:\/\/i0.wp.com\/ecrie.com.br\/sistema\/conteudos\/imagem\/m_137_0_4_24052024161300.jpg?w=696&#038;ssl=1\" alt=\"Evento celebra 5\u00ba Dia da Ind\u00fastria em Limeira\"\/>&#13;<br \/>\n&#13;<\/p>\n<p style=\"text-align: justify;\" align=\"justify\">O 5\u00ba Dia da Ind\u00fastria, promovido pelo Centro das Ind\u00fastrias do Estado de S\u00e3o Paulo (Ciesp Limeira), foi celebrado nesta sexta-feira (24) na sede da Fazenda Quilombo. Participaram o prefeito Mario Botion, a primeira-dama e presidente do Fundo Social, Roberta Botion, a vice-prefeita Erika Tank, o presidente da C\u00e2mara, Everton Ferreira, o deputado federal Miguel Lombardi, al\u00e9m do diretor-presidente do Ciesp Limeira, Renato Laranjeira.<\/p>\n<p>&#13;<\/p>\n<p style=\"text-align: justify;\" align=\"justify\">\u201cA ind\u00fastria faz parte da vida das pessoas e do desenvolvimento do munic\u00edpio, e est\u00e1 presente em todos os momentos da economia. A cada seis limeirenses, um tem empresa aberta na cidade, o que demonstra esse car\u00e1ter empreendedor de Limeira e faz parte da hist\u00f3ria da ind\u00fastria na cidade\u201d, destacou Botion. \u201cLimeira \u00e9 privilegiada pela infraestrutura de qualidade e uma economia forte que atrai o desenvolvimento\u201d, enfatizou Erika Tank.<\/p>\n<p>&#13;<\/p>\n<p style=\"text-align: justify;\" align=\"justify\"><span style=\"font-size: 13.33px;\">Durante o evento, o empres\u00e1rio Ant\u00f4nio Covre foi homenageado com o pr\u00eamio Ciesp pelos 55 anos da Covre Transportes e Log\u00edstica. Estiveram presentes no evento, os secret\u00e1rios municipais Tito Almirall (Desenvolvimento, Turismo e Inova\u00e7\u00e3o) e Edison Moreno Gil (Gabinete), o secret\u00e1rio estadual de Desenvolvimento Econ\u00f4mico, Jorge Lima, o deputado estadual Alex da Madureira, entre outras autoridades da regi\u00e3o.<\/span><\/p>\n<p>&#13;<br \/>\n&#13;<br \/>\n    &#13;<br \/>\n    &#13;<br \/>\n&#13;<br \/>\n&#13;<\/p>\n<aside class=\"list-related no-print\">&#13;<br \/>\n        &#13;<br \/>\n&#13;<\/p>\n<article class=\"list-item noticias \">&#13;<br \/>\n                    <a class=\"list-item__img\" href=\"https:\/\/limeira.sp.gov.br\/imprensa\/noticias\/gabinete-do-prefeito\/melhorias-em-asfalto-avancam-e-mais-vias-serao-recapeadas\" tabindex=\"-1\" aria-hidden=\"true\" rel=\"noopener\">&#13;<br \/>\n                        <img data-recalc-dims=\"1\" decoding=\"async\" src=\"https:\/\/i0.wp.com\/ecrie.com.br\/sistema\/conteudos\/imagem\/m_137_0_1_09052024171126.jpg?w=696&#038;ssl=1\" alt=\"Melhorias em asfalto avan\u00e7am e mais vias ser\u00e3o recapeadas\"\/>&#13;<br \/>\n                    <\/a>&#13;<br \/>\n&#13;<br \/>\n                &#13;<br \/>\n            <\/article>\n<p>&#13;<\/p>\n<article class=\"list-item noticias \">&#13;<br \/>\n                    <a class=\"list-item__img\" href=\"https:\/\/limeira.sp.gov.br\/imprensa\/noticias\/desenvolvimento-turismo-e-inovacao\/encontro-debate-empregabilidade-para-pessoa-com-deficiencia\" tabindex=\"-1\" aria-hidden=\"true\" rel=\"noopener\">&#13;<br \/>\n                        <img data-recalc-dims=\"1\" decoding=\"async\" src=\"https:\/\/i0.wp.com\/ecrie.com.br\/sistema\/conteudos\/imagem\/m_137_0_1_22052024164710.jpg?w=696&#038;ssl=1\" alt=\"Encontro debate empregabilidade para pessoa com defici\u00eancia\"\/>&#13;<br \/>\n                    <\/a>&#13;<br \/>\n&#13;<br \/>\n                &#13;<br \/>\n            <\/article>\n<p>&#13;<\/p>\n<article class=\"list-item noticias \">&#13;<br \/>\n                    <a class=\"list-item__img\" href=\"https:\/\/limeira.sp.gov.br\/imprensa\/noticias\/desenvolvimento-turismo-e-inovacao\/com-pipoca-e-refrigerante-limeira-recebe-cinema-itinerante\" tabindex=\"-1\" aria-hidden=\"true\" rel=\"noopener\">&#13;<br \/>\n                        <img data-recalc-dims=\"1\" decoding=\"async\" src=\"https:\/\/i0.wp.com\/ecrie.com.br\/sistema\/conteudos\/imagem\/m_137_0_1_21052024175103.jpg?w=696&#038;ssl=1\" alt=\"Com pipoca e refrigerante, Limeira recebe cinema itinerante\"\/>&#13;<br \/>\n                    <\/a>&#13;<br \/>\n&#13;<br \/>\n                &#13;<br \/>\n            <\/article>\n<p>&#13;<br \/>\n    <\/aside>\n<p>&#13;<br \/>\n&#13;<br \/>\n            <\/main><\/p><\/div>\n<p><br \/>\n<br \/><a href=\"https:\/\/limeira.sp.gov.br\/evento-celebra-5-dia-da-industria-em-limeira\" rel=\"noopener\">Informa\u00e7\u00f5es da PML <\/a><\/p>\n","protected":false},"excerpt":{"rendered":"<p>&#13; &#13; &#13; &#13; &#13; &#13; &#13; O 5\u00ba Dia da Ind\u00fastria, promovido pelo Centro das Ind\u00fastrias do Estado de S\u00e3o Paulo (Ciesp Limeira), foi celebrado nesta sexta-feira (24) na sede da Fazenda Quilombo. Participaram o prefeito Mario Botion, a primeira-dama e presidente do Fundo Social, Roberta Botion, a vice-prefeita Erika Tank, o presidente da [&hellip;]<\/p>\n","protected":false},"author":1,"featured_media":6307,"comment_status":"open","ping_status":"open","sticky":false,"template":"","format":"standard","meta":{"_jetpack_newsletter_access":"","_jetpack_dont_email_post_to_subs":false,"_jetpack_newsletter_tier_id":0,"_jetpack_memberships_contains_paywalled_content":false,"_mbp_banners":[],"_jetpack_feature_clip_id":0,"_jetpack_memberships_contains_paid_content":false,"footnotes":"","jetpack_publicize_message":"","jetpack_publicize_feature_enabled":true,"jetpack_social_post_already_shared":true,"jetpack_social_options":{"image_generator_settings":{"template":"highway","default_image_id":0,"font":"","enabled":false},"version":2},"jetpack_post_was_ever_published":false},"categories":[16],"tags":[],"class_list":["post-6306","post","type-post","status-publish","format-standard","has-post-thumbnail","category-local"],"jetpack_publicize_connections":[],"jetpack-related-posts":[],"jetpack_shortlink":"https:\/\/wp.me\/p7Eq1F-1DI","jetpack_sharing_enabled":true,"jetpack_featured_media_url":"https:\/\/i0.wp.com\/guialimeira.com.br\/news\/wp-content\/uploads\/2024\/05\/m_137_0_4_24052024161300.jpg?fit=1280%2C852&ssl=1","_links":{"self":[{"href":"https:\/\/guialimeira.com.br\/news\/wp-json\/wp\/v2\/posts\/6306","targetHints":{"allow":["GET"]}}],"collection":[{"href":"https:\/\/guialimeira.com.br\/news\/wp-json\/wp\/v2\/posts"}],"about":[{"href":"https:\/\/guialimeira.com.br\/news\/wp-json\/wp\/v2\/types\/post"}],"author":[{"embeddable":true,"href":"https:\/\/guialimeira.com.br\/news\/wp-json\/wp\/v2\/users\/1"}],"replies":[{"embeddable":true,"href":"https:\/\/guialimeira.com.br\/news\/wp-json\/wp\/v2\/comments?post=6306"}],"version-history":[{"count":0,"href":"https:\/\/guialimeira.com.br\/news\/wp-json\/wp\/v2\/posts\/6306\/revisions"}],"wp:featuredmedia":[{"embeddable":true,"href":"https:\/\/guialimeira.com.br\/news\/wp-json\/wp\/v2\/media\/6307"}],"wp:attachment":[{"href":"https:\/\/guialimeira.com.br\/news\/wp-json\/wp\/v2\/media?parent=6306"}],"wp:term":[{"taxonomy":"category","embeddable":true,"href":"https:\/\/guialimeira.com.br\/news\/wp-json\/wp\/v2\/categories?post=6306"},{"taxonomy":"post_tag","embeddable":true,"href":"https:\/\/guialimeira.com.br\/news\/wp-json\/wp\/v2\/tags?post=6306"}],"curies":[{"name":"wp","href":"https:\/\/api.w.org\/{rel}","templated":true}]}}