{"id":6298,"date":"2024-05-24T16:41:43","date_gmt":"2024-05-24T19:41:43","guid":{"rendered":"https:\/\/guialimeira.com.br\/2024\/05\/24\/juniores-terceira-sessao-ordinaria-acontece-na-camara-municipal\/"},"modified":"2024-05-24T16:41:43","modified_gmt":"2024-05-24T19:41:43","slug":"juniores-terceira-sessao-ordinaria-acontece-na-camara-municipal","status":"publish","type":"post","link":"https:\/\/guialimeira.com.br\/news\/juniores-terceira-sessao-ordinaria-acontece-na-camara-municipal\/","title":{"rendered":"Juniores: terceira sess\u00e3o ordin\u00e1ria acontece na C\u00e2mara Municipal"},"content":{"rendered":"<p> <br \/>\n<\/p>\n<div>\n<p>Nesta sexta-feira, 24 de maio, os vereadores juniores realizaram a terceira sess\u00e3o ordin\u00e1ria desta legislatura no Plen\u00e1rio Vereador Vitorio Bortolan. Durante a sess\u00e3o, foram apresentados e discutidos requerimentos, indica\u00e7\u00f5es e projetos de leis, todos aprovados. A Escola Legislativa Paulo Freire \u00e9 respons\u00e1vel pela organiza\u00e7\u00e3o e condu\u00e7\u00e3o do projeto de educa\u00e7\u00e3o pol\u00edtica na Casa. Os trabalhos foram acompanhados pelos vereadores Jos\u00e9 Farid Zaine (PL), Jorge de Freitas (PRD) e pela presidente da Comiss\u00e3o Organizadora do Parlamento Jovem, Tatiane Lopes (Avante).<\/p>\n<p>Quatro projetos de lei foram aprovados com unanimidade pelos vereadores presentes, eles tratam da preven\u00e7\u00e3o de combate \u00e0s queimadas, incentivo ao voluntariado, educa\u00e7\u00e3o financeira e sustentabilidade. Os requerimentos lidos disp\u00f5em sobre Transtorno do Espectro Autista (TEA), a obra da Unidade B\u00e1sica de Sa\u00fade (UPA) do Jardim Aeroporto, o espa\u00e7o do aeroclube e os perigos da Rua Arthur Voigh, onde fica localizada a Escola SESI.<\/p>\n<p>Todos os requerimentos e projetos de lei lidos e aprovados s\u00e3o encaminhados ao gabinete do vereador padrinho e podem se transformar em proposituras oficialmente.<\/p>\n<p><strong>Tribuna Livre<\/strong><\/p>\n<p>A professora de qu\u00edmica, Gislaine Aparecida, fez o uso da Tribuna Livre e ressaltou a import\u00e2ncia dos estudos, do voluntariado, e discorreu sobre o projeto Ci\u00eancia Cidad\u00e3. \u201cO meu pedido \u00e9 que voc\u00eas consigam fazer aqui uma casa de voluntariado com certificado. A gente sabe que ter um trabalho de voluntariado \u00e9 a din\u00e2mica de todas as empresas e precisamos tirar os jovens das telinhas do computador. O mundo n\u00e3o \u00e9 um jogo de videogame, o mundo \u00e9 gente pedindo socorro\u201d, enfatizou.<\/p>\n<p><strong>Os trabalhos<\/strong><\/p>\n<p>A plen\u00e1ria foi transmitida ao vivo pelos canais de comunica\u00e7\u00e3o do Legislativo no <a href=\"https:\/\/www.youtube.com\/user\/camaradelimeira\" rel=\"noopener\">Youtube<\/a>, <a href=\"https:\/\/www.facebook.com\/camaradelimeira\/\" rel=\"noopener\">Facebook<\/a> e <a href=\"http:\/\/www.limeira.sp.leg.br\/sessoes\/aovivo\" rel=\"noopener\">site<\/a> e est\u00e1 dispon\u00edvel no <a href=\"https:\/\/youtu.be\/bZ8r4FrCsrQ\" rel=\"noopener\">link<\/a>. A pr\u00f3xima sess\u00e3o ordin\u00e1ria dos vereadores juniores acontecer\u00e1 no dia 21 de junho, \u00e0s 14h30, no Plen\u00e1rio da C\u00e2mara Municipal.<\/p>\n<p>Para acompanhar presencialmente basta apresentar documento de identifica\u00e7\u00e3o com foto na recep\u00e7\u00e3o da C\u00e2mara, que fica na Rua Pedro Zaccaria, 70, Jardim Santa Luiza.<\/p>\n<p><strong>Projeto<\/strong><\/p>\n<p>A C\u00e2mara de Vereadores Juniores foi criada por meio da <a href=\"http:\/\/consulta.limeira.sp.leg.br\/Documentos\/Documento\/307502\" rel=\"noopener\">Resolu\u00e7\u00e3o N\u00ba 843\/2023<\/a>, de autoria da Mesa Diretora, que disp\u00f5e sobre a cria\u00e7\u00e3o do projeto &#8220;Parlamento Jovem&#8221;.\u00a0<\/p>\n<p>Fazem parte da C\u00e2mara de Vereadores Juniores 21 alunos representantes das escolas p\u00fablicas e particulares de Limeira, de 12 a 16 anos, com mandato de um ano. Eles s\u00e3o auxiliados por um vereador padrinho, que supervisiona seus trabalhos e \u00e9 respons\u00e1vel por submeter as proposituras para tramitar oficialmente no Legislativo.\u00a0<\/p>\n<p>As sess\u00f5es ordin\u00e1rias dos vereadores juniores acontecem bimestralmente e seguem os mesmos ritos das sess\u00f5es realizadas pelos parlamentares do Legislativo. Nessas sess\u00f5es, os juniores podem apresentar propostas que visem a melhoria da qualidade de vida da sociedade limeirense, relativas \u00e0 educa\u00e7\u00e3o, sa\u00fade, cultura, esporte, lazer e meio ambiente, por exemplo. As mat\u00e9rias apresentadas pelos juniores nas sess\u00f5es s\u00e3o lidas, discutidas e votadas.<\/p>\n<\/p><\/div>\n<p><br \/>\n<br \/><a href=\"https:\/\/www.limeira.sp.leg.br\/noticias\/view\/2024-05-24_juniores-terceira-sessao-ordinaria-acontece-na-camara-municipal\" rel=\"noopener\">Informa\u00e7\u00f5es CML<\/a><\/p>\n","protected":false},"excerpt":{"rendered":"<p>Nesta sexta-feira, 24 de maio, os vereadores juniores realizaram a terceira sess\u00e3o ordin\u00e1ria desta legislatura no Plen\u00e1rio Vereador Vitorio Bortolan. Durante a sess\u00e3o, foram apresentados e discutidos requerimentos, indica\u00e7\u00f5es e projetos de leis, todos aprovados. A Escola Legislativa Paulo Freire \u00e9 respons\u00e1vel pela organiza\u00e7\u00e3o e condu\u00e7\u00e3o do projeto de educa\u00e7\u00e3o pol\u00edtica na Casa. Os trabalhos [&hellip;]<\/p>\n","protected":false},"author":1,"featured_media":0,"comment_status":"open","ping_status":"open","sticky":false,"template":"","format":"standard","meta":{"_jetpack_newsletter_access":"","_jetpack_dont_email_post_to_subs":false,"_jetpack_newsletter_tier_id":0,"_jetpack_memberships_contains_paywalled_content":false,"_mbp_banners":[],"_jetpack_feature_clip_id":0,"_jetpack_memberships_contains_paid_content":false,"footnotes":"","jetpack_publicize_message":"","jetpack_publicize_feature_enabled":true,"jetpack_social_post_already_shared":true,"jetpack_social_options":{"image_generator_settings":{"template":"highway","default_image_id":0,"font":"","enabled":false},"version":2},"jetpack_post_was_ever_published":false},"categories":[19],"tags":[],"class_list":["post-6298","post","type-post","status-publish","format-standard","category-politica"],"jetpack_publicize_connections":[],"jetpack-related-posts":[],"jetpack_shortlink":"https:\/\/wp.me\/p7Eq1F-1DA","jetpack_sharing_enabled":true,"jetpack_featured_media_url":"","_links":{"self":[{"href":"https:\/\/guialimeira.com.br\/news\/wp-json\/wp\/v2\/posts\/6298","targetHints":{"allow":["GET"]}}],"collection":[{"href":"https:\/\/guialimeira.com.br\/news\/wp-json\/wp\/v2\/posts"}],"about":[{"href":"https:\/\/guialimeira.com.br\/news\/wp-json\/wp\/v2\/types\/post"}],"author":[{"embeddable":true,"href":"https:\/\/guialimeira.com.br\/news\/wp-json\/wp\/v2\/users\/1"}],"replies":[{"embeddable":true,"href":"https:\/\/guialimeira.com.br\/news\/wp-json\/wp\/v2\/comments?post=6298"}],"version-history":[{"count":0,"href":"https:\/\/guialimeira.com.br\/news\/wp-json\/wp\/v2\/posts\/6298\/revisions"}],"wp:attachment":[{"href":"https:\/\/guialimeira.com.br\/news\/wp-json\/wp\/v2\/media?parent=6298"}],"wp:term":[{"taxonomy":"category","embeddable":true,"href":"https:\/\/guialimeira.com.br\/news\/wp-json\/wp\/v2\/categories?post=6298"},{"taxonomy":"post_tag","embeddable":true,"href":"https:\/\/guialimeira.com.br\/news\/wp-json\/wp\/v2\/tags?post=6298"}],"curies":[{"name":"wp","href":"https:\/\/api.w.org\/{rel}","templated":true}]}}