{"id":6286,"date":"2024-05-24T14:52:47","date_gmt":"2024-05-24T17:52:47","guid":{"rendered":"https:\/\/guialimeira.com.br\/2024\/05\/24\/governo-de-sp-desativa-secretaria-de-negocios-internacionais-e-transfere-atividades\/"},"modified":"2024-05-24T14:52:47","modified_gmt":"2024-05-24T17:52:47","slug":"governo-de-sp-desativa-secretaria-de-negocios-internacionais-e-transfere-atividades","status":"publish","type":"post","link":"https:\/\/guialimeira.com.br\/news\/governo-de-sp-desativa-secretaria-de-negocios-internacionais-e-transfere-atividades\/","title":{"rendered":"Governo de SP desativa Secretaria de Neg\u00f3cios Internacionais e transfere atividades"},"content":{"rendered":"<p> <br \/>\n<\/p>\n<div id=\"\">&#13;<br \/>\n                                <!-- Title -->&#13;<br \/>\n                                &#13;<br \/>\n&#13;<br \/>\n                                <!-- Excerpt -->&#13;<\/p>\n<p class=\"excerpt\">\u00c9 a primeira a\u00e7\u00e3o ap\u00f3s a publica\u00e7\u00e3o do plano S\u00e3o Paulo na Dire\u00e7\u00e3o Certa, que prev\u00ea redu\u00e7\u00e3o e maior efici\u00eancia do gasto p\u00fablico<\/p>\n<p>&#13;<br \/>\n&#13;<br \/>\n                                &#13;\n                            <\/p><\/div>\n<div id=\"\">&#13;<\/p>\n<p>O Governo de SP est\u00e1 desativando a partir desta sexta-feira (24) a Secretaria de Neg\u00f3cios Internacionais. A reestrutura\u00e7\u00e3o \u00e9 a primeira a\u00e7\u00e3o tomada ap\u00f3s a publica\u00e7\u00e3o do <a href=\"https:\/\/www.saopaulo.sp.gov.br\/spnoticias\/ultimas-noticias\/sp-na-direcao-certa-governo-define-diretrizes-para-ampliar-investimentos-e-eficiencia\/\" rel=\"noopener\">Plano S\u00e3o Paulo na Dire\u00e7\u00e3o Certa<\/a>, ocorrida na quinta-feira (23), que prev\u00ea medidas para moderniza\u00e7\u00e3o da administra\u00e7\u00e3o, otimiza\u00e7\u00e3o e maior efici\u00eancia do gasto p\u00fablico e melhoria do ambiente de neg\u00f3cios em S\u00e3o Paulo.<\/p>\n<p>As atribui\u00e7\u00f5es da antiga secretaria passam a ser desempenhadas pela Casa Civil e Secretaria de Desenvolvimento Econ\u00f4mico. Nos pr\u00f3ximos 30 dias, a Casa Civil editar\u00e1 resolu\u00e7\u00e3o identificando os cargos e fun\u00e7\u00f5es-atividades que ser\u00e3o transferidos e os que ser\u00e3o extintos, com indica\u00e7\u00e3o de seus ocupantes ou motivo de vac\u00e2ncia.<\/p>\n<p>A partir desta sexta-feira (24), passam a ser responsabilidade da Casa Civil a formula\u00e7\u00e3o e o desenvolvimento das pol\u00edticas e a\u00e7\u00f5es de cunho internacional do Governo, abrangendo planejamento, articula\u00e7\u00e3o e coordena\u00e7\u00e3o de a\u00e7\u00f5es para o estabelecimento de coopera\u00e7\u00e3o com governos nacionais, subnacionais e entidades internacionais; a formula\u00e7\u00e3o de diretrizes e a\u00e7\u00f5es para a negocia\u00e7\u00e3o de programas e projetos do setor p\u00fablico estadual, vinculados a fontes externas; e a realiza\u00e7\u00e3o de estudos e pesquisas.<\/p>\n<p>A Secretaria de Desenvolvimento Econ\u00f4mico ficar\u00e1 respons\u00e1vel pelo fomento do com\u00e9rcio exterior no \u00e2mbito do Estado, o desenvolvimento de atividades e a organiza\u00e7\u00e3o de eventos para atrair investimentos estrangeiros.<\/p>\n<p>Essa reestrutura\u00e7\u00e3o est\u00e1 detalhada em decreto publicado no Di\u00e1rio Oficial desta sexta-feira. Na quinta-feira, j\u00e1 havia sido publicada a exonera\u00e7\u00e3o de Lucas Ferraz, at\u00e9 ent\u00e3o titular de Neg\u00f3cios Internacionais, que saiu do cargo a pedido.<\/p>\n<\/p><\/div>\n<p><br \/>\n<br \/><a href=\"https:\/\/www.saopaulo.sp.gov.br\/spnoticias\/ultimas-noticias\/governo-de-sp-desativa-secretaria-de-negocios-internacionais-e-transfere-atividades\/\" rel=\"noopener\">Informa\u00e7\u00f5es GOV.SP<\/a><\/p>\n","protected":false},"excerpt":{"rendered":"<p>&#13; &#13; &#13; &#13; &#13; \u00c9 a primeira a\u00e7\u00e3o ap\u00f3s a publica\u00e7\u00e3o do plano S\u00e3o Paulo na Dire\u00e7\u00e3o Certa, que prev\u00ea redu\u00e7\u00e3o e maior efici\u00eancia do gasto p\u00fablico &#13; &#13; &#13; &#13; O Governo de SP est\u00e1 desativando a partir desta sexta-feira (24) a Secretaria de Neg\u00f3cios Internacionais. A reestrutura\u00e7\u00e3o \u00e9 a primeira a\u00e7\u00e3o tomada [&hellip;]<\/p>\n","protected":false},"author":1,"featured_media":238,"comment_status":"open","ping_status":"open","sticky":false,"template":"","format":"standard","meta":{"_jetpack_newsletter_access":"","_jetpack_dont_email_post_to_subs":false,"_jetpack_newsletter_tier_id":0,"_jetpack_memberships_contains_paywalled_content":false,"_mbp_banners":[],"_jetpack_feature_clip_id":0,"_jetpack_memberships_contains_paid_content":false,"footnotes":"","jetpack_publicize_message":"","jetpack_publicize_feature_enabled":true,"jetpack_social_post_already_shared":true,"jetpack_social_options":{"image_generator_settings":{"template":"highway","default_image_id":0,"font":"","enabled":false},"version":2},"jetpack_post_was_ever_published":false},"categories":[21],"tags":[],"class_list":["post-6286","post","type-post","status-publish","format-standard","has-post-thumbnail","category-sp-news"],"jetpack_publicize_connections":[],"jetpack-related-posts":[],"jetpack_shortlink":"https:\/\/wp.me\/p7Eq1F-1Do","jetpack_sharing_enabled":true,"jetpack_featured_media_url":"https:\/\/i0.wp.com\/guialimeira.com.br\/news\/wp-content\/uploads\/2024\/03\/cover.png?fit=650%2C650&ssl=1","_links":{"self":[{"href":"https:\/\/guialimeira.com.br\/news\/wp-json\/wp\/v2\/posts\/6286","targetHints":{"allow":["GET"]}}],"collection":[{"href":"https:\/\/guialimeira.com.br\/news\/wp-json\/wp\/v2\/posts"}],"about":[{"href":"https:\/\/guialimeira.com.br\/news\/wp-json\/wp\/v2\/types\/post"}],"author":[{"embeddable":true,"href":"https:\/\/guialimeira.com.br\/news\/wp-json\/wp\/v2\/users\/1"}],"replies":[{"embeddable":true,"href":"https:\/\/guialimeira.com.br\/news\/wp-json\/wp\/v2\/comments?post=6286"}],"version-history":[{"count":0,"href":"https:\/\/guialimeira.com.br\/news\/wp-json\/wp\/v2\/posts\/6286\/revisions"}],"wp:featuredmedia":[{"embeddable":true,"href":"https:\/\/guialimeira.com.br\/news\/wp-json\/wp\/v2\/media\/238"}],"wp:attachment":[{"href":"https:\/\/guialimeira.com.br\/news\/wp-json\/wp\/v2\/media?parent=6286"}],"wp:term":[{"taxonomy":"category","embeddable":true,"href":"https:\/\/guialimeira.com.br\/news\/wp-json\/wp\/v2\/categories?post=6286"},{"taxonomy":"post_tag","embeddable":true,"href":"https:\/\/guialimeira.com.br\/news\/wp-json\/wp\/v2\/tags?post=6286"}],"curies":[{"name":"wp","href":"https:\/\/api.w.org\/{rel}","templated":true}]}}