{"id":6284,"date":"2024-05-24T14:49:42","date_gmt":"2024-05-24T17:49:42","guid":{"rendered":"https:\/\/guialimeira.com.br\/2024\/05\/24\/pessoas-fisicas-doam-r-35-mi-do-ir-para-fundos-do-rio-grande-do-sul\/"},"modified":"2024-05-24T14:49:42","modified_gmt":"2024-05-24T17:49:42","slug":"pessoas-fisicas-doam-r-35-mi-do-ir-para-fundos-do-rio-grande-do-sul","status":"publish","type":"post","link":"https:\/\/guialimeira.com.br\/news\/pessoas-fisicas-doam-r-35-mi-do-ir-para-fundos-do-rio-grande-do-sul\/","title":{"rendered":"Pessoas f\u00edsicas doam R$ 35 mi do IR para fundos do Rio Grande do Sul"},"content":{"rendered":"<p> <br \/>\n<\/p>\n<div>\n<p>Pessoas f\u00edsicas de todo o pa\u00eds destinaram\u00a0R$ 35 milh\u00f5es do Imposto de Renda deste ano a fundos para prote\u00e7\u00e3o de crian\u00e7as e idosos no Rio Grande do Sul, estado que desde o fim de abril enfrenta a maior <a href=\"https:\/\/agenciabrasil.ebc.com.br\/geral\/noticia\/2024-05\/entenda-por-que-catastrofe-no-rs-e-um-evento-climatico-extremo\" target=\"_blank\" rel=\"noopener\">trag\u00e9dia clim\u00e1tica<\/a> de sua hist\u00f3ria.\u00a0<img data-recalc-dims=\"1\" decoding=\"async\" src=\"https:\/\/i0.wp.com\/agenciabrasil.ebc.com.br\/ebc.png?w=696&#038;ssl=1\" style=\"width:1px; height:1px; display:inline;\"\/><img data-recalc-dims=\"1\" decoding=\"async\" src=\"https:\/\/i0.wp.com\/agenciabrasil.ebc.com.br\/ebc.gif?w=696&#038;ssl=1\" style=\"width:1px; height:1px; display:inline;\"\/><\/p>\n<p>Com essa quantia, o estado ga\u00facho se tornou o maior benefici\u00e1rio desse tipo de direcionamento do Imposto de Renda, seguido por S\u00e3o Paulo (R$ 33 milh\u00f5es at\u00e9 o momento) e Paran\u00e1 (R$ 18 milh\u00f5es). Os n\u00fameros foram obtidos junto \u00e0 Receita Federal pelo Conselho Nacional de Justi\u00e7a (CNJ),\u00a0respons\u00e1vel por gerir o Pacto Nacional da Primeira Inf\u00e2ncia.\u00a0<\/p>\n<p>At\u00e9 o momento, as fortes chuvas e suas consequ\u00eancias, como enchentes e enxurradas, deixaram\u00a0<a href=\"https:\/\/agenciabrasil.ebc.com.br\/geral\/noticia\/2024-05\/chuvas-ja-mataram-163-pessoas-no-rio-grande-do-sul\" target=\"_blank\" rel=\"noopener\">163 mortos<\/a>\u00a0e meio milh\u00e3o de pessoas foram obrigadas a deixar suas casas e cerca 70 mil ainda est\u00e3o em abrigos improvisados. Mais de <a href=\"https:\/\/agenciabrasil.ebc.com.br\/politica\/noticia\/2024-05\/das-441-cidades-em-calamidade-no-rs-so-69-pediram-recursos-federais\" target=\"_blank\" rel=\"noopener\">440 munic\u00edpios<\/a> foram afetados pela cheia sem precedentes de rios e c\u00f3rregos.\u00a0<\/p>\n<p>A situa\u00e7\u00e3o no estado ga\u00facho vem mobilizando <a href=\"https:\/\/agenciabrasil.ebc.com.br\/geral\/noticia\/2024-05\/correios-arrecadam-mais-de-15-mil-toneladas-de-donativos-aos-gauchos\" target=\"_blank\" rel=\"noopener\">doa\u00e7\u00f5es de todas as partes do pa\u00eds<\/a>, seja em itens ou dinheiro. Uma das maneiras de garantir recursos para o estado \u00e9 por meio da Declara\u00e7\u00e3o Anual do Imposto de Renda de Pessoa F\u00edsica (IRPF).\u00a0<\/p>\n<h2>Como doar<\/h2>\n<p>Pela legisla\u00e7\u00e3o, o contribuinte pode destinar at\u00e9 6% do imposto devido para fundos estaduais e municipais vinculados ao Estatuto da Crian\u00e7a e do Adolescente e ao Estatuto do Idoso.\u00a0<\/p>\n<p>Ao preencher a declara\u00e7\u00e3o, o contribuinte pode identificar o estado e at\u00e9 a cidade onde os fundos atuam. A op\u00e7\u00e3o por destinar os recursos p\u00fablicos a projetos sociais s\u00f3 est\u00e1 dispon\u00edvel para quem preenche a declara\u00e7\u00e3o completa.\u00a0<\/p>\n<p>O prazo final para entrega do IRPF deste ano se encerra em 31 de maio. Foram entregues at\u00e9 o momento mais de 30 milh\u00f5es das 43 milh\u00f5es de declara\u00e7\u00f5es esperadas pela Receita Federal.\u00a0 Ainda assim, mesmo quem j\u00e1 entregou a declara\u00e7\u00e3o pode fazer uma vers\u00e3o retificadora com as destina\u00e7\u00f5es, at\u00e9 o fim do prazo.\u00a0<\/p>\n<p>No ano passado, mais de 4.712 Fundos dos Direitos da Crian\u00e7a e do Adolescente (FDCA) e Fundos dos Direitos da Pessoa Idosa (FDPI), de munic\u00edpios e estados, receberam mais de R$ 282 milh\u00f5es em\u00a0destina\u00e7\u00f5es do Imposto de Renda de Pessoa F\u00edsica, uma das formas mais diretas e efetivas de o contribuinte direcionar recursos do or\u00e7amento p\u00fablico federal.\u00a0 Os n\u00fameros consolidados costumam ser divulgados em setembro.\u00a0<\/p>\n<p>&gt;&gt;&gt; <a href=\"https:\/\/agenciabrasil.ebc.com.br\/economia\/noticia\/2024-05\/saiba-como-doar-parte-do-imposto-de-renda-para-ajudar-vitimas-da-cheia\" target=\"_blank\" rel=\"noopener\">Saiba aqui como destinar parte do Imposto de Renda para ajudar as v\u00edtimas do desastre clim\u00e1tico no Rio Grande do Sul<\/a>&lt;&lt;&lt;<\/p>\n<\/p><\/div>\n<p><br \/>\n<br \/><a href=\"https:\/\/agenciabrasil.ebc.com.br\/economia\/noticia\/2024-05\/pessoas-fisicas-doam-r-35-mi-do-ir-para-fundos-do-rio-grande-do-sul\" rel=\"noopener\">Ag\u00eancia Brasil<\/a><\/p>\n","protected":false},"excerpt":{"rendered":"<p>Pessoas f\u00edsicas de todo o pa\u00eds destinaram\u00a0R$ 35 milh\u00f5es do Imposto de Renda deste ano a fundos para prote\u00e7\u00e3o de crian\u00e7as e idosos no Rio Grande do Sul, estado que desde o fim de abril enfrenta a maior trag\u00e9dia clim\u00e1tica de sua hist\u00f3ria.\u00a0 Com essa quantia, o estado ga\u00facho se tornou o maior benefici\u00e1rio desse [&hellip;]<\/p>\n","protected":false},"author":1,"featured_media":6285,"comment_status":"open","ping_status":"open","sticky":false,"template":"","format":"standard","meta":{"_jetpack_newsletter_access":"","_jetpack_dont_email_post_to_subs":false,"_jetpack_newsletter_tier_id":0,"_jetpack_memberships_contains_paywalled_content":false,"_mbp_banners":[],"_jetpack_feature_clip_id":0,"_jetpack_memberships_contains_paid_content":false,"footnotes":"","jetpack_publicize_message":"","jetpack_publicize_feature_enabled":true,"jetpack_social_post_already_shared":true,"jetpack_social_options":{"image_generator_settings":{"template":"highway","default_image_id":0,"font":"","enabled":false},"version":2},"jetpack_post_was_ever_published":false},"categories":[24],"tags":[],"class_list":["post-6284","post","type-post","status-publish","format-standard","has-post-thumbnail","category-economia"],"jetpack_publicize_connections":[],"jetpack-related-posts":[],"jetpack_shortlink":"https:\/\/wp.me\/p7Eq1F-1Dm","jetpack_sharing_enabled":true,"jetpack_featured_media_url":"https:\/\/i0.wp.com\/guialimeira.com.br\/news\/wp-content\/uploads\/2024\/05\/c6fa968d-317b-4b12-9009-e231feda9fcd.jpeg?fit=1600%2C800&ssl=1","_links":{"self":[{"href":"https:\/\/guialimeira.com.br\/news\/wp-json\/wp\/v2\/posts\/6284","targetHints":{"allow":["GET"]}}],"collection":[{"href":"https:\/\/guialimeira.com.br\/news\/wp-json\/wp\/v2\/posts"}],"about":[{"href":"https:\/\/guialimeira.com.br\/news\/wp-json\/wp\/v2\/types\/post"}],"author":[{"embeddable":true,"href":"https:\/\/guialimeira.com.br\/news\/wp-json\/wp\/v2\/users\/1"}],"replies":[{"embeddable":true,"href":"https:\/\/guialimeira.com.br\/news\/wp-json\/wp\/v2\/comments?post=6284"}],"version-history":[{"count":0,"href":"https:\/\/guialimeira.com.br\/news\/wp-json\/wp\/v2\/posts\/6284\/revisions"}],"wp:featuredmedia":[{"embeddable":true,"href":"https:\/\/guialimeira.com.br\/news\/wp-json\/wp\/v2\/media\/6285"}],"wp:attachment":[{"href":"https:\/\/guialimeira.com.br\/news\/wp-json\/wp\/v2\/media?parent=6284"}],"wp:term":[{"taxonomy":"category","embeddable":true,"href":"https:\/\/guialimeira.com.br\/news\/wp-json\/wp\/v2\/categories?post=6284"},{"taxonomy":"post_tag","embeddable":true,"href":"https:\/\/guialimeira.com.br\/news\/wp-json\/wp\/v2\/tags?post=6284"}],"curies":[{"name":"wp","href":"https:\/\/api.w.org\/{rel}","templated":true}]}}