{"id":62794,"date":"2026-04-24T16:10:53","date_gmt":"2026-04-24T19:10:53","guid":{"rendered":"https:\/\/guialimeira.com.br\/tatiane-lopes-visita-clinica-veterinaria-municipal-para-ouvir-populacao\/"},"modified":"2026-04-24T16:10:53","modified_gmt":"2026-04-24T19:10:53","slug":"tatiane-lopes-visita-clinica-veterinaria-municipal-para-ouvir-populacao","status":"publish","type":"post","link":"https:\/\/guialimeira.com.br\/news\/tatiane-lopes-visita-clinica-veterinaria-municipal-para-ouvir-populacao\/","title":{"rendered":"Tatiane Lopes visita cl\u00ednica veterin\u00e1ria municipal para ouvir popula\u00e7\u00e3o"},"content":{"rendered":"<p>Tatiane Lopes visita cl\u00ednica veterin\u00e1ria municipal para ouvir popula\u00e7\u00e3o<\/p>\n<p>Na tarde desta sexta-feira, 24 de abril, a vereadora Tatiane Lopes (Avante) visitou a cl\u00ednica veterin\u00e1ria municipal, ap\u00f3s receber reclama\u00e7\u00f5es de mun\u00edcipes quanto \u00e0s condi\u00e7\u00f5es de atendimento no local. Durante a vistoria, foram constatadas falhas estruturais como aus\u00eancia de bebedouro e falta de equipamentos de climatiza\u00e7\u00e3o, como ventiladores ou ar-condicionado, situa\u00e7\u00e3o que compromete o m\u00ednimo de conforto e dignidade aos usu\u00e1rios e aos animais atendidos, segundo a parlamentar.<\/p>\n<p>\u201cAl\u00e9m disso, mesmo os veterin\u00e1rios sendo bons profissionais, os atendimentos est\u00e3o atualmente limitados \u00e0 cl\u00ednica geral, restringindo o acesso da popula\u00e7\u00e3o a procedimentos e servi\u00e7os veterin\u00e1rios essenciais, como cirurgias ou at\u00e9 uma obstru\u00e7\u00e3o urin\u00e1ria que necessite a passagem de sonda por exemplo, pois n\u00e3o h\u00e1 equipamentos, e o tempo para um procedimento como esse compromete outros atendimentos, o que agrava ainda mais a demanda reprimida no munic\u00edpio\u201d, explicou a parlamentar.<\/p>\n<p>De acordo com Tatiane, atualmente um m\u00e9dico veterin\u00e1rio faz o atendimento por per\u00edodo, sendo dois no total, al\u00e9m de dois estagi\u00e1rios e um veterin\u00e1rio que est\u00e1 como diretor de Sa\u00fade Animal.<\/p>\n<p>A vereadora destacou que, diante dos fatos e limita\u00e7\u00f5es identificadas, as demandas foram encaminhadas aos setores respons\u00e1veis, com a devida cobran\u00e7a de provid\u00eancias urgentes para a adequa\u00e7\u00e3o da estrutura e amplia\u00e7\u00e3o dos servi\u00e7os oferecidos. \u201cOs animais e a popula\u00e7\u00e3o n\u00e3o podem continuar sendo prejudicados por condi\u00e7\u00f5es inadequadas em um servi\u00e7o p\u00fablico essencial\u201d, declarou.<\/p>\n<p>A parlamentar frisou que tem cobrado agilidade no chamamento p\u00fablico, processo que deve contratar uma empresa veterin\u00e1ria para assumir a gest\u00e3o do espa\u00e7o para que a cl\u00ednica seja devidamente aberta e os servi\u00e7os prestados.<\/p>\n<p>Do Gabinete Parlamentar \u2013 Vereadora Tatiane Lopes (Avante)<\/p>\n<p>*Fotos do Gabinete parlamentar<\/p>\n<p>As mat\u00e9rias de origem dos Gabinetes Parlamentares s\u00e3o de inteira\u00a0 responsabilidade dos parlamentares e de suas assessorias. S\u00e3o devidamente assinadas e n\u00e3o refletem, necessariamente, a opini\u00e3o institucional da C\u00e2mara Municipal de Limeira.<\/p>\n<hr>\n<p><em>Fonte: <a href=\"https:\/\/www.limeira.sp.leg.br\/noticias\/view\/2026-04-24_tatiane-lopes-visita-clinica-veterinaria-municipal-para-ouvir-populacao\" target=\"_blank\" rel=\"noopener\">C\u00e2mara Municipal de Limeira<\/a><\/em><\/p>\n","protected":false},"excerpt":{"rendered":"<p>Tatiane Lopes visita cl\u00ednica veterin\u00e1ria municipal para ouvir popula\u00e7\u00e3o<\/p>\n<p>Na tarde desta sexta-feira, 24 de abril, a vereadora Tatiane Lopes (Avante) visitou a cl\u00ednica veterin\u00e1ria municipal, ap\u00f3s receber reclama\u00e7\u00f5es de mun\u00edcipes quanto \u00e0s condi\u00e7\u00f5es de atendimento no local. Durante a vistoria, foram c<\/p>\n","protected":false},"author":4,"featured_media":62793,"comment_status":"","ping_status":"open","sticky":false,"template":"","format":"standard","meta":{"_jetpack_newsletter_access":"","_jetpack_dont_email_post_to_subs":false,"_jetpack_newsletter_tier_id":0,"_jetpack_memberships_contains_paywalled_content":false,"_mbp_banners":[],"_jetpack_feature_clip_id":0,"_jetpack_memberships_contains_paid_content":false,"footnotes":"","jetpack_publicize_message":"","jetpack_publicize_feature_enabled":true,"jetpack_social_post_already_shared":true,"jetpack_social_options":{"image_generator_settings":{"template":"highway","default_image_id":0,"font":"","enabled":false},"version":2},"jetpack_post_was_ever_published":false},"categories":[19],"tags":[],"class_list":["post-62794","post","type-post","status-publish","format-standard","has-post-thumbnail","category-politica"],"jetpack_publicize_connections":[],"jetpack-related-posts":[],"jetpack_shortlink":"https:\/\/wp.me\/p7Eq1F-gkO","jetpack_sharing_enabled":true,"jetpack_featured_media_url":"https:\/\/i0.wp.com\/guialimeira.com.br\/news\/wp-content\/uploads\/2026\/04\/noticia-camara-126.jpg?fit=1280%2C640&ssl=1","_links":{"self":[{"href":"https:\/\/guialimeira.com.br\/news\/wp-json\/wp\/v2\/posts\/62794","targetHints":{"allow":["GET"]}}],"collection":[{"href":"https:\/\/guialimeira.com.br\/news\/wp-json\/wp\/v2\/posts"}],"about":[{"href":"https:\/\/guialimeira.com.br\/news\/wp-json\/wp\/v2\/types\/post"}],"author":[{"embeddable":true,"href":"https:\/\/guialimeira.com.br\/news\/wp-json\/wp\/v2\/users\/4"}],"replies":[{"embeddable":true,"href":"https:\/\/guialimeira.com.br\/news\/wp-json\/wp\/v2\/comments?post=62794"}],"version-history":[{"count":0,"href":"https:\/\/guialimeira.com.br\/news\/wp-json\/wp\/v2\/posts\/62794\/revisions"}],"wp:featuredmedia":[{"embeddable":true,"href":"https:\/\/guialimeira.com.br\/news\/wp-json\/wp\/v2\/media\/62793"}],"wp:attachment":[{"href":"https:\/\/guialimeira.com.br\/news\/wp-json\/wp\/v2\/media?parent=62794"}],"wp:term":[{"taxonomy":"category","embeddable":true,"href":"https:\/\/guialimeira.com.br\/news\/wp-json\/wp\/v2\/categories?post=62794"},{"taxonomy":"post_tag","embeddable":true,"href":"https:\/\/guialimeira.com.br\/news\/wp-json\/wp\/v2\/tags?post=62794"}],"curies":[{"name":"wp","href":"https:\/\/api.w.org\/{rel}","templated":true}]}}