{"id":62777,"date":"2026-04-24T15:00:55","date_gmt":"2026-04-24T18:00:55","guid":{"rendered":"https:\/\/guialimeira.com.br\/mariana-calsa-encaminha-oficio-a-cetesb-e-solicita-informacoes-sobre-a-qualidade-da-agua-do-rio-jaguari\/"},"modified":"2026-04-24T15:00:55","modified_gmt":"2026-04-24T18:00:55","slug":"mariana-calsa-encaminha-oficio-a-cetesb-e-solicita-informacoes-sobre-a-qualidade-da-agua-do-rio-jaguari","status":"publish","type":"post","link":"https:\/\/guialimeira.com.br\/news\/mariana-calsa-encaminha-oficio-a-cetesb-e-solicita-informacoes-sobre-a-qualidade-da-agua-do-rio-jaguari\/","title":{"rendered":"Mariana Calsa encaminha of\u00edcio \u00e0 Cetesb e solicita informa\u00e7\u00f5es sobre a qualidade da \u00e1gua do Rio Jaguari"},"content":{"rendered":"<p>Mariana Calsa encaminha of\u00edcio \u00e0 Cetesb e solicita informa\u00e7\u00f5es sobre a qualidade da \u00e1gua do Rio Jaguari<\/p>\n<p>A vereadora Mariana Calsa (PSB) encaminhou um of\u00edcio nesta sexta-feira, 24 de abril, \u00e0 Companhia Ambiental do Estado de S\u00e3o Paulo (Cetesb) solicitando esclarecimentos urgentes sobre a qualidade da \u00e1gua do Rio Jaguari. A parlamentar tamb\u00e9m enviou questionamentos \u00e0 BRK Ambiental e \u00e0 Vigil\u00e2ncia Sanit\u00e1ria de Limeira.<\/p>\n<p>Segundo a vereadora, o pedido de esclarecimentos ocorre em raz\u00e3o de in\u00fameros relatos da popula\u00e7\u00e3o sobre altera\u00e7\u00f5es na \u00e1gua, como odor e sabor. \u201cIsso tem gerado inseguran\u00e7a quanto \u00e0 qualidade e poss\u00edvel impacto na sa\u00fade das pessoas. Essa percep\u00e7\u00e3o n\u00e3o \u00e9 s\u00f3 em Limeira, mas em outras cidades da regi\u00e3o\u201d, destacou.<\/p>\n<p>Mariana Calsa relatou que nos \u00faltimos dias as manifesta\u00e7\u00f5es se intensificaram e houve repercuss\u00e3o na imprensa regional, o que evidencia a necessidade de respostas t\u00e9cnicas claras, r\u00e1pidas e transparentes por parte dos \u00f3rg\u00e3os ambientais.<\/p>\n<p>Entre os questionamentos da vereadora a esses \u00f3rg\u00e3os, foi pedido esclarecimentos sobre eventuais ocorr\u00eancias de lan\u00e7amento de efluentes, acidentes ambientais ou outros fatores para justificar as altera\u00e7\u00f5es percebidas pela popula\u00e7\u00e3o. Al\u00e9m disso, foram solicitados dados sobre monitoramentos feitos pela Cetesb, medidas adotadas ou em andamento para apura\u00e7\u00e3o da atual situa\u00e7\u00e3o e orienta\u00e7\u00f5es oficiais para serem compartilhadas com a popula\u00e7\u00e3o, contribuindo para a transpar\u00eancia e confian\u00e7a p\u00fablica.<\/p>\n<p>A parlamentar ressaltou que o tema envolve a sa\u00fade p\u00fablica e exige aten\u00e7\u00e3o priorit\u00e1ria e comunica\u00e7\u00e3o clara. \u201cDiante do volume de manifesta\u00e7\u00f5es recebidas, solicitei retorno urgente, para prestarmos os devidos esclarecimentos \u00e0 popula\u00e7\u00e3o de Limeira\u201d, afirmou.<\/p>\n<p>Do Gabinete Parlamentar \u2013 Vereadora Mariana Calsa (PSB)<\/p>\n<p>*Fotos do Gabinete parlamentar<\/p>\n<p>As mat\u00e9rias de origem dos Gabinetes Parlamentares s\u00e3o de inteira\u00a0 responsabilidade dos parlamentares e de suas assessorias. S\u00e3o devidamente assinadas e n\u00e3o refletem, necessariamente, a opini\u00e3o institucional da C\u00e2mara Municipal de Limeira.<\/p>\n<hr>\n<p><em>Fonte: <a href=\"https:\/\/www.limeira.sp.leg.br\/noticias\/view\/2026-04-24_mariana-calsa-encaminha-oficio-a-cetesb-e-solicita-informacoes-sobre-a-qualidade-da-agua-do-rio-jaguari\" target=\"_blank\" rel=\"noopener\">C\u00e2mara Municipal de Limeira<\/a><\/em><\/p>\n","protected":false},"excerpt":{"rendered":"<p>Mariana Calsa encaminha of\u00edcio \u00e0 Cetesb e solicita informa\u00e7\u00f5es sobre a qualidade da \u00e1gua do Rio Jaguari<\/p>\n<p>A vereadora Mariana Calsa (PSB) encaminhou um of\u00edcio nesta sexta-feira, 24 de abril, \u00e0 Companhia Ambiental do Estado de S\u00e3o Paulo (Cetesb) solicitando esclarecimentos urgentes sobre a qualidade d<\/p>\n","protected":false},"author":4,"featured_media":62776,"comment_status":"","ping_status":"open","sticky":false,"template":"","format":"standard","meta":{"_jetpack_newsletter_access":"","_jetpack_dont_email_post_to_subs":false,"_jetpack_newsletter_tier_id":0,"_jetpack_memberships_contains_paywalled_content":false,"_mbp_banners":[],"_jetpack_feature_clip_id":0,"_jetpack_memberships_contains_paid_content":false,"footnotes":"","jetpack_publicize_message":"","jetpack_publicize_feature_enabled":true,"jetpack_social_post_already_shared":true,"jetpack_social_options":{"image_generator_settings":{"template":"highway","default_image_id":0,"font":"","enabled":false},"version":2},"jetpack_post_was_ever_published":false},"categories":[19],"tags":[],"class_list":["post-62777","post","type-post","status-publish","format-standard","has-post-thumbnail","category-politica"],"jetpack_publicize_connections":[],"jetpack-related-posts":[],"jetpack_shortlink":"https:\/\/wp.me\/p7Eq1F-gkx","jetpack_sharing_enabled":true,"jetpack_featured_media_url":"https:\/\/i0.wp.com\/guialimeira.com.br\/news\/wp-content\/uploads\/2026\/04\/noticia-camara-125.jpg?fit=1280%2C640&ssl=1","_links":{"self":[{"href":"https:\/\/guialimeira.com.br\/news\/wp-json\/wp\/v2\/posts\/62777","targetHints":{"allow":["GET"]}}],"collection":[{"href":"https:\/\/guialimeira.com.br\/news\/wp-json\/wp\/v2\/posts"}],"about":[{"href":"https:\/\/guialimeira.com.br\/news\/wp-json\/wp\/v2\/types\/post"}],"author":[{"embeddable":true,"href":"https:\/\/guialimeira.com.br\/news\/wp-json\/wp\/v2\/users\/4"}],"replies":[{"embeddable":true,"href":"https:\/\/guialimeira.com.br\/news\/wp-json\/wp\/v2\/comments?post=62777"}],"version-history":[{"count":0,"href":"https:\/\/guialimeira.com.br\/news\/wp-json\/wp\/v2\/posts\/62777\/revisions"}],"wp:featuredmedia":[{"embeddable":true,"href":"https:\/\/guialimeira.com.br\/news\/wp-json\/wp\/v2\/media\/62776"}],"wp:attachment":[{"href":"https:\/\/guialimeira.com.br\/news\/wp-json\/wp\/v2\/media?parent=62777"}],"wp:term":[{"taxonomy":"category","embeddable":true,"href":"https:\/\/guialimeira.com.br\/news\/wp-json\/wp\/v2\/categories?post=62777"},{"taxonomy":"post_tag","embeddable":true,"href":"https:\/\/guialimeira.com.br\/news\/wp-json\/wp\/v2\/tags?post=62777"}],"curies":[{"name":"wp","href":"https:\/\/api.w.org\/{rel}","templated":true}]}}