{"id":62707,"date":"2026-04-24T11:55:55","date_gmt":"2026-04-24T14:55:55","guid":{"rendered":"https:\/\/guialimeira.com.br\/dr-marcelo-rossi-leva-conscientizacao-sobre-alzheimer-a-alicc\/"},"modified":"2026-04-24T11:55:55","modified_gmt":"2026-04-24T14:55:55","slug":"dr-marcelo-rossi-leva-conscientizacao-sobre-alzheimer-a-alicc","status":"publish","type":"post","link":"https:\/\/guialimeira.com.br\/news\/dr-marcelo-rossi-leva-conscientizacao-sobre-alzheimer-a-alicc\/","title":{"rendered":"Dr. Marcelo Rossi leva conscientiza\u00e7\u00e3o sobre Alzheimer \u00e0 Alicc"},"content":{"rendered":"<p>Dr. Marcelo Rossi leva conscientiza\u00e7\u00e3o sobre Alzheimer \u00e0 Alicc<\/p>\n<p>Autor da Lei do Alzheimer N\u00ba 5.833\/2017, o vereador Dr. Marcelo Rossi (MDB) realizou nesta sexta-feira, 24 de abril, uma palestra de conscientiza\u00e7\u00e3o na Associa\u00e7\u00e3o Limeirense de Cuidado e Carinho (Alicc) sobre a doen\u00e7a.<\/p>\n<p>Segundo o parlamentar, a iniciativa, a pedido da entidade, foi fundamental para esclarecer mitos e refor\u00e7ar os pilares da preven\u00e7\u00e3o &#8211; atividade f\u00edsica, alimenta\u00e7\u00e3o saud\u00e1vel, estimula\u00e7\u00e3o mental (leitura, aprendizado de novos idiomas, de m\u00fasica, jogos de estrat\u00e9gia, palavras cruzadas e xadrez, entre outros), controle de doen\u00e7as cr\u00f4nicas (hipertens\u00e3o e diabetes) e socializa\u00e7\u00e3o.<\/p>\n<p>\u201cMinha m\u00e3e foi volunt\u00e1ria aqui na Alicc, institui\u00e7\u00e3o pela qual nutro profundo respeito e admira\u00e7\u00e3o. E eu sempre uso esse exemplo nas palestras, pois o trabalho volunt\u00e1rio \u00e9 um meio de ajudar o pr\u00f3ximo e de se ajudar, por meio da socializa\u00e7\u00e3o e da ocupa\u00e7\u00e3o do corpo e da mente\u201d, enfatizou Dr. Marcelo.<\/p>\n<p>Ainda sobre a estimula\u00e7\u00e3o cognitiva, lembrou que n\u00e3o importa a escolaridade, mas sim o esfor\u00e7o para buscar novos aprendizados, inclusive em \u00e1reas sem afinidade ou prefer\u00eancia pessoal. \u201c\u00c9 justamente isso que exercita o c\u00e9rebro. N\u00e3o gosta de m\u00fasica? Entre no coral. Tente aprender a tocar um instrumento\u201d, exemplificou.<\/p>\n<p>Tamb\u00e9m incentivou a pr\u00e1tica de atividade f\u00edsica, mesmo com limita\u00e7\u00f5es. \u201cSe tem dor no joelho, fa\u00e7a hidrogin\u00e1stica. Busque orienta\u00e7\u00e3o profissional para direcionar a atividade f\u00edsica de acordo com as suas condi\u00e7\u00f5es e com seguran\u00e7a, mas n\u00e3o deixe de fazer\u201d. Dr. Marcelo ajudou o p\u00fablico a diferenciar sintomas da Doen\u00e7a de Alzheimer de esquecimentos rotineiros e at\u00e9 de falhas na mem\u00f3ria provocadas por outros fatores, como ansiedade, depress\u00e3o, ins\u00f4nia e desidrata\u00e7\u00e3o.<\/p>\n<p>\u201cIdoso muitas vezes esquece de beber \u00e1gua e a desidrata\u00e7\u00e3o acarreta v\u00e1rias consequ\u00eancias, entre elas a sensa\u00e7\u00e3o de tontura e falhas de mem\u00f3ria\u201d, explicou. Ao t\u00e9rmino, destacou a import\u00e2ncia de familiares observarem os sintomas e comportamentos, pois dificilmente o pr\u00f3prio idoso tem a percep\u00e7\u00e3o de sinais que merecem ser investigados, como repetitividade, esquecimentos de fatos e informa\u00e7\u00f5es recentes e dificuldade de execu\u00e7\u00e3o de tarefas di\u00e1rias.<\/p>\n<p>Do Gabinete Parlamentar \u2013 Vereador\u00a0 Dr. Marcelo Rossi (MDB)<\/p>\n<p>*Fotos do Gabinete parlamentar<\/p>\n<p>As mat\u00e9rias de origem dos Gabinetes Parlamentares s\u00e3o de inteira\u00a0 responsabilidade dos parlamentares e de suas assessorias. S\u00e3o devidamente assinadas e n\u00e3o refletem, necessariamente, a opini\u00e3o institucional da C\u00e2mara Municipal de Limeira.<\/p>\n<hr>\n<p><em>Fonte: <a href=\"https:\/\/www.limeira.sp.leg.br\/noticias\/view\/2026-04-24_dr-marcelo-rossi-leva-conscientizacao-sobre-alzheimer-a-alicc\" target=\"_blank\" rel=\"noopener\">C\u00e2mara Municipal de Limeira<\/a><\/em><\/p>\n","protected":false},"excerpt":{"rendered":"<p>Dr. Marcelo Rossi leva conscientiza\u00e7\u00e3o sobre Alzheimer \u00e0 Alicc<\/p>\n<p>Autor da Lei do Alzheimer N\u00ba 5.833\/2017, o vereador Dr. Marcelo Rossi (MDB) realizou nesta sexta-feira, 24 de abril, uma palestra de conscientiza\u00e7\u00e3o na Associa\u00e7\u00e3o Limeirense de Cuidado e Carinho (Alicc) sobre a doen\u00e7a.\u00a0\u00a0\u00a0<\/p>\n<p>Segundo o par<\/p>\n","protected":false},"author":4,"featured_media":62706,"comment_status":"","ping_status":"open","sticky":false,"template":"","format":"standard","meta":{"_jetpack_newsletter_access":"","_jetpack_dont_email_post_to_subs":false,"_jetpack_newsletter_tier_id":0,"_jetpack_memberships_contains_paywalled_content":false,"_mbp_banners":[],"_jetpack_feature_clip_id":0,"_jetpack_memberships_contains_paid_content":false,"footnotes":"","jetpack_publicize_message":"","jetpack_publicize_feature_enabled":true,"jetpack_social_post_already_shared":true,"jetpack_social_options":{"image_generator_settings":{"template":"highway","default_image_id":0,"font":"","enabled":false},"version":2},"jetpack_post_was_ever_published":false},"categories":[19],"tags":[],"class_list":["post-62707","post","type-post","status-publish","format-standard","has-post-thumbnail","category-politica"],"jetpack_publicize_connections":[],"jetpack-related-posts":[],"jetpack_shortlink":"https:\/\/wp.me\/p7Eq1F-gjp","jetpack_sharing_enabled":true,"jetpack_featured_media_url":"https:\/\/i0.wp.com\/guialimeira.com.br\/news\/wp-content\/uploads\/2026\/04\/noticia-camara-123.jpg?fit=1280%2C640&ssl=1","_links":{"self":[{"href":"https:\/\/guialimeira.com.br\/news\/wp-json\/wp\/v2\/posts\/62707","targetHints":{"allow":["GET"]}}],"collection":[{"href":"https:\/\/guialimeira.com.br\/news\/wp-json\/wp\/v2\/posts"}],"about":[{"href":"https:\/\/guialimeira.com.br\/news\/wp-json\/wp\/v2\/types\/post"}],"author":[{"embeddable":true,"href":"https:\/\/guialimeira.com.br\/news\/wp-json\/wp\/v2\/users\/4"}],"replies":[{"embeddable":true,"href":"https:\/\/guialimeira.com.br\/news\/wp-json\/wp\/v2\/comments?post=62707"}],"version-history":[{"count":0,"href":"https:\/\/guialimeira.com.br\/news\/wp-json\/wp\/v2\/posts\/62707\/revisions"}],"wp:featuredmedia":[{"embeddable":true,"href":"https:\/\/guialimeira.com.br\/news\/wp-json\/wp\/v2\/media\/62706"}],"wp:attachment":[{"href":"https:\/\/guialimeira.com.br\/news\/wp-json\/wp\/v2\/media?parent=62707"}],"wp:term":[{"taxonomy":"category","embeddable":true,"href":"https:\/\/guialimeira.com.br\/news\/wp-json\/wp\/v2\/categories?post=62707"},{"taxonomy":"post_tag","embeddable":true,"href":"https:\/\/guialimeira.com.br\/news\/wp-json\/wp\/v2\/tags?post=62707"}],"curies":[{"name":"wp","href":"https:\/\/api.w.org\/{rel}","templated":true}]}}