{"id":62687,"date":"2026-04-24T09:05:57","date_gmt":"2026-04-24T12:05:57","guid":{"rendered":"https:\/\/guialimeira.com.br\/ordem-do-dia-camara-pauta-quatro-projetos-para-proxima-sessao-ordinaria\/"},"modified":"2026-04-24T09:05:57","modified_gmt":"2026-04-24T12:05:57","slug":"ordem-do-dia-camara-pauta-quatro-projetos-para-proxima-sessao-ordinaria","status":"publish","type":"post","link":"https:\/\/guialimeira.com.br\/news\/ordem-do-dia-camara-pauta-quatro-projetos-para-proxima-sessao-ordinaria\/","title":{"rendered":"Ordem do Dia: C\u00e2mara pauta quatro projetos para pr\u00f3xima sess\u00e3o ordin\u00e1ria"},"content":{"rendered":"<p>Ordem do Dia: C\u00e2mara pauta quatro projetos para pr\u00f3xima sess\u00e3o ordin\u00e1ria<\/p>\n<p>Quatro projetos est\u00e3o pautados na Ordem do Dia da pr\u00f3xima sess\u00e3o ordin\u00e1ria, que acontece na segunda-feira, 27 de abril. Entre as proposituras, duas s\u00e3o de autoria da Prefeitura e as demais dos vereadores. Al\u00e9m disso, os parlamentares tamb\u00e9m discutem requerimentos durante o Expediente. Os trabalhos s\u00e3o transmitidos ao vivo pelos canais de comunica\u00e7\u00e3o do Legislativo no Youtube, Facebook e site, e pela r\u00e1dio Limeira FM 106,9, a partir das 17h.<\/p>\n<p>Os mun\u00edcipes podem conferir as sess\u00f5es de forma presencial. Temporariamente a C\u00e2mara est\u00e1 localizada na rua Clarino Peixoto, 280 &#8211; Jardim Maria Buchi Modeneis, devido \u00e0s obras de reforma e amplia\u00e7\u00e3o da sede. Para entrar no pr\u00e9dio basta se identificar na portaria e seguir at\u00e9 o \u00faltimo bloco.\u00a0 As orienta\u00e7\u00f5es para chegar ao novo endere\u00e7o est\u00e3o neste link.<\/p>\n<p>Confira os projetos que est\u00e3o pautados na Ordem do Dia:<\/p>\n<p>Projeto de Decreto Legislativo N\u00ba 49\/2025, do vereador Carlinhos do Grotta (PL), concede o Diploma de Gratid\u00e3o da Cidade de Limeira e a Medalha de M\u00e9rito C\u00edvico XV de setembro \u201cOrdem Tatuiby\u201d \u00e0 NF-Etiquetas, pelos relevantes servi\u00e7os prestados \u00e0 cidade de Limeira por meio de suas apresenta\u00e7\u00f5es culturais.<\/p>\n<p>Projeto de Lei N\u00ba 45\/2026, da Prefeitura, disp\u00f5e sobre o Programa de Seguran\u00e7a Cidad\u00e3 e institui os Polos de A\u00e7\u00f5es Integradas em Seguran\u00e7a &#8211; PAIS.<\/p>\n<p>Projeto de Lei Complementar N\u00ba 10\/2026, da Prefeitura, altera dispositivos da Lei Complementar N\u00ba 972\/2025, que disp\u00f5e sobre a Estrutura administrativa do Poder Executivo, cria os cargos em comiss\u00e3o e suas fun\u00e7\u00f5es gratificadas necess\u00e1rios e d\u00e1 nova organiza\u00e7\u00e3o.<\/p>\n<p>Projeto de Resolu\u00e7\u00e3o N\u00ba 10\/2026, da Mesa Diretora 2025\/2026, altera a reda\u00e7\u00e3o do caput e acrescenta o \u00a7 4\u00ba ao art. 5\u00ba e modifica a reda\u00e7\u00e3o do art. 11 da Resolu\u00e7\u00e3o N\u00ba 592\/2014, que disp\u00f5e sobre as viagens para o atendimento dos interesses da C\u00e2mara.<\/p>\n<hr>\n<p><em>Fonte: <a href=\"https:\/\/www.limeira.sp.leg.br\/noticias\/view\/2026-04-24_ordem-do-dia-camara-pauta-quatro-projetos-para-proxima-sessao-ordinaria\" target=\"_blank\" rel=\"noopener\">C\u00e2mara Municipal de Limeira<\/a><\/em><\/p>\n","protected":false},"excerpt":{"rendered":"<p>Ordem do Dia: C\u00e2mara pauta quatro projetos para pr\u00f3xima sess\u00e3o ordin\u00e1ria<\/p>\n<p>Quatro projetos est\u00e3o pautados na Ordem do Dia da pr\u00f3xima sess\u00e3o ordin\u00e1ria, que acontece na segunda-feira, 27 de abril. Entre as proposituras, duas s\u00e3o de autoria da Prefeitura e as demais dos vereadores. Al\u00e9m disso, os parlam<\/p>\n","protected":false},"author":4,"featured_media":62686,"comment_status":"","ping_status":"open","sticky":false,"template":"","format":"standard","meta":{"_jetpack_newsletter_access":"","_jetpack_dont_email_post_to_subs":false,"_jetpack_newsletter_tier_id":0,"_jetpack_memberships_contains_paywalled_content":false,"_mbp_banners":[],"_jetpack_feature_clip_id":0,"_jetpack_memberships_contains_paid_content":false,"footnotes":"","jetpack_publicize_message":"","jetpack_publicize_feature_enabled":true,"jetpack_social_post_already_shared":true,"jetpack_social_options":{"image_generator_settings":{"template":"highway","default_image_id":0,"font":"","enabled":false},"version":2},"jetpack_post_was_ever_published":false},"categories":[19],"tags":[],"class_list":["post-62687","post","type-post","status-publish","format-standard","has-post-thumbnail","category-politica"],"jetpack_publicize_connections":[],"jetpack-related-posts":[],"jetpack_shortlink":"https:\/\/wp.me\/p7Eq1F-gj5","jetpack_sharing_enabled":true,"jetpack_featured_media_url":"https:\/\/i0.wp.com\/guialimeira.com.br\/news\/wp-content\/uploads\/2026\/04\/noticia-camara-122.jpg?fit=1280%2C640&ssl=1","_links":{"self":[{"href":"https:\/\/guialimeira.com.br\/news\/wp-json\/wp\/v2\/posts\/62687","targetHints":{"allow":["GET"]}}],"collection":[{"href":"https:\/\/guialimeira.com.br\/news\/wp-json\/wp\/v2\/posts"}],"about":[{"href":"https:\/\/guialimeira.com.br\/news\/wp-json\/wp\/v2\/types\/post"}],"author":[{"embeddable":true,"href":"https:\/\/guialimeira.com.br\/news\/wp-json\/wp\/v2\/users\/4"}],"replies":[{"embeddable":true,"href":"https:\/\/guialimeira.com.br\/news\/wp-json\/wp\/v2\/comments?post=62687"}],"version-history":[{"count":0,"href":"https:\/\/guialimeira.com.br\/news\/wp-json\/wp\/v2\/posts\/62687\/revisions"}],"wp:featuredmedia":[{"embeddable":true,"href":"https:\/\/guialimeira.com.br\/news\/wp-json\/wp\/v2\/media\/62686"}],"wp:attachment":[{"href":"https:\/\/guialimeira.com.br\/news\/wp-json\/wp\/v2\/media?parent=62687"}],"wp:term":[{"taxonomy":"category","embeddable":true,"href":"https:\/\/guialimeira.com.br\/news\/wp-json\/wp\/v2\/categories?post=62687"},{"taxonomy":"post_tag","embeddable":true,"href":"https:\/\/guialimeira.com.br\/news\/wp-json\/wp\/v2\/tags?post=62687"}],"curies":[{"name":"wp","href":"https:\/\/api.w.org\/{rel}","templated":true}]}}